{"id":169708,"date":"2026-09-03T18:11:09","date_gmt":"2026-09-03T18:11:09","guid":{"rendered":"https:\/\/www.europesays.com\/sk\/169708\/"},"modified":"2026-09-03T18:11:09","modified_gmt":"2026-09-03T18:11:09","slug":"europa-hlada-sposob-ako-celit-coraz-intenzivnejsim-ruskym-hybridnym-utokom-2","status":"publish","type":"post","link":"https:\/\/www.europesays.com\/sk\/169708\/","title":{"rendered":"Eur\u00f3pa h\u013ead\u00e1 sp\u00f4sob, ako \u010deli\u0165 \u010doraz intenz\u00edvnej\u0161\u00edm rusk\u00fdm hybridn\u00fdm \u00fatokom"},"content":{"rendered":"<p>3.9.2026 (SITA.sk) &#8211; <\/p>\n<p>Eur\u00f3pski \u0161\u00e9fovia tajn\u00fdch slu\u017eieb sa ob\u00e1vaj\u00fa, \u017ee rusk\u00e1 vojna proti <a href=\"https:\/\/sita.sk\/lokalita\/europa-3\/ukrajina-europa-3\" rel=\"nofollow noopener\" target=\"_blank\">Ukrajine<\/a> sa \u010doraz viac pren\u00e1\u0161a aj na ich \u00fazemie. Spojenci <a href=\"https:\/\/spravy.pozri.sk\/vyhladavanie\/kyjev\" rel=\"nofollow noopener\" target=\"_blank\">Kyjeva<\/a> na Z\u00e1pade v\u0161ak maj\u00fa probl\u00e9m n\u00e1js\u0165 \u00fa\u010dinn\u00e9 opatrenia, ktor\u00fdmi by zastavili \u201ehybridn\u00e9\u201c \u00fatoky <a href=\"https:\/\/spravy.pozri.sk\/vyhladavanie\/moskva\" rel=\"nofollow noopener\" target=\"_blank\">Moskvy<\/a>.<\/p>\n<p>D\u00e1nska spravodajsk\u00e1 slu\u017eba vo \u0161tvrtok varovala, \u017ee Rusko sa \u201eakt\u00edvne\u201c pripravuje na sabot\u00e1\u017ene oper\u00e1cie proti tamoj\u0161iemu obrann\u00e9mu priemyslu.&#13;<\/p>\n<p> <br \/>\nTer\u010dom m\u00f4\u017eu by\u0165 v\u0161etci<\/p>\n<p>\u0160\u00e9fka franc\u00fazskej kontrarozviedky DGSI C\u00e9line Berthonov\u00e1 minul\u00fd t\u00fd\u017ede\u0148 na podnikate\u013eskom f\u00f3re uviedla, \u017ee n\u00e1lez dronu s v\u00fdbu\u0161ninami na letisku pri nemeckom <a href=\"https:\/\/spravy.pozri.sk\/vyhladavanie\/lipsko\" rel=\"nofollow noopener\" target=\"_blank\">Lipsku<\/a> v auguste m\u00f4\u017ee by\u0165 sign\u00e1lom, \u017ee ter\u010dom sa m\u00f4\u017eu sta\u0165 aj franc\u00fazske firmy.<\/p>\n<p>\u201eMus\u00edme sa prisp\u00f4sobi\u0165,\u201c povedala Berthonov\u00e1 po\u010das diskusie s n\u00e1zvom \u201eSme pripraven\u00ed \u010deli\u0165 vojne?\u201c.<\/p>\n<p>Berl\u00edn v utorok obvinil z incidentu Moskvu. Eur\u00f3pska \u00fania uviedla, \u017ee pr\u00edpad nesie v\u0161etky znaky \u201e\u0161t\u00e1tom podporovan\u00e9ho terorizmu\u201c. <a href=\"https:\/\/spravy.pozri.sk\/vyhladavanie\/clenske-staty\" rel=\"nofollow noopener\" target=\"_blank\">\u010clensk\u00e9 \u0161t\u00e1ty<\/a> si predvolali rusk\u00fdch diplomatov a diskutuj\u00fa o \u010fal\u0161\u00edch sankci\u00e1ch.&#13;<\/p>\n<p>Tradi\u010dn\u00e9 met\u00f3dy zlyh\u00e1vaj\u00fa<\/p>\n<p>Analytici v\u0161ak tvrdia, \u017ee tradi\u010dn\u00e9 opatrenia, ako odha\u013eovanie \u0161pi\u00f3nov \u010di diplomatick\u00e9 odvety, <a href=\"https:\/\/sita.sk\/lokalita\/azia-2\/rusko-azia-2\" rel=\"nofollow noopener\" target=\"_blank\">Rusko<\/a> zatia\u013e od jeho aktiv\u00edt neodradili.<\/p>\n<p>Pod\u013ea experta na rusk\u00e9 bezpe\u010dnostn\u00e9 slu\u017eby Andreja Soldatova je z\u00e1padn\u00fd \u201earzen\u00e1l\u201c opatren\u00ed zastaran\u00fd. \u201eMus\u00edme prija\u0165, \u017ee \u010del\u00edme dlhodobej hybridnej vojne,\u201c povedal pre <a href=\"https:\/\/spravy.pozri.sk\/vyhladavanie\/afp\" rel=\"nofollow noopener\" target=\"_blank\">AFP<\/a>.<\/p>\n<p>Od rozsiahlej ruskej inv\u00e1zie na Ukrajinu v roku 2022 eur\u00f3pski spojenci Kyjeva hl\u00e1sia s\u00e9riu hybridn\u00fdch \u00fatokov sp\u00e1jan\u00fdch s Ruskom.<\/p>\n<p>Patria medzi ne prelety <a href=\"https:\/\/spravy.pozri.sk\/vyhladavanie\/drony\" rel=\"nofollow noopener\" target=\"_blank\">dronov<\/a> v bl\u00edzkosti citliv\u00fdch objektov, nar\u00fa\u0161anie vzdu\u0161n\u00e9ho priestoru, kybernetick\u00e9 \u00fatoky \u010di podozrenia z pr\u00edpravy atent\u00e1tov. Rusko svoju \u00fa\u010das\u0165 odmieta.&#13;<\/p>\n<p>Aj sankcie m\u00f4\u017eu by\u0165 riskantn\u00e9<\/p>\n<p>Soldatov vyz\u00fdva na systematick\u00e9 zlep\u0161enie v\u00fdmeny spravodajsk\u00fdch inform\u00e1ci\u00ed medzi eur\u00f3pskymi slu\u017ebami a d\u00f4kladnej\u0161iu spravodajsk\u00fa pr\u00e1cu. Pod\u013ea neho si to vy\u017eiada zna\u010dn\u00e9 n\u00e1klady aj \u201ezmenu myslenia\u201c samotn\u00fdch <a href=\"https:\/\/spravy.pozri.sk\/vyhladavanie\/tajne-sluzby\" rel=\"nofollow noopener\" target=\"_blank\">tajn\u00fdch slu\u017eieb<\/a>.<\/p>\n<p>Analytici z\u00e1rove\u0148 upozor\u0148uj\u00fa, \u017ee \u010fal\u0161ie spr\u00eds\u0148ovanie sankci\u00ed a bezpe\u010dnostn\u00fdch opatren\u00ed m\u00f4\u017ee by\u0165 riskantn\u00e9.<\/p>\n<p>Alexander Gabujev z Carnegie Russia Eurasia Center varoval, \u017ee pravidl\u00e1 pre eskal\u00e1ciu hybridnej vojny nie s\u00fa jasne definovan\u00e9, \u010do zvy\u0161uje riziko udalost\u00ed s ve\u013ek\u00fdm po\u010dtom obet\u00ed.<\/p>\n<p>\u201eZatia\u013e je v\u0161ak pravdepodobn\u00e9, \u017ee v\u00e4\u010d\u0161ina kraj\u00edn sa obmedz\u00ed na sankcie a podporu Ukrajiny,\u201c uviedol. <\/p>\n<p>        Viac k t\u00e9me:  <a href=\"https:\/\/spravy.pozri.sk\/vyhladavanie\/hybridne-hrozby\" style=\"text-decoration: underline\" rel=\"nofollow noopener\" target=\"_blank\">Hybridn\u00e9 hrozby<\/a>, <a href=\"https:\/\/spravy.pozri.sk\/vyhladavanie\/ruske-sabotaze\" style=\"text-decoration: underline\" rel=\"nofollow noopener\" target=\"_blank\">rusk\u00e9 sabot\u00e1\u017ee<\/a>, <a href=\"https:\/\/spravy.pozri.sk\/vyhladavanie\/ruske-tajne-sluzby\" style=\"text-decoration: underline\" rel=\"nofollow noopener\" target=\"_blank\">rusk\u00e9 tajn\u00e9 slu\u017eby<\/a>, <a href=\"https:\/\/spravy.pozri.sk\/vyhladavanie\/ruske-utoky\" style=\"text-decoration: underline\" rel=\"nofollow noopener\" target=\"_blank\">rusk\u00e9 \u00fatoky<\/a>, <a href=\"https:\/\/spravy.pozri.sk\/vyhladavanie\/rusko-ukrajinsky-konflikt\" style=\"text-decoration: underline\" rel=\"nofollow noopener\" target=\"_blank\">Rusko-ukrajinsk\u00fd konflikt<\/a><br \/>Zdroj: SITA.sk &#8211; <a href=\"https:\/\/sita.sk\/europa-hlada-sposob-ako-celit-coraz-intenzivnejsim-ruskym-hybridnym-utokom\" style=\"text-decoration: underline\" id=\"scid-950100\" rel=\"nofollow noopener\" target=\"_blank\">Eur\u00f3pa h\u013ead\u00e1 sp\u00f4sob, ako \u010deli\u0165 \u010doraz intenz\u00edvnej\u0161\u00edm rusk\u00fdm hybridn\u00fdm \u00fatokom<\/a> \u00a9 SITA V\u0161etky pr\u00e1va vyhraden\u00e9.        <\/p>\n<p> Zdroj <a href=\"https:\/\/sita.sk\/europa-hlada-sposob-ako-celit-coraz-intenzivnejsim-ruskym-hybridnym-utokom\" rel=\"nofollow noopener\" target=\"_blank\">SITA.sk&lt;&#8220; style=&#8220;color:#747474&#8243;&gt;WebNoviny.sk<\/a> \u00a9 SITA V\u0161etky pr\u00e1va vyhraden\u00e9 <\/p>\n<p>Platy na Slovensku sa zastavili v raste, re\u00e1lne z\u00e1robky po dvoch rokoch klesli<img decoding=\"async\" width=\"100%\" src=\"https:\/\/www.europesays.com\/sk\/wp-content\/uploads\/2026\/09\/1788459069_287_3487368.jpg\" alt=\"platy na slovensku sa zastavili v raste realne zarobky po dvoch rokoch klesli\"\/><\/p>\n<p>Rast nomin\u00e1lnej mzdy sa v druhom \u0161tvr\u0165roku 2026 spomalil. Hrub\u00e9 mesa\u010dn\u00e9 z\u00e1robky boli s\u00edce medziro\u010dne v priemere o 3,2 % vy\u0161\u0161ie, to v\u0161ak nesta\u010dilo na pokrytie infl\u00e1cie a re\u00e1lna mzda preto po dva a pol roku nepretr\u017eit\u00e9ho zvy\u0161ovania klesla. Informoval o tom \u0160tatistick\u00fd \u00farad (\u0160\u00da) SR. Pod\u013ea analytikov bude pomal\u0161\u00ed rast miezd pokra\u010dova\u0165 aj na\u010falej.&#13;<\/p>\n<p>Priemern\u00e1 nomin\u00e1lna mesa\u010dn\u00e1 mzda zamestnanca v slovenskom hospod\u00e1rstve dosiahla v druhom \u0161tvr\u0165roku 2026 \u00farove\u0148 1 707 eur, medziro\u010dne vzr\u00e1stla o 3,2 %. V hrubom si tak zamestnanci polep\u0161ili v priemere o 53 eur. &#13;<\/p>\n<p>Tempo nomin\u00e1lneho rastu miezd v\u0161ak v\u00fdrazne spomalilo a dosiahlo najni\u017e\u0161iu \u00farove\u0148 za posledn\u00fdch \u0161es\u0165 rokov.&#13;<\/p>\n<p>Mzdy po zoh\u013eadnen\u00ed infl\u00e1cie<\/p>\n<p>Po zoh\u013eadnen\u00ed miery infl\u00e1cie sa mzdy re\u00e1lne zn\u00ed\u017eili o 0,5 %. Ich medziro\u010dn\u00fd rast sa tak po dva a pol roku preru\u0161il. Naposledy klesla re\u00e1lna mzda v tre\u0165om \u0161tvr\u0165roku 2023. Sez\u00f3nne o\u010disten\u00e1 priemern\u00e1 mzda medzikvart\u00e1lne vzr\u00e1stla o 0,6 %.&#13;<\/p>\n<p>Priemern\u00e1 nomin\u00e1lna mzda vzr\u00e1stla v 16 z 19 sledovan\u00fdch odvetv\u00ed. Tempo rastu hrub\u00fdch z\u00e1robkov sa pohybovalo od 1,8 % v administrat\u00edvnych slu\u017eb\u00e1ch po 9,8 % v oblasti nehnute\u013enost\u00ed. V troch odvetviach hrub\u00e9 mzdy klesli. Najv\u00fdraznej\u0161ie to bolo vo verejnej spr\u00e1ve, a to o 4,8 %. Mierny pokles zaznamenali aj zamestnanci v oblasti vzdel\u00e1vania, a to o 0,2 % a v dod\u00e1vke vody o 0,1 %.&#13;<\/p>\n<p>Rozdiely v odvetviach<\/p>\n<p>Po zoh\u013eadnen\u00ed infl\u00e1cie si re\u00e1lny rast miezd udr\u017ealo 12 z 19 odvetv\u00ed. Najv\u00fdraznej\u0161ie sa zv\u00fd\u0161ila k\u00fapna sila z\u00e1robkov v \u010dinnostiach v oblasti nehnute\u013enost\u00ed, a to o 5,9 %. V ostatn\u00fdch odvetviach sa re\u00e1lny rast miezd pohyboval od 0,3 % v obchode po 4,6 % v \u0165a\u017ebe a dob\u00fdvan\u00ed. V siedmych odvetviach re\u00e1lne z\u00e1robky medziro\u010dne klesli. Najv\u00fdraznej\u0161ie to bolo vo verenej spr\u00e1ve, kde sa platy medziro\u010dne zn\u00ed\u017eili o 8,2 %. Najmen\u0161\u00ed pokles re\u00e1lnej mzdy evidovali zamestnanci v umen\u00ed, z\u00e1bave a rekre\u00e1cii (0,1 %).&#13;<\/p>\n<p>V priemysle a obchode si mzdy udr\u017eali nomin\u00e1lny aj re\u00e1lny rast. V priemysle dosiahla priemern\u00e1 hrub\u00e1 mesa\u010dn\u00e1 mzda 1 878 eur. Medziro\u010dne sa zv\u00fd\u0161ila o 4,9 % a jej re\u00e1lna hodnota o 1,2 %. V obchode vzr\u00e1stla priemern\u00e1 nomin\u00e1lna mzda o 4 % na 1 596 eur, po zoh\u013eadnen\u00ed infl\u00e1cie bola vy\u0161\u0161ia o 0,3 %.&#13;<\/p>\n<p>Najvy\u0161\u0161iu priemern\u00fa mesa\u010dn\u00fa mzdu nad 2 900 eur mali po\u010das druh\u00e9ho \u0161tvr\u0165roka 2026 zamestnanci vo finan\u010dn\u00fdch a pois\u0165ovac\u00edch slu\u017eb\u00e1ch, ale aj v dod\u00e1vke elektriny a plynu. Najni\u017e\u0161ie z\u00e1robky si na\u010falej zachovali zamestnanci v ubytovac\u00edch a stravovac\u00edch slu\u017eb\u00e1ch, kde priemern\u00e1 mzda dosiahla 974 eur, ako jedin\u00e9 odvetvie ostalo pod hranicou tis\u00edc eur.&#13;<\/p>\n<p>Priemern\u00e9 mzdy v krajoch<\/p>\n<p>Nadpriemern\u00fa mzdu si na\u010falej udr\u017eal len Bratislavsk\u00fd kraj, kde platy presiahli 2 000 eur. V ostatn\u00fdch krajoch sa priemern\u00e9 mzdy pohybovali od 1 359 eur v Pre\u0161ovskom kraji po 1 643 eur v Ko\u0161ickom kraji. Nomin\u00e1lna mzda medziro\u010dne vzr\u00e1stla vo v\u0161etk\u00fdch \u00f4smich regi\u00f3noch, jej re\u00e1lna hodnota v\u0161ak iba v troch. Najvy\u0161\u0161\u00ed nomin\u00e1lny aj re\u00e1lny rast zaznamenal Pre\u0161ovsk\u00fd kraj, v ktorom je v\u0161ak dlhodobo najni\u017e\u0161ia priemern\u00e1 mzda spomedzi v\u0161etk\u00fdch regi\u00f3nov. Hrub\u00e9 mzdy sa zv\u00fd\u0161ili o 4,6 %, re\u00e1lne st\u00fapli o 0,9 %. Po zoh\u013eadnen\u00ed infl\u00e1cie vzr\u00e1stla priemern\u00e1 mzda aj v \u017dilinskom kraji o 0,8 % a Nitrianskom kraji o 0,3 %. V Tren\u010dianskom kraji zostala re\u00e1lna mzda medziro\u010dne bez zmeny. V ostatn\u00fdch \u0161tyroch regi\u00f3noch klesla, najv\u00fdraznej\u0161ie v Ko\u0161ickom kraji o 2,7 %.&#13;<\/p>\n<p>Za prv\u00fd polrok 2026 dosiahla priemern\u00e1 nomin\u00e1lna mesa\u010dn\u00e1 mzda v hospod\u00e1rstve SR 1 659 eur a medziro\u010dne vzr\u00e1stla o 4,6 %. Napriek poklesu v samotnom druhom \u0161tvr\u0165roku si za prv\u00fdch \u0161es\u0165 mesiacov roka re\u00e1lna mzda e\u0161te udr\u017eala medziro\u010dn\u00fd rast o 0,9 %.&#13;<\/p>\n<p>Tlak na ceny slu\u017eieb<\/p>\n<p>Spomalenie rastu priemernej mzdy prekvapil aj analytikov. Jej medziro\u010dn\u00fd rast v druhom \u0161tvr\u0165roku o 3,2 % bol pod\u013ea analytika Slovenskej sporite\u013ene Mari\u00e1na Ko\u010di\u0161a pod \u00farov\u0148ou ich odhadov.&#13;<\/p>\n<p>\u201eDynamiku rastu nomin\u00e1lnych miezd v druhom kvart\u00e1li tlmil aj vysok\u00fd porovn\u00e1vac\u00ed z\u00e1klad. V rovnakom obdob\u00ed minul\u00e9ho roka vzr\u00e1stli mzdy a\u017e o 8,8 %, pri\u010dom k tomuto v\u00fdsledku v\u00fdrazne prispeli jednorazov\u00e9 odmeny vo verejnom sektore. S t\u00fdmto b\u00e1zick\u00fdm efektom je konzistentn\u00fd aj v\u00fdvoj v jednotliv\u00fdch odvetviach, ke\u010f mzdy vo verejnej spr\u00e1ve medziro\u010dne klesli o 4,8 % a vo vzdel\u00e1van\u00ed o 0,2 %, zatia\u013e \u010do napr\u00edklad v priemysle st\u00e1le r\u00e1stli o 4,9 %. Z poh\u013eadu poklesu re\u00e1lnych miezd je z\u00e1rove\u0148 d\u00f4le\u017eit\u00e9 doda\u0165, \u017ee k infl\u00e1cii v tomto roku v\u00fdrazne prispieva rast cien energi\u00ed, najm\u00e4 tepla. Jeho dosah na rozpo\u010dty podstatnej \u010dasti dom\u00e1cnost\u00ed v\u0161ak zmier\u0148uj\u00fa energo\u0161eky. Tie nemenia samotn\u00fd \u0161tatistick\u00fd \u00fadaj o re\u00e1lnej mzde, ale zlep\u0161uj\u00fa disponibiln\u00fd pr\u00edjem a k\u00fapnu silu dom\u00e1cnost\u00ed. Pod\u013ea na\u0161ich odhadov by po zoh\u013eadnen\u00ed tejto pomoci bol v\u00fdvoj k\u00fapnej sily v druhom kvart\u00e1li pribli\u017ene stagnuj\u00faci,\u201c zhodnotil analytik.&#13;<\/p>\n<p>Dodal, \u017ee rast miezd ost\u00e1va jedn\u00fdm z faktorov, ktor\u00e9 udr\u017eiavaj\u00fa tlak najm\u00e4 na ceny slu\u017eieb, hoci aj ten sa s postupn\u00fdm spoma\u013eovan\u00edm mzdovej dynamiky zmier\u0148uje. \u201eO\u010dak\u00e1vame, \u017ee v nasleduj\u00facich \u0161tvr\u0165rokoch bude dynamika rastu miezd v porovnan\u00ed s druh\u00fdm kvart\u00e1lom mierne vy\u0161\u0161ia a za cel\u00fd rok dosiahne rast nomin\u00e1lnych miezd v priemere \u00farove\u0148 bl\u00edzko 5 %. Rast re\u00e1lnych miezd by sa mal v tomto roku pohybova\u0165 okolo 1,3 %. Ak zoh\u013eadn\u00edme aj energopomoc v podobe energo\u0161ekov, ktor\u00e9 zmier\u0148uj\u00fa n\u00e1rast n\u00e1kladov na teplo, rast k\u00fapnej sily dom\u00e1cnost\u00ed by mohol by\u0165 pod\u013ea na\u0161ich odhadov pribli\u017ene o pol percentu\u00e1lneho bodu vy\u0161\u0161\u00ed. Kone\u010dn\u00fd v\u00fdvoj bude, samozrejme, z\u00e1visie\u0165 najm\u00e4 od infl\u00e1cie, ktor\u00fa aktu\u00e1lne o\u010dak\u00e1vame v priemere na \u00farovni okolo 3,7 %,\u201c dodal Ko\u010di\u0161.&#13;<\/p>\n<p>Nap\u00e4t\u00fd trh pr\u00e1ce<\/p>\n<p>Podobn\u00fd v\u00fdh\u013ead m\u00e1 aj analytik UniCredit Bank \u013dubom\u00edr Kor\u0161\u0148\u00e1k, ktor\u00fd rovnako odhaduje spomalenie rastu nomin\u00e1lnych miezd smerom k 5 %. Na dynamike rastu miezd sa pod\u013ea analytika bude odr\u00e1\u017ea\u0165 pokra\u010duj\u00faca fi\u0161k\u00e1lna konsolid\u00e1cia a zmrazenie miezd vo verejnej spr\u00e1ve.&#13;<\/p>\n<p>\u201eRast miezd v komer\u010dnej \u010dasti ekonomiky bude i na\u010falej podporovan\u00fd relat\u00edvne nap\u00e4t\u00fdm trhom pr\u00e1ce, a to i napriek jeho aktu\u00e1lnemu i o\u010dak\u00e1van\u00e9mu \u010diasto\u010dn\u00e9mu ochladeniu (n\u00e1rast nezamestnanosti, resp. predpokladan\u00fd \u00fabytok vo\u013en\u00fdch pracovn\u00fdch miezd). K rastu miezd prispeje i minuloro\u010dn\u00e9 zr\u00fdchlenie infl\u00e1cie (sp\u00e4tn\u00e1 index\u00e1cia miezd), \u010di prudk\u00fd rast minim\u00e1lnej mzdy (o 12,1%). Na druhej strane, priestor pre \u010fal\u0161ie zr\u00fdch\u013eovanie miezd v s\u00fakromnom sektore m\u00f4\u017ee by\u0165 postupne uzatv\u00e1ran\u00fd spoma\u013euj\u00facim sa rastom ziskovosti podnikov, i v d\u00f4sledku negat\u00edvnych dopadov fi\u0161k\u00e1lnej konsolid\u00e1cie (a vy\u0161\u0161ieho da\u0148ov\u00e9ho za\u0165a\u017eenia s\u00fakromn\u00e9ho sektora). To m\u00f4\u017ee spomali\u0165 aj prenos vy\u0161\u0161ej infl\u00e1cie do miezd,\u201c zhodnotil Kor\u0161\u0148\u00e1k.   &#13;<\/p>\n","protected":false},"excerpt":{"rendered":"3.9.2026 (SITA.sk) &#8211; Eur\u00f3pski \u0161\u00e9fovia tajn\u00fdch slu\u017eieb sa ob\u00e1vaj\u00fa, \u017ee rusk\u00e1 vojna proti Ukrajine sa \u010doraz viac pren\u00e1\u0161a&hellip;\n","protected":false},"author":2,"featured_media":169709,"comment_status":"","ping_status":"","sticky":false,"template":"","format":"standard","meta":{"footnotes":"","_share_on_mastodon":"0"},"categories":[3],"tags":[1163,1169,66,57,56,48126,55,635,1165,142,43,40,42,1167,343,36,1164,1166,1168],"class_list":["post-169708","post","type-post","status-publish","format-standard","has-post-thumbnail","category-europa","tag-aktualne-spravy","tag-auto-moto","tag-ekonomika","tag-eu","tag-europa","tag-europa-hlada-sposob","tag-europe","tag-financie","tag-najnovsie-spravy","tag-politika","tag-sk","tag-slovak","tag-slovencina","tag-soubiznis","tag-spravodajstvo","tag-spravy","tag-spravy-dnes","tag-spravy-zo-sveta","tag-technika"],"share_on_mastodon":{"url":"https:\/\/pubeurope.com\/@sk\/117208461248738183","error":""},"_links":{"self":[{"href":"https:\/\/www.europesays.com\/sk\/wp-json\/wp\/v2\/posts\/169708","targetHints":{"allow":["GET"]}}],"collection":[{"href":"https:\/\/www.europesays.com\/sk\/wp-json\/wp\/v2\/posts"}],"about":[{"href":"https:\/\/www.europesays.com\/sk\/wp-json\/wp\/v2\/types\/post"}],"author":[{"embeddable":true,"href":"https:\/\/www.europesays.com\/sk\/wp-json\/wp\/v2\/users\/2"}],"replies":[{"embeddable":true,"href":"https:\/\/www.europesays.com\/sk\/wp-json\/wp\/v2\/comments?post=169708"}],"version-history":[{"count":0,"href":"https:\/\/www.europesays.com\/sk\/wp-json\/wp\/v2\/posts\/169708\/revisions"}],"wp:featuredmedia":[{"embeddable":true,"href":"https:\/\/www.europesays.com\/sk\/wp-json\/wp\/v2\/media\/169709"}],"wp:attachment":[{"href":"https:\/\/www.europesays.com\/sk\/wp-json\/wp\/v2\/media?parent=169708"}],"wp:term":[{"taxonomy":"category","embeddable":true,"href":"https:\/\/www.europesays.com\/sk\/wp-json\/wp\/v2\/categories?post=169708"},{"taxonomy":"post_tag","embeddable":true,"href":"https:\/\/www.europesays.com\/sk\/wp-json\/wp\/v2\/tags?post=169708"}],"curies":[{"name":"wp","href":"https:\/\/api.w.org\/{rel}","templated":true}]}}