{"id":169710,"date":"2026-09-03T18:12:13","date_gmt":"2026-09-03T18:12:13","guid":{"rendered":"https:\/\/www.europesays.com\/sk\/169710\/"},"modified":"2026-09-03T18:12:13","modified_gmt":"2026-09-03T18:12:13","slug":"more-za-polovicu-letnej-ceny-zajazdy-v-septembri-zlacneli","status":"publish","type":"post","link":"https:\/\/www.europesays.com\/sk\/169710\/","title":{"rendered":"More za polovicu letnej ceny: Z\u00e1jazdy v septembri zlacneli"},"content":{"rendered":"<p class=\"post-article__lede\"> Cena leteck\u00e9ho paliva pritom ost\u00e1va na\u010falej vysok\u00e1.<\/p>\n<p>   3. 9. 2026 19:26:26        Odlo\u017e na nesk\u00f4r  <\/p>\n<p class=\"article-paragraph--first\">Slov\u00e1ci zaplatia za dovolenku pri mori po\u010das jesene o stovky eur menej ako v lete. Cestovn\u00e9 kancel\u00e1rie hovoria o z\u013eav\u00e1ch do 40 percent. Cena leteck\u00e9ho paliva pritom ost\u00e1va na\u010falej vysok\u00e1. Vo v\u00e4\u010d\u0161ine pr\u00edpadov je v\u0161ak u\u017e zahrnut\u00e1 v kone\u010dnej cene z\u00e1jazdu.<\/p>\n<p>Dovolenky pri mori od septembra zlacneli. \u201ePo\u010das jesene sa cestuje napr\u00edklad do Turecka, kde ste v porovnan\u00ed\u00a0s letom\u00a0mohli \u00eds\u0165 za 1 200\u00a0eur\u00a0do p\u00e4\u0165hviezdi\u010dkov\u00e9ho rezortu s\u00a0all inclusive\u00a0a po\u010das jesene sa m\u00f4\u017eete dosta\u0165 do t\u00fdchto rezortov od pribli\u017ene 600 do 700 eur,\u201c informovala hovorky\u0148a cestovnej kancel\u00e1rie (CK) Kartago Alica \u0160ipo\u0161ov\u00e1.<\/p>\n<p>M\u00f4\u017ee v\u00e1s zauj\u00edma\u0165<a class=\"wp-block-k-veci-content-related-post__link fancy\" href=\"https:\/\/spravy.stvr.sk\/2026\/09\/chorvatsky-turizmus-prekvapil-jadran-hlasi-dvojciferny-rast-navstevnosti-dovolenkari-vsak-setria\/\" rel=\"nofollow noopener\" target=\"_blank\">Chorv\u00e1tsky turizmus prekvapil. Jadran hl\u00e1si dvojcifern\u00fd rast n\u00e1v\u0161tevnosti, dovolenk\u00e1ri v\u0161ak \u0161etria<\/a><\/p>\n<p>Rodi\u010dia p\u00e1na Martina vyu\u017e\u00edvaj\u00fa jesenn\u00e9 z\u013eavy ka\u017ed\u00fd rok. \u201eChodievaj\u00fa na dovolenky hlavne teraz, odleteli v utorok do Turecka. September je na to ide\u00e1lny, preto\u017ee ke\u010f\u017ee maj\u00fa u\u017e odrasten\u00e9 deti, tak sa nemusia viaza\u0165 na pr\u00e1zdniny a po sez\u00f3ne to je ur\u010dite lacnej\u0161ie,\u201c povedal p\u00e1n Martin.<\/p>\n<p>Najob\u013e\u00fabenej\u0161ou destin\u00e1ciou Slov\u00e1kov bolo po\u010das leta Turecko. Od septembra najrad\u0161ej cestuj\u00fa na gr\u00e9cke ostrovy.<\/p>\n<p>Gr\u00e9cko je o stovky eur lacnej\u0161ie<\/p>\n<p>Za dovolenku v Gr\u00e9cku m\u00f4\u017eu \u013eudia zaplati\u0165 o 900 eur menej ako v lete. \u201eZakynthos, Korfu, Thasos, Lefkada alebo\u00a0Rodos.\u00a0Ve\u013emi ob\u013e\u00faben\u00e9 je st\u00e1le Turecko, kam sa d\u00e1 letie\u0165 e\u0161te aj po\u010das okt\u00f3bra. Mimoriadne ob\u013e\u00faben\u00fd je aj Egypt, kam sa lieta celoro\u010dne,\u201c uviedla \u0160ipo\u0161ov\u00e1.<\/p>\n<p>Cen\u00e1m dovoleniek v septembri sa v <a href=\"https:\/\/www.stvr.sk\/televizia\/archiv\/21274\" target=\"_blank\" rel=\"noreferrer noopener nofollow\">Spr\u00e1vach<\/a> venovala redaktorka Annam\u00e1ria \u010eurkov\u00e1:<\/p>\n<p>Zdroj: STVR<\/p>\n<p>\u201e\u013dudia vyh\u013ead\u00e1vaj\u00fa september kv\u00f4li o nie\u010do ni\u017e\u0161\u00edm cen\u00e1m a takisto kv\u00f4li vynikaj\u00facemu po\u010dasiu, ni\u017e\u0161ej obsadenosti\u00a0hotela, je tam menej det\u00ed, \u010di\u017ee t\u00e1 dovolenka je pokojnej\u0161ia a ide\u00e1lna teplota vzduchu a mora,\u201c pribl\u00ed\u017eil obchodn\u00fd riadite\u013e CK Hydrotour Tom\u00e1\u0161 Lazarov.<\/p>\n<p>Jednou z najlacnej\u0161\u00edch dovolenkov\u00fdch destin\u00e1ci\u00ed je Alb\u00e1nsko. \u201eNapriek tomu, \u017ee Alb\u00e1nsko nie je \u010dlenom Eur\u00f3pskej \u00fanie,\u00a0m\u00f4\u017eeme cestova\u0165 na ob\u010diansky preukaz a budete ve\u013emi prekvapen\u00ed z toho, \u017ee ke\u010f sa doteraz \u013eudia nadch\u00fd\u0148ali Chorv\u00e1tskom alebo \u010ciernou\u00a0Horou, tak Alb\u00e1nsko je minim\u00e1lne rovnak\u00fd s\u00faper,\u201c op\u00edsal cestovate\u013e Martin Navr\u00e1til.<\/p>\n<p> Sledujte spravodajstvo<\/p>\n<p class=\"!tw-my-0\">STVR na Facebooku<\/p>\n<p> <a href=\"https:\/\/www.facebook.com\/spravy.stvr\/\" target=\"_blank\" class=\"tw-flex tw-ml-auto xs:tw-ml-0 tw-h-auto !tw-no-underline tw-w-auto tw-items-center tw-gap-3 tw-px-4 tw-py-3 follow-button&#010; tw-rounded-[36px]\" style=\"background: linear-gradient(93.02deg, #18C0F7 -8.07%, #2B80EA 18.06%, #0C4FF4 70.48%, #5B3ECE 114.03%);color: #F4F4F4;\" rel=\"nofollow noopener\">            Sledova\u0165 <\/a><\/p>\n<p>Cena leteck\u00e9ho paliva je st\u00e1le vysok\u00e1. Cestovn\u00e9 kancel\u00e1rie si preto m\u00f4\u017eu na\u010falej \u00fa\u010dtova\u0165 pr\u00edplatok za leteck\u00fd benz\u00edn.<\/p>\n<p>\u201eNiektor\u00e9\u00a0ho\u00a0zah\u0155\u0148aj\u00fa priamo do ceny, to znamen\u00e1, \u017ee odpor\u00fa\u010dame klientom\u00a0vypo\u010d\u00edta\u0165\u00a0si\u00a0cel\u00fa cenu z\u00e1jazdu a pod\u013ea toho sa potom rozhodn\u00fa\u0165,\u201c poradila prezidentka Slovenskej asoci\u00e1cie cestovn\u00fdch\u00a0kancel\u00e1ri\u00ed\u00a0a cestovn\u00fdch agent\u00far \u013dudmila Masarikov\u00e1.<\/p>\n","protected":false},"excerpt":{"rendered":"Cena leteck\u00e9ho paliva pritom ost\u00e1va na\u010falej vysok\u00e1. 3. 9. 2026 19:26:26 Odlo\u017e na nesk\u00f4r Slov\u00e1ci zaplatia za dovolenku&hellip;\n","protected":false},"author":2,"featured_media":169711,"comment_status":"","ping_status":"","sticky":false,"template":"","format":"standard","meta":{"footnotes":"","_share_on_mastodon":"0"},"categories":[8],"tags":[855,635,33,43,40,42,36,50,1012,49,48],"class_list":["post-169710","post","type-post","status-publish","format-standard","has-post-thumbnail","category-svet","tag-cestovanie","tag-financie","tag-news","tag-sk","tag-slovak","tag-slovencina","tag-spravy","tag-svet","tag-video","tag-world","tag-world-news"],"share_on_mastodon":{"url":"https:\/\/pubeurope.com\/@sk\/117208465090424154","error":""},"_links":{"self":[{"href":"https:\/\/www.europesays.com\/sk\/wp-json\/wp\/v2\/posts\/169710","targetHints":{"allow":["GET"]}}],"collection":[{"href":"https:\/\/www.europesays.com\/sk\/wp-json\/wp\/v2\/posts"}],"about":[{"href":"https:\/\/www.europesays.com\/sk\/wp-json\/wp\/v2\/types\/post"}],"author":[{"embeddable":true,"href":"https:\/\/www.europesays.com\/sk\/wp-json\/wp\/v2\/users\/2"}],"replies":[{"embeddable":true,"href":"https:\/\/www.europesays.com\/sk\/wp-json\/wp\/v2\/comments?post=169710"}],"version-history":[{"count":0,"href":"https:\/\/www.europesays.com\/sk\/wp-json\/wp\/v2\/posts\/169710\/revisions"}],"wp:featuredmedia":[{"embeddable":true,"href":"https:\/\/www.europesays.com\/sk\/wp-json\/wp\/v2\/media\/169711"}],"wp:attachment":[{"href":"https:\/\/www.europesays.com\/sk\/wp-json\/wp\/v2\/media?parent=169710"}],"wp:term":[{"taxonomy":"category","embeddable":true,"href":"https:\/\/www.europesays.com\/sk\/wp-json\/wp\/v2\/categories?post=169710"},{"taxonomy":"post_tag","embeddable":true,"href":"https:\/\/www.europesays.com\/sk\/wp-json\/wp\/v2\/tags?post=169710"}],"curies":[{"name":"wp","href":"https:\/\/api.w.org\/{rel}","templated":true}]}}