{"id":169712,"date":"2026-09-03T18:13:11","date_gmt":"2026-09-03T18:13:11","guid":{"rendered":"https:\/\/www.europesays.com\/sk\/169712\/"},"modified":"2026-09-03T18:13:11","modified_gmt":"2026-09-03T18:13:11","slug":"prezident-vo-stvrtok-prijal-potomka-rodu-grasalkovicovcov","status":"publish","type":"post","link":"https:\/\/www.europesays.com\/sk\/169712\/","title":{"rendered":"Prezident vo \u0161tvrtok prijal potomka rodu Grasalkovi\u010dovcov"},"content":{"rendered":"<p>Peter Pellegrini prijal v Prezidentskom pal\u00e1ci v Bratislave Jozefa B. Grasalkovi\u010da\t\t\t\t\t\t(Zdroj: Facebook\/Peter Pellegrini)\t\t\t\t\t<\/p>\n<p>BRATISLAVA &#8211; Prezident SR Peter Pellegrini prijal vo \u0161tvrtok v Prezidentskom pal\u00e1ci v Bratislave Jozefa B. Grasalkovi\u010da. Ide o potomka rodu, ktor\u00e9ho meno je s pal\u00e1com sp\u00e4t\u00e9 u\u017e od 18. storo\u010dia. Hlava \u0161t\u00e1tu o tom informovala na soci\u00e1lnej sieti.<\/p>\n<p>\u201eV\u017edy je pre m\u0148a ve\u013ekou c\u0165ou stretn\u00fa\u0165 sa s osobnos\u0165ami, ktor\u00e9 s\u00fa v\u00fdznamne sp\u00e4t\u00e9 s na\u0161ou hist\u00f3riou. O to viac, ke\u010f ide o osobn\u00e9 pr\u00edbehy a spomienky, ktor\u00e9 sa v rodin\u00e1ch odovzd\u00e1vaj\u00fa z gener\u00e1cie na gener\u00e1ciu,\u201c skon\u0161tatoval Pellegrini.<\/p>\n<p>Jozef B. Grasalkovi\u010d sa narodil a \u017eije vo \u0160vaj\u010diarsku, no st\u00e1le sa hl\u00e1si k Slovensku a svojim kore\u0148om. \u201eAj tak\u00e9to stretnutia n\u00e1m pripom\u00ednaj\u00fa, \u017ee vz\u0165ah k vlastnej krajine a hist\u00f3rii m\u00f4\u017ee pretrva\u0165 cel\u00e9 gener\u00e1cie,\u201c dodal prezident.<\/p>\n","protected":false},"excerpt":{"rendered":"Peter Pellegrini prijal v Prezidentskom pal\u00e1ci v Bratislave Jozefa B. Grasalkovi\u010da (Zdroj: Facebook\/Peter Pellegrini) BRATISLAVA &#8211; Prezident SR&hellip;\n","protected":false},"author":2,"featured_media":169713,"comment_status":"","ping_status":"","sticky":false,"template":"","format":"standard","meta":{"footnotes":"","_share_on_mastodon":"0"},"categories":[6],"tags":[48127,7224,1476,43,40,44,39,42,45,41,8146],"class_list":["post-169712","post","type-post","status-publish","format-standard","has-post-thumbnail","category-slovensko","tag-jozef-b-grasalkovic","tag-palac","tag-peter-pellegrini","tag-sk","tag-slovak","tag-slovak-republic","tag-slovakia","tag-slovencina","tag-slovenska-republika","tag-slovensko","tag-stretnutie"],"share_on_mastodon":{"url":"https:\/\/pubeurope.com\/@sk\/117208469166649179","error":""},"_links":{"self":[{"href":"https:\/\/www.europesays.com\/sk\/wp-json\/wp\/v2\/posts\/169712","targetHints":{"allow":["GET"]}}],"collection":[{"href":"https:\/\/www.europesays.com\/sk\/wp-json\/wp\/v2\/posts"}],"about":[{"href":"https:\/\/www.europesays.com\/sk\/wp-json\/wp\/v2\/types\/post"}],"author":[{"embeddable":true,"href":"https:\/\/www.europesays.com\/sk\/wp-json\/wp\/v2\/users\/2"}],"replies":[{"embeddable":true,"href":"https:\/\/www.europesays.com\/sk\/wp-json\/wp\/v2\/comments?post=169712"}],"version-history":[{"count":0,"href":"https:\/\/www.europesays.com\/sk\/wp-json\/wp\/v2\/posts\/169712\/revisions"}],"wp:featuredmedia":[{"embeddable":true,"href":"https:\/\/www.europesays.com\/sk\/wp-json\/wp\/v2\/media\/169713"}],"wp:attachment":[{"href":"https:\/\/www.europesays.com\/sk\/wp-json\/wp\/v2\/media?parent=169712"}],"wp:term":[{"taxonomy":"category","embeddable":true,"href":"https:\/\/www.europesays.com\/sk\/wp-json\/wp\/v2\/categories?post=169712"},{"taxonomy":"post_tag","embeddable":true,"href":"https:\/\/www.europesays.com\/sk\/wp-json\/wp\/v2\/tags?post=169712"}],"curies":[{"name":"wp","href":"https:\/\/api.w.org\/{rel}","templated":true}]}}