{"id":169720,"date":"2026-09-03T18:17:09","date_gmt":"2026-09-03T18:17:09","guid":{"rendered":"https:\/\/www.europesays.com\/sk\/169720\/"},"modified":"2026-09-03T18:17:09","modified_gmt":"2026-09-03T18:17:09","slug":"clooney-dostal-zlateho-leva-za-celozivotne-dielo-v-benatkach-prehovoril-o-slobode-strachu-aj-umlciavani-novinarov","status":"publish","type":"post","link":"https:\/\/www.europesays.com\/sk\/169720\/","title":{"rendered":"Clooney dostal Zlat\u00e9ho leva za celo\u017eivotn\u00e9 dielo. V Ben\u00e1tkach prehovoril o slobode, strachu aj uml\u010diavan\u00ed novin\u00e1rov"},"content":{"rendered":"<p>P\u00e4\u0165desiat\u0161es\u0165ro\u010dn\u00fd Clooney patr\u00ed medzi najzn\u00e1mej\u0161ie tv\u00e1re Hollywoodu a \u010dast\u00fdch host\u00ed ben\u00e1tskeho festivalu, ktor\u00fd v stredu za\u010dal svoj 83. ro\u010dn\u00edk. Ceremoni\u00e1lu sa z\u00fa\u010dastnil po boku svojej man\u017eelky Amal Clooneyovej.<\/p>\n<p>Clooney prehovoril o strachu aj slobode<\/p>\n<p>\u201eNa tomto mieste je nie\u010do mimoriadne. Desiatky rokov sem prich\u00e1dzaj\u00fa \u013eudia z kraj\u00edn, ktor\u00e9 sa nemohli zhodn\u00fa\u0165 na politike, na n\u00e1bo\u017eenstve, a u\u017e v\u00f4bec nie na tom, ak\u00fdm jazykom hovori\u0165. A napriek tomu sme tu v Ben\u00e1tkach,\u201c vyhl\u00e1sil Clooney.<\/p>\n<p>\u201eZa tie roky som sa nau\u010dil, \u017ee sa nikto nesmeje a nepla\u010de in\u00fdm jazykom. Rodi\u010dia sa tr\u00e1pia rovnako, deti sn\u00edvaj\u00fa rovnako; preto je \u0165a\u017ek\u00e9 uveri\u0165, \u017ee sme v\u0161etci tak\u00ed odli\u0161n\u00ed, ako n\u00e1m hovoria,\u201c pokra\u010doval. \u201e\u017dijeme v \u010dase, ke\u010f n\u00e1m tvrdia, \u017ee by sme sa mali b\u00e1\u0165 jeden druh\u00e9ho, ale tak to nie je. Dejiny n\u00e1s u\u010dia, \u017ee t\u00ed, koho sa sna\u017eia uml\u010da\u0165, nie s\u00fa politici, ale novin\u00e1ri, ktor\u00ed sa sna\u017eia kl\u00e1s\u0165 tie spr\u00e1vne ot\u00e1zky, umelci, herci, hudobn\u00edci,\u201c dodal ocenen\u00fd herec.<\/p>\n<p>Clooney sa narodil v m\u00e1ji 1961 a prv\u00fdkr\u00e1t sa v\u00fdrazne presadil v lek\u00e1rskom seri\u00e1li Pohotovos\u0165, ktor\u00fd mu otvoril dvere aj do Hollywoodu. Na svojom konte m\u00e1 dvoch Oscarov; jedn\u00e9ho ako producent za film Argo a druh\u00e9ho za ved\u013eaj\u0161iu \u00falohu vo filme Syriana. V decembri minul\u00e9ho roka z\u00edskal spolu so svojou man\u017eelkou a dvoma de\u0165mi franc\u00fazske ob\u010dianstvo.<\/p>\n<p><a href=\"https:\/\/www.ta3.com\/clanok\/1058953\/karlove-vary-sa-klanali-dustinovi-hoffmanovi-dvojnasobny-oscarovy-herec-si-prevzal-kristalovy-globus\" class=\"detail_text_item_readmore_text\" rel=\"nofollow noopener\" target=\"_blank\"><br \/>\n\u010c\u00edtajte viac<\/p>\n<p>Karlove Vary sa kla\u0148ali Dustinovi Hoffmanovi. Dvojn\u00e1sobn\u00fd oscarov\u00fd herec si prevzal Kri\u0161t\u00e1\u013eov\u00fd gl\u00f3bus<\/p>\n<p><\/a><br \/>\n<a href=\"https:\/\/www.ta3.com\/clanok\/1058953\/karlove-vary-sa-klanali-dustinovi-hoffmanovi-dvojnasobny-oscarovy-herec-si-prevzal-kristalovy-globus\" class=\"detail_text_item_readmore_image\" rel=\"nofollow noopener\" target=\"_blank\"><\/p>\n<p><img decoding=\"async\" class=\"lazy entered loaded\" src=\"https:\/\/www.europesays.com\/sk\/wp-content\/uploads\/2026\/09\/hoffman-jpg.jpg\" alt=\"Karlove Vary sa kla\u0148ali Dustinovi Hoffmanovi. Dvojn\u00e1sobn\u00fd oscarov\u00fd herec si prevzal Kri\u0161t\u00e1\u013eov\u00fd gl\u00f3bus\" data-ll-status=\"loaded\"\/><\/p>\n<p><\/a><\/p>\n<p>Herec pom\u00e1ha aj mimo filmov\u00e9ho pl\u00e1tna<\/p>\n<p>Poves\u0165 ob\u013e\u00faben\u00e9ho herca vyu\u017eil Clooney v rade humanit\u00e1rnych aktiv\u00edt, napr\u00edklad organizoval pomoc obetiam teroristick\u00fdch \u00fatokov po 11. septembri 2001, obetiam hurik\u00e1nu Katrina \u010di zemetrasenia na Haiti.<\/p>\n<p>Je priaznivcom americkej Demokratickej strany a v posledn\u00fdch prezidentsk\u00fdch vo\u013eb\u00e1ch otvorene podporoval Kamalu Harrisov\u00fa. Pred za\u010diatkom festivalu si \u201epo\u0161tekol\u201c, \u017ee USA s\u00fa teraz veden\u00e9 nekompetentn\u00fdmi \u013eu\u010fmi, ale vyjadril tie\u017e n\u00e1dej, \u017ee v\u00fdsledok novembrov\u00fdch volieb do Kongresu by mohol znamena\u0165 n\u00e1vrat k norm\u00e1lu.<\/p>\n<p>S\u00fabe\u017ene so otv\u00e1rac\u00edm ceremoni\u00e1lom od\u0161tartoval festival premi\u00e9rou filmu re\u017eis\u00e9ra Dannyho Boylea Ink o medi\u00e1lnom magn\u00e1tovi Rupertovi Murdochovi. V nasleduj\u00facich d\u0148och sa bud\u00fa m\u00f4c\u0165 n\u00e1v\u0161tevn\u00edci tohtoro\u010dn\u00e9ho ro\u010dn\u00edka te\u0161i\u0165 na sn\u00edmky Primetime od re\u017eis\u00e9ra Lance Oppenheima so zn\u00e1mym britsk\u00fdm hercom Robertom Pattinsonom \u010di Divok\u00fd k\u00f4\u0148 Dev\u00edtka od britsko-\u00edrskeho re\u017eis\u00e9ra Martina McDonagha.<\/p>\n<p>O Zlat\u00e9ho leva zabojuje 21 filmov<\/p>\n<p>V hlavnej kateg\u00f3rii, kde bude o v\u00fdsledku rozhodova\u0165 porota veden\u00e1 here\u010dkou a re\u017eis\u00e9rkou Maggie Gyllenhaalovou, sa tento rok predstav\u00ed 21 filmov. O Zlat\u00e9ho leva bude s\u00fa\u0165a\u017ei\u0165 aj dokument\u00e1rny film Naza o izraelskom \u0165a\u017een\u00ed v P\u00e1sme Gazy. Ceny bud\u00fa udelen\u00e9 v sobotu 12. septembra.<\/p>\n<p>\u0160pecifikom tohtoro\u010dn\u00e9ho ro\u010dn\u00edka je, \u017ee ch\u00fdbaj\u00fa ve\u013ek\u00e9 hollywoodske produkcie. Riadite\u013e festivalu Alberto Barbera to vysvetlil t\u00fdm, \u017ee v\u00e4\u010d\u0161ina filmov, o ktor\u00e9 by mal festival z\u00e1ujem, m\u00e1 me\u0161kanie v uveden\u00ed do k\u00edn a neboli pripraven\u00e9 na konci leta, ke\u010f sa festival zvy\u010dajne kon\u00e1.<\/p>\n<p>Pozrite si tla\u010dov\u00fa besedu Georga Clooneyho po ocenen\u00ed Zlat\u00fdm levom:<\/p>\n","protected":false},"excerpt":{"rendered":"P\u00e4\u0165desiat\u0161es\u0165ro\u010dn\u00fd Clooney patr\u00ed medzi najzn\u00e1mej\u0161ie tv\u00e1re Hollywoodu a \u010dast\u00fdch host\u00ed ben\u00e1tskeho festivalu, ktor\u00fd v stredu za\u010dal svoj 83.&hellip;\n","protected":false},"author":2,"featured_media":169721,"comment_status":"","ping_status":"","sticky":false,"template":"","format":"standard","meta":{"footnotes":"","_share_on_mastodon":"0"},"categories":[20],"tags":[127,126,70,128,43,129,40,39,42,41,71],"class_list":["post-169720","post","type-post","status-publish","format-standard","has-post-thumbnail","category-slavne-osobnosti","tag-celebrities","tag-celebrity","tag-entertainment","tag-famous-people","tag-sk","tag-slavne-osobnosti","tag-slovak","tag-slovakia","tag-slovencina","tag-slovensko","tag-zabava"],"share_on_mastodon":{"url":"https:\/\/pubeurope.com\/@sk\/117208484926576762","error":""},"_links":{"self":[{"href":"https:\/\/www.europesays.com\/sk\/wp-json\/wp\/v2\/posts\/169720","targetHints":{"allow":["GET"]}}],"collection":[{"href":"https:\/\/www.europesays.com\/sk\/wp-json\/wp\/v2\/posts"}],"about":[{"href":"https:\/\/www.europesays.com\/sk\/wp-json\/wp\/v2\/types\/post"}],"author":[{"embeddable":true,"href":"https:\/\/www.europesays.com\/sk\/wp-json\/wp\/v2\/users\/2"}],"replies":[{"embeddable":true,"href":"https:\/\/www.europesays.com\/sk\/wp-json\/wp\/v2\/comments?post=169720"}],"version-history":[{"count":0,"href":"https:\/\/www.europesays.com\/sk\/wp-json\/wp\/v2\/posts\/169720\/revisions"}],"wp:featuredmedia":[{"embeddable":true,"href":"https:\/\/www.europesays.com\/sk\/wp-json\/wp\/v2\/media\/169721"}],"wp:attachment":[{"href":"https:\/\/www.europesays.com\/sk\/wp-json\/wp\/v2\/media?parent=169720"}],"wp:term":[{"taxonomy":"category","embeddable":true,"href":"https:\/\/www.europesays.com\/sk\/wp-json\/wp\/v2\/categories?post=169720"},{"taxonomy":"post_tag","embeddable":true,"href":"https:\/\/www.europesays.com\/sk\/wp-json\/wp\/v2\/tags?post=169720"}],"curies":[{"name":"wp","href":"https:\/\/api.w.org\/{rel}","templated":true}]}}