{"id":169728,"date":"2026-09-03T18:26:12","date_gmt":"2026-09-03T18:26:12","guid":{"rendered":"https:\/\/www.europesays.com\/sk\/169728\/"},"modified":"2026-09-03T18:26:12","modified_gmt":"2026-09-03T18:26:12","slug":"lutnick-sa-ospravedlnil-za-tvrdenie-ze-vo-vojne-s-iranom-nezahynuli-americania","status":"publish","type":"post","link":"https:\/\/www.europesays.com\/sk\/169728\/","title":{"rendered":"Lutnick sa ospravedlnil za tvrdenie, \u017ee vo vojne s Ir\u00e1nom nezahynuli Ameri\u010dania"},"content":{"rendered":"<p>WASHINGTON &#8211; Americk\u00fd minister obchodu Howard Lutnick sa vo \u0161tvrtok ospravedlnil za svoje tvrdenie, \u017ee vo vojne s Ir\u00e1nom nezahynuli \u017eiadni Ameri\u010dania. Poznamenal, \u017ee v tomto konflikte pri\u0161lo o \u017eivot 18 vojakov USA a \u017ee ke\u010f sa nespr\u00e1vne vyjadril, mal na mysli oper\u00e1ciu vo Venezuele. Informuje o tom agent\u00fara Reuters.<\/p>\n<p>\u201eVyjadril som sa nespr\u00e1vne. Osemn\u00e1s\u0165 pr\u00edslu\u0161n\u00edkov na\u0161ej arm\u00e1dy zahynulo, je mi to ve\u013emi \u013e\u00fato a ich rodin\u00e1m vyjadrujem \u00faprimn\u00fa s\u00fastras\u0165. Myslel som na vojensk\u00fa oper\u00e1ciu vo Venezuele, pri ktorej nezahynul \u017eiadny pr\u00edslu\u0161n\u00edk (americkej) arm\u00e1dy,\u201c uviedol Lutnick na sieti X. Minister svoje chybn\u00e9 tvrdenie vyslovil v stredu v rozhovore pre stanicu CNBC, v ktorom hovoril o Ir\u00e1ne a Venezuela v \u0148om nebola v\u00f4bec spomenut\u00e1.<\/p>\n<p>\u201eMysl\u00edm si, \u017ee sp\u00f4sob, ak\u00fdm prezident postupuje vo\u010di Ir\u00e1nu&#8230; nepri\u0161li o \u017eivot \u017eiadni Ameri\u010dania,\u201c povedal v rozhovore. Kr\u00e1tko pred Lutnickov\u00fdm ospravedlnen\u00edm sa ministra na soci\u00e1lnej sieti zastal americk\u00fd prezident Donald Trump. \u201eMinister Lutnick mal na mysli Venezuelu, ke\u010f povedal, \u017ee nikto nezahynul. V Ir\u00e1ne zahynulo 18 \u013eud\u00ed!\u201c nap\u00edsal.<\/p>\n<p>USA okrem t\u00fdchto obet\u00ed na \u017eivotoch eviduj\u00fa vo vojne s Ir\u00e1nom aj 750 zranen\u00fdch. V pr\u00edpade Venezuely, kde americk\u00e9 \u0161peci\u00e1lne jednotky v janu\u00e1ri podnikli oper\u00e1ciu, v r\u00e1mci ktorej uniesli prezidenta Nicol\u00e1sa Madura a jeho man\u017eelku, nedo\u0161lo na americkej strane k \u017eiadnym obetiam na \u017eivotoch. Zranenia pod\u013ea CNBC utrpelo sedem americk\u00fdch vojakov.<\/p>\n","protected":false},"excerpt":{"rendered":"WASHINGTON &#8211; Americk\u00fd minister obchodu Howard Lutnick sa vo \u0161tvrtok ospravedlnil za svoje tvrdenie, \u017ee vo vojne s&hellip;\n","protected":false},"author":2,"featured_media":169729,"comment_status":"","ping_status":"","sticky":false,"template":"","format":"standard","meta":{"footnotes":"","_share_on_mastodon":"0"},"categories":[8],"tags":[48128,921,33,9752,43,40,42,36,50,304,790,49,48],"class_list":["post-169728","post","type-post","status-publish","format-standard","has-post-thumbnail","category-svet","tag-howard-lutnick","tag-iran","tag-news","tag-ospravedlnenie","tag-sk","tag-slovak","tag-slovencina","tag-spravy","tag-svet","tag-usa","tag-vojna","tag-world","tag-world-news"],"share_on_mastodon":{"url":"https:\/\/pubeurope.com\/@sk\/117208520218901306","error":""},"_links":{"self":[{"href":"https:\/\/www.europesays.com\/sk\/wp-json\/wp\/v2\/posts\/169728","targetHints":{"allow":["GET"]}}],"collection":[{"href":"https:\/\/www.europesays.com\/sk\/wp-json\/wp\/v2\/posts"}],"about":[{"href":"https:\/\/www.europesays.com\/sk\/wp-json\/wp\/v2\/types\/post"}],"author":[{"embeddable":true,"href":"https:\/\/www.europesays.com\/sk\/wp-json\/wp\/v2\/users\/2"}],"replies":[{"embeddable":true,"href":"https:\/\/www.europesays.com\/sk\/wp-json\/wp\/v2\/comments?post=169728"}],"version-history":[{"count":0,"href":"https:\/\/www.europesays.com\/sk\/wp-json\/wp\/v2\/posts\/169728\/revisions"}],"wp:featuredmedia":[{"embeddable":true,"href":"https:\/\/www.europesays.com\/sk\/wp-json\/wp\/v2\/media\/169729"}],"wp:attachment":[{"href":"https:\/\/www.europesays.com\/sk\/wp-json\/wp\/v2\/media?parent=169728"}],"wp:term":[{"taxonomy":"category","embeddable":true,"href":"https:\/\/www.europesays.com\/sk\/wp-json\/wp\/v2\/categories?post=169728"},{"taxonomy":"post_tag","embeddable":true,"href":"https:\/\/www.europesays.com\/sk\/wp-json\/wp\/v2\/tags?post=169728"}],"curies":[{"name":"wp","href":"https:\/\/api.w.org\/{rel}","templated":true}]}}