{"id":169730,"date":"2026-09-03T18:27:13","date_gmt":"2026-09-03T18:27:13","guid":{"rendered":"https:\/\/www.europesays.com\/sk\/169730\/"},"modified":"2026-09-03T18:27:13","modified_gmt":"2026-09-03T18:27:13","slug":"ps-ziada-podmienku-pre-vykon-funkcie-sefa-a-podpredsedu-parlamentu","status":"publish","type":"post","link":"https:\/\/www.europesays.com\/sk\/169730\/","title":{"rendered":"PS \u017eiada podmienku pre v\u00fdkon funkcie \u0161\u00e9fa a podpredsedu parlamentu"},"content":{"rendered":"<p>BRATISLAVA &#8211; Podpredseda N\u00e1rodnej rady (NR) SR Tibor Ga\u0161par (Smer-SD) mus\u00ed skon\u010di\u0165 vo funkcii. Op\u00e4tovne ho na to vyz\u00fdva opozi\u010dn\u00e9 hnutie PS. Avizuje, \u017ee v septembri bude iniciova\u0165 jeho odvol\u00e1vanie. Poslanci hnutia z\u00e1rove\u0148 predlo\u017eili novelu \u00dastavy SR, v ktorej navrhuj\u00fa, aby predsedom a podpredsedom NR SR nemohol by\u0165 poslanec ob\u017ealovan\u00fd z korupcie alebo z trestn\u00fdch \u010dinov verejn\u00fdch \u010dinite\u013eov.<\/p>\n<p>PS vy\u010d\u00edta Ga\u0161parovi, \u017ee je st\u00e1le podpredsedom parlamentu, hoci figuruje v kauze O\u010distec. \u201eJe neakceptovate\u013en\u00e9, aby sme \u010fal\u0161iu sez\u00f3nu N\u00e1rodnej rady za\u010dali s t\u00fdm, \u017ee jeden z jej predstavite\u013eov je \u010falej ob\u017ealovan\u00fd z tak\u00fdchto z\u00e1va\u017en\u00fdch zlo\u010dinov, kde svedkovia opakovane potvrdzuj\u00fa svoje slov\u00e1 o tom, \u017ee sa mali stret\u00e1va\u0165 za \u00fa\u010delom manipulovania s\u00fadnych rozhodnut\u00ed, manipulovania vy\u0161etrovania, ovplyv\u0148ovania k\u00e1uz v prospech korup\u010dn\u00edkov, vykoris\u0165ovania podnikate\u013eov a lustrovania \u013eud\u00ed,\u201c vyhl\u00e1sila na \u0161tvrtkovej tla\u010dovej konferencii poslanky\u0148a NR SR Zuzana Mesterov\u00e1 (PS). Vyzvala Ga\u0161para, aby zo svojej funkcie odst\u00fapil. \u201eZotrv\u00e1me na na\u0161om vyjadren\u00ed, budeme aj na tejto sch\u00f4dzi Tibora Ga\u0161para odvol\u00e1va\u0165. Na\u010falej budeme pripom\u00edna\u0165 to, \u017ee tak\u00fdto \u010dlovek nem\u00f4\u017ee reprezentova\u0165 jednu z najvy\u0161\u0161\u00edch in\u0161tit\u00faci\u00ed \u0161t\u00e1tu,\u201c doplnila.<\/p>\n<p style=\"text-align:center\">arch\u00edvne video<\/p>\n<p>Tla\u010dov\u00e1 konferencia strany PS\t\t(Zdroj: Topky\/Vlado Anjel )\t<\/p>\n<p>Ga\u0161par \u010del\u00ed kritike<\/p>\n<p>Pod\u013ea Mesterovej nie je v poriadku, aby \u201etakto vysoko postaven\u00fd funkcion\u00e1r zneu\u017e\u00edval p\u00f4du N\u00e1rodnej rady\u201c t\u00fdm, \u017ee si zvol\u00e1va tla\u010dov\u00e9 besedy so svoj\u00edm advok\u00e1tom a obhajuje sa na p\u00f4de parlamentu. \u201eRovnako nie je v poriadku to, \u010do tu vid\u00edme tri roky, aby jednoduchou v\u00e4\u010d\u0161inou mohla vl\u00e1dna koal\u00edcia meni\u0165 trestn\u00fa politiku vo svoj prospech,\u201c vyhl\u00e1sila poslanky\u0148a.<\/p>\n<p>V \u00fastave chc\u00fa preto poslanci za PS stanovi\u0165 podmienku volite\u013enosti do funkcie predsedu i podpredsedu NR SR. Za predsedu a podpredsedu by nebolo mo\u017en\u00e9 zvoli\u0165 poslanca, ktor\u00fd je ob\u017ealovan\u00fd z trestn\u00e9ho \u010dinu korupcie alebo trestn\u00e9ho \u010dinu verejn\u00fdch \u010dinite\u013eov. Ak by s\u00fad prijal ob\u017ealobu pre niektor\u00fd z trestn\u00fdch \u010dinov po\u010das v\u00fdkonu funkcie predsedu alebo podpredsedu NR SR, funkcia by pod\u013ea n\u00e1vrhu zanikla d\u0148om prijatia ob\u017ealoby. \u201eNavrhovan\u00e1 \u00faprava nem\u00e1 vplyv na samotn\u00fd mand\u00e1t poslanca N\u00e1rodnej rady SR,\u201c argumentuje PS. Cie\u013eom n\u00e1vrhu je ochrana integrity a d\u00f4veryhodnosti vedenia z\u00e1konodarn\u00e9ho zboru.<\/p>\n<p>Pr\u00edpad O\u010distec sa t\u00fdka podozren\u00ed z \u00fadajn\u00e9ho vytvorenia a fungovania zlo\u010dineckej skupiny v r\u00e1mci najvy\u0161\u0161\u00edch zlo\u017eiek pol\u00edcie a bezpe\u010dnostn\u00fdch org\u00e1nov v obdob\u00ed rokov 2012 a\u017e 2018. V tomto obdob\u00ed bol Ga\u0161par policajn\u00fdm prezidentom.<\/p>\n","protected":false},"excerpt":{"rendered":"BRATISLAVA &#8211; Podpredseda N\u00e1rodnej rady (NR) SR Tibor Ga\u0161par (Smer-SD) mus\u00ed skon\u010di\u0165 vo funkcii. Op\u00e4tovne ho na to&hellip;\n","protected":false},"author":2,"featured_media":169731,"comment_status":"","ping_status":"","sticky":false,"template":"","format":"standard","meta":{"footnotes":"","_share_on_mastodon":"0"},"categories":[6],"tags":[10684,772,43,40,44,39,42,45,41,1345,8029],"class_list":["post-169730","post","type-post","status-publish","format-standard","has-post-thumbnail","category-slovensko","tag-nrsr","tag-progresivne-slovensko","tag-sk","tag-slovak","tag-slovak-republic","tag-slovakia","tag-slovencina","tag-slovenska-republika","tag-slovensko","tag-tibor-gaspar","tag-vedenie"],"share_on_mastodon":{"url":"https:\/\/pubeurope.com\/@sk\/117208524265747545","error":""},"_links":{"self":[{"href":"https:\/\/www.europesays.com\/sk\/wp-json\/wp\/v2\/posts\/169730","targetHints":{"allow":["GET"]}}],"collection":[{"href":"https:\/\/www.europesays.com\/sk\/wp-json\/wp\/v2\/posts"}],"about":[{"href":"https:\/\/www.europesays.com\/sk\/wp-json\/wp\/v2\/types\/post"}],"author":[{"embeddable":true,"href":"https:\/\/www.europesays.com\/sk\/wp-json\/wp\/v2\/users\/2"}],"replies":[{"embeddable":true,"href":"https:\/\/www.europesays.com\/sk\/wp-json\/wp\/v2\/comments?post=169730"}],"version-history":[{"count":0,"href":"https:\/\/www.europesays.com\/sk\/wp-json\/wp\/v2\/posts\/169730\/revisions"}],"wp:featuredmedia":[{"embeddable":true,"href":"https:\/\/www.europesays.com\/sk\/wp-json\/wp\/v2\/media\/169731"}],"wp:attachment":[{"href":"https:\/\/www.europesays.com\/sk\/wp-json\/wp\/v2\/media?parent=169730"}],"wp:term":[{"taxonomy":"category","embeddable":true,"href":"https:\/\/www.europesays.com\/sk\/wp-json\/wp\/v2\/categories?post=169730"},{"taxonomy":"post_tag","embeddable":true,"href":"https:\/\/www.europesays.com\/sk\/wp-json\/wp\/v2\/tags?post=169730"}],"curies":[{"name":"wp","href":"https:\/\/api.w.org\/{rel}","templated":true}]}}