{"id":169738,"date":"2026-09-03T18:31:15","date_gmt":"2026-09-03T18:31:15","guid":{"rendered":"https:\/\/www.europesays.com\/sk\/169738\/"},"modified":"2026-09-03T18:31:15","modified_gmt":"2026-09-03T18:31:15","slug":"hviezda-pana-profesora-sa-bude-vydavat-kraska-ukazala-zasnubny-prsten-z-exotiky-hviezdne-kauzy-koktail","status":"publish","type":"post","link":"https:\/\/www.europesays.com\/sk\/169738\/","title":{"rendered":"Hviezda P\u00e1na profesora sa bude vyd\u00e1va\u0165: Kr\u00e1ska uk\u00e1zala z\u00e1snubn\u00fd prste\u0148 z exotiky &#8211; Hviezdne kauzy &#8211; Koktail"},"content":{"rendered":"<p>Dvojica sa o radostn\u00fa novinku podelila prostredn\u00edctvom emot\u00edvneho videa priamo z pieso\u010dnatej pl\u00e1\u017ee. S\u00e1ra v \u0148om s neskr\u00fdvanou rados\u0165ou uk\u00e1zala jemn\u00fd z\u00e1snubn\u00fd prste\u0148, ktor\u00fd sa jej teraz vyn\u00edma na ruke. K pr\u00edspevku pripojili len magick\u00fd d\u00e1tum 24. janu\u00e1r 2026, kedy k osudovej \u017eiadosti o ruku do\u0161lo.<\/p>\n<p>Hoci si here\u010dka svoje s\u00fakromie zvy\u010dajne pr\u00edsne str\u00e1\u017ei, tentoraz urobila v\u00fdnimku a nechala fan\u00fa\u0161ikov nazrie\u0165 do svojho \u0161\u0165astia.<\/p>\n<p>S\u00e1ra Hr\u010dkov\u00e1 nie je len seri\u00e1lovou tv\u00e1rou. Jej meno je pevne sp\u00e4t\u00e9 s Mestsk\u00fdm divadlom v Tren\u010d\u00edne, kde pravidelne dokazuje svoj talent v hr\u00e1ch ako Vesel\u00e9 pani\u010dky windsorsk\u00e9 \u010di v rozpr\u00e1vkovom Pinocchiovi. Okrem javiska a kamier ju m\u00f4\u017eete \u010dasto \u201epo\u010du\u0165\u201c aj v dabingu, ktor\u00fd je popri herectve jej ve\u013ekou v\u00e1\u0161\u0148ou.<\/p>\n<p>Napriek tomu, \u017ee jej cesta k herectvu neviedla cez klasick\u00e9 \u0161t\u00fadium na V\u0160MU, S\u00e1ra si v\u010faka svojej dravosti a talentu vybudovala stabiln\u00e9 miesto na sc\u00e9ne. Teraz ju v\u0161ak \u010dak\u00e1 jedna z najd\u00f4le\u017eitej\u0161\u00edch \u017eivotn\u00fdch \u00faloh, pr\u00edprava na rolu nevesty.<\/p>\n<p><a href=\"https:\/\/debata.pravda.sk\/debata\/785463-hviezda-pana-profesora-sa-bude-vydavat-kraska-ukazala-zasnubny-prsten-z-exotiky\/\" class=\"detail_text_socials_item debata debata-count-decorator\" rel=\"nofollow noopener\" target=\"_blank\"><\/p>\n<p>debata<\/p>\n<p><\/a><\/p>\n<p><a href=\"https:\/\/www.pravda.sk\/mreporter\" class=\"detail_text_socials_item hide\" id=\"mreporter-button\" rel=\"nofollow noopener\" target=\"_blank\"><\/p>\n<p>mReport\u00e9r<\/p>\n<p><\/a><\/p>\n<p><img decoding=\"async\" src=\"https:\/\/ipravda.sk\/res\/www\/sorry.svg\" alt=\"\u013dutujeme\" height=\"75\"\/><\/p>\n<p>V\u00e1\u017een\u00ed \u010ditatelia, pod t\u00fdmto \u010dl\u00e1nkom sme neumo\u017enili diskusiu<\/p>\n<p>\nObsah \u010dl\u00e1nku a sk\u00fasenosti s administr\u00e1ciou deb\u00e1t n\u00e1m d\u00e1vaj\u00fa predpoklad, \u017ee aj na tomto mieste by prib\u00fadali<br \/>\npreva\u017ene pr\u00edspevky, ktor\u00e9 by boli v rozpore s pravidlami debaty aj dobr\u00fdmi mravmi.\n<\/p>\n<p>\n\u010eakujeme za pochopenie a te\u0161\u00edme sa na slu\u0161n\u00e9 debaty pod in\u00fdmi \u010dl\u00e1nkami.\n<\/p>\n<p>Rozumiem<\/p>\n","protected":false},"excerpt":{"rendered":"Dvojica sa o radostn\u00fa novinku podelila prostredn\u00edctvom emot\u00edvneho videa priamo z pieso\u010dnatej pl\u00e1\u017ee. S\u00e1ra v \u0148om s neskr\u00fdvanou&hellip;\n","protected":false},"author":2,"featured_media":169739,"comment_status":"","ping_status":"","sticky":false,"template":"","format":"standard","meta":{"footnotes":"","_share_on_mastodon":"0"},"categories":[20],"tags":[127,126,70,128,43,129,40,39,42,41,71],"class_list":["post-169738","post","type-post","status-publish","format-standard","has-post-thumbnail","category-slavne-osobnosti","tag-celebrities","tag-celebrity","tag-entertainment","tag-famous-people","tag-sk","tag-slavne-osobnosti","tag-slovak","tag-slovakia","tag-slovencina","tag-slovensko","tag-zabava"],"share_on_mastodon":{"url":"https:\/\/pubeurope.com\/@sk\/117208540118656351","error":""},"_links":{"self":[{"href":"https:\/\/www.europesays.com\/sk\/wp-json\/wp\/v2\/posts\/169738","targetHints":{"allow":["GET"]}}],"collection":[{"href":"https:\/\/www.europesays.com\/sk\/wp-json\/wp\/v2\/posts"}],"about":[{"href":"https:\/\/www.europesays.com\/sk\/wp-json\/wp\/v2\/types\/post"}],"author":[{"embeddable":true,"href":"https:\/\/www.europesays.com\/sk\/wp-json\/wp\/v2\/users\/2"}],"replies":[{"embeddable":true,"href":"https:\/\/www.europesays.com\/sk\/wp-json\/wp\/v2\/comments?post=169738"}],"version-history":[{"count":0,"href":"https:\/\/www.europesays.com\/sk\/wp-json\/wp\/v2\/posts\/169738\/revisions"}],"wp:featuredmedia":[{"embeddable":true,"href":"https:\/\/www.europesays.com\/sk\/wp-json\/wp\/v2\/media\/169739"}],"wp:attachment":[{"href":"https:\/\/www.europesays.com\/sk\/wp-json\/wp\/v2\/media?parent=169738"}],"wp:term":[{"taxonomy":"category","embeddable":true,"href":"https:\/\/www.europesays.com\/sk\/wp-json\/wp\/v2\/categories?post=169738"},{"taxonomy":"post_tag","embeddable":true,"href":"https:\/\/www.europesays.com\/sk\/wp-json\/wp\/v2\/tags?post=169738"}],"curies":[{"name":"wp","href":"https:\/\/api.w.org\/{rel}","templated":true}]}}