{"id":169764,"date":"2026-09-03T18:55:13","date_gmt":"2026-09-03T18:55:13","guid":{"rendered":"https:\/\/www.europesays.com\/sk\/169764\/"},"modified":"2026-09-03T18:55:13","modified_gmt":"2026-09-03T18:55:13","slug":"medzilaborce-otvorili-zrenovovane-warholovo-muzeum-prisiel-aj-donald-warhola-synovec-umelca-2","status":"publish","type":"post","link":"https:\/\/www.europesays.com\/sk\/169764\/","title":{"rendered":"Medzilaborce otvorili zrenovovan\u00e9 Warholovo m\u00fazeum, pri\u0161iel aj Donald Warhola, synovec umelca"},"content":{"rendered":"<p class=\"article-content-paragraph mb-4\">\u201eSom ve\u013emi r\u00e1d, \u017ee po rokoch intenz\u00edvnej a n\u00e1ro\u010dnej pr\u00e1ce m\u00f4\u017eeme verejnosti odovzda\u0165 zrekon\u0161truovan\u00fd a z\u00e1rove\u0148 unik\u00e1tny priestor, ktor\u00fd d\u00f4stojne prezentuje odkaz jedn\u00e9ho z najv\u00fdznamnej\u0161\u00edch umelcov 20. storo\u010dia,\u201c kon\u0161tatoval predseda Pre\u0161ovsk\u00e9ho samospr\u00e1vneho kraja Milan Majersk\u00fd.<\/p>\n<p>Amfite\u00e1ter na streche<\/p>\n<p class=\"article-content-paragraph mb-4\">V piatok si u\u017e n\u00e1v\u0161tevn\u00edci m\u00f4\u017eu pozrie\u0165 nov\u00e9 expozi\u010dno-eduka\u010dn\u00e9 priestory, interakt\u00edvne prvky expoz\u00edcie, digit\u00e1lny ikonostas a spoznaj\u00fa diela svetov\u00e9ho Warhola v spojen\u00ed s nov\u00fdmi technol\u00f3giami. Rekon\u0161trukcia prin\u00e1\u0161a v\u00fdrazn\u00e9 zlep\u0161enie podmienok pre n\u00e1v\u0161tevn\u00edkov aj samotn\u00fa prezent\u00e1ciu zbierok.<\/p>\n<p class=\"article-content-paragraph mb-4\">Prv\u00fd n\u00e1v\u0161tevn\u00edk vst\u00fapi do vynoven\u00e9ho m\u00fazea u\u017e o 9. hodine. Okrem in\u00fdch host\u00ed ho bude sprev\u00e1dza\u0165 Donald Warhola, ambas\u00e1dor sl\u00e1vnostn\u00e9ho otvorenia i \u017eiv\u00e1 Warholova socha.<\/p>\n<p>Medzilaborce otvorili zrenovovan\u00e9 Warholovo m\u00fazeum, pri\u0161iel aj Donald Warhola, synovec umelca<\/p>\n<p class=\"article-content-paragraph mb-4\">S\u00fa\u010das\u0165ou otvorenia bude interakt\u00edvny lektoring priamo v expozi\u010dno-eduka\u010dn\u00fdch priestoroch kult\u00farneho st\u00e1nku, kde s\u00fa vystaven\u00e9 Warholove diela. Okrem in\u00fdch symbolick\u00e9 k\u00fasky Marilyn Monroe, Mao, Flowers, Campbell\u2019s Soup II, ako aj umelcove unik\u00e1tne osobn\u00e9 veci \u2013 slne\u010dn\u00e9 okuliare, walkman \u010di krstn\u00e1 ko\u0161ie\u013eka.<\/p>\n<p class=\"article-content-paragraph mb-4\">Verejnos\u0165 sa dostane tie\u017e na exkluz\u00edvnu vegeta\u010dn\u00fa poch\u00f4dznu strechu s modern\u00fdmi sveteln\u00fdmi a zvukov\u00fdmi technol\u00f3giami, ktor\u00e1 disponuje amfite\u00e1trom i v\u00fdstavn\u00fdmi blackboxami a ktor\u00e1 sl\u00fa\u017ei na projekcie, koncerty, performance, diskusie a \u010fal\u0161ie kult\u00farne form\u00e1ty.<\/p>\n<p class=\"article-content-paragraph mb-4\">\u201eN\u00e1v\u0161tevn\u00edci sa m\u00f4\u017eu te\u0161i\u0165 na nov\u00e9 technick\u00e9 a z\u00e1\u017eitkov\u00e9 novinky, ktor\u00e9 t\u00e1to nov\u00e1 budova prin\u00e1\u0161a. Diela Andyho Warhola si teda bud\u00fa m\u00f4c\u0165 u\u017e v tento prv\u00fd de\u0148 nielen pas\u00edvne prezera\u0165, ale doslova akt\u00edvne za\u017e\u00edva\u0165. Rekon\u0161trukcia toti\u017e doslova prepojila origin\u00e1lne umenie, modern\u00fa architekt\u00faru, digit\u00e1lne technol\u00f3gie, ale aj vzdel\u00e1vanie a kult\u00farny turizmus,\u201c kon\u0161tatoval riadite\u013e M\u00fazea modern\u00e9ho umenia Andyho Warhola v Medzilaborciach Martin Cubjak.<\/p>\n<p>Zapojilo sa aj mesto<\/p>\n<p class=\"article-content-paragraph mb-4\">Pred rekon\u0161trukciou m\u00fazeum vypratali a obrazy zabalili a ulo\u017eili do depozit\u00e1ra. Niektor\u00e9 Warholove diela vystavovali po svete. Po\u010das rekon\u0161trukcie mesto Medzilaborce upravilo okolie za viac ako mili\u00f3n eur.<\/p>\n<p class=\"article-content-paragraph mb-4\">V okol\u00ed opravili dla\u017ebu, oddychov\u00fa z\u00f3nu a pribudli prvky drobnej architekt\u00fary. Socha Andyho Warhola vo font\u00e1ne sa opravila a voda vytek\u00e1 z d\u00e1\u017ednika, ktor\u00fd dr\u017e\u00ed v ruke.<\/p>\n<p class=\"article-content-paragraph mb-4\">M\u00fazeum zriadili v socialistickom monumente \u2013 b\u00fdvalom kult\u00farnom dome \u2013 v roku 1991, \u010di\u017ee 63 rokov po Andyho naroden\u00ed (6. augusta 1928, Pittsburgh) a \u0161tyri roky po jeho smrti (22. febru\u00e1ra 1987, New York).<\/p>\n<p class=\"article-content-paragraph mb-4\">Vzniku m\u00fazea predch\u00e1dzali aktivity nad\u0161encov zo Spolo\u010dnosti Andyho Warhola, ke\u010f sa e\u0161te za b\u00fdval\u00e9ho komunistick\u00e9ho re\u017eimu podarilo zozbiera\u0165 ve\u013ea materi\u00e1lov, dokumentov a expon\u00e1tov. M\u00fazeum ofici\u00e1lne existuje od 1. septembra 1991, ke\u010f spadalo pod ministerstvo kult\u00fary, o desa\u0165 rokov nesk\u00f4r sa stal zria\u010fovate\u013eom Pre\u0161ovsk\u00fd samospr\u00e1vny kraj.<\/p>\n<p class=\"article-content-paragraph mb-4\">Na svete s\u00fa len dve Warholove m\u00faze\u00e1, jedno v americkom Pittsburghu, druh\u00e9 v Medzilaborciach. Warholovi rodi\u010dia boli Rus\u00edni, poch\u00e1dzali z dediny Mikov\u00e1 na severov\u00fdchode Slovenska.<\/p>\n<p>Priebeh rekon\u0161trukcie2019 obstar\u00e1vanie na vypracovanie projektovej dokument\u00e1cie rekon\u0161trukcie2022 vyhl\u00e1sen\u00e9 verejn\u00e9 obstar\u00e1vanie na samotn\u00fa rekon\u0161trukciu5. 4. 2023\tpodp\u00edsan\u00e1 zmluva o dieloapr\u00edl 2023\tza\u010diatok realiz\u00e1cie rekon\u0161trukcie2023 \u2013 2024 hlavn\u00e9 stavebn\u00e9 pr\u00e1ce2024\u00a0\u00a0\u00a0\u00a0\u00a0\u00a0\u00a0\u00a0\u00a0\u00a0\u00a0\u00a0po\u010das rekon\u0161trukcie sa odkryli nepredv\u00eddan\u00e9 technick\u00e9 probl\u00e9my2024 \u2013 2025 \u2013 navy\u0161e pr\u00e1ce, zmeny projektu a zmena harmonogramu2025\u00a0\u00a0\u00a0\u00a0\u00a0\u00a0\u00a0\u00a0\u00a0\u00a0\u00a0\u00a0\u00a0p\u00f4vodn\u00fd term\u00edn dokon\u010denia sa v d\u00f4sledku zmien posunulmarec 2026\u00a0\u00a0m\u00fazeum uzatv\u00e1ra \u010fal\u0161ie zmluvy s\u00favisiace s technick\u00fdm dokon\u010dovan\u00edmapr\u00edl 2026\u00a0\u00a0\u00a0\u00a0\u00a0pod\u013ea projektov\u00e9ho harmonogramu koniec hlavnej realiz\u00e1ciejar\/leto 2026\u00a0vybavovanie m\u00fazea, pr\u00edprava expoz\u00edci\u00ed, technick\u00e9 a prev\u00e1dzkov\u00e9 zabezpe\u010denie4. 9. 2026\u00a0\u00a0\u00a0\u00a0\u00a0sl\u00e1vnostn\u00e9 otvorenie zrekon\u0161truovan\u00e9ho m\u00fazea<\/p>\n","protected":false},"excerpt":{"rendered":"\u201eSom ve\u013emi r\u00e1d, \u017ee po rokoch intenz\u00edvnej a n\u00e1ro\u010dnej pr\u00e1ce m\u00f4\u017eeme verejnosti odovzda\u0165 zrekon\u0161truovan\u00fd a z\u00e1rove\u0148 unik\u00e1tny priestor,&hellip;\n","protected":false},"author":2,"featured_media":169765,"comment_status":"","ping_status":"","sticky":false,"template":"","format":"standard","meta":{"footnotes":"","_share_on_mastodon":"0"},"categories":[6],"tags":[43,40,44,39,42,45,41],"class_list":["post-169764","post","type-post","status-publish","format-standard","has-post-thumbnail","category-slovensko","tag-sk","tag-slovak","tag-slovak-republic","tag-slovakia","tag-slovencina","tag-slovenska-republika","tag-slovensko"],"share_on_mastodon":{"url":"https:\/\/pubeurope.com\/@sk\/117208634203993220","error":""},"_links":{"self":[{"href":"https:\/\/www.europesays.com\/sk\/wp-json\/wp\/v2\/posts\/169764","targetHints":{"allow":["GET"]}}],"collection":[{"href":"https:\/\/www.europesays.com\/sk\/wp-json\/wp\/v2\/posts"}],"about":[{"href":"https:\/\/www.europesays.com\/sk\/wp-json\/wp\/v2\/types\/post"}],"author":[{"embeddable":true,"href":"https:\/\/www.europesays.com\/sk\/wp-json\/wp\/v2\/users\/2"}],"replies":[{"embeddable":true,"href":"https:\/\/www.europesays.com\/sk\/wp-json\/wp\/v2\/comments?post=169764"}],"version-history":[{"count":0,"href":"https:\/\/www.europesays.com\/sk\/wp-json\/wp\/v2\/posts\/169764\/revisions"}],"wp:featuredmedia":[{"embeddable":true,"href":"https:\/\/www.europesays.com\/sk\/wp-json\/wp\/v2\/media\/169765"}],"wp:attachment":[{"href":"https:\/\/www.europesays.com\/sk\/wp-json\/wp\/v2\/media?parent=169764"}],"wp:term":[{"taxonomy":"category","embeddable":true,"href":"https:\/\/www.europesays.com\/sk\/wp-json\/wp\/v2\/categories?post=169764"},{"taxonomy":"post_tag","embeddable":true,"href":"https:\/\/www.europesays.com\/sk\/wp-json\/wp\/v2\/tags?post=169764"}],"curies":[{"name":"wp","href":"https:\/\/api.w.org\/{rel}","templated":true}]}}