{"id":169770,"date":"2026-09-03T18:58:13","date_gmt":"2026-09-03T18:58:13","guid":{"rendered":"https:\/\/www.europesays.com\/sk\/169770\/"},"modified":"2026-09-03T18:58:13","modified_gmt":"2026-09-03T18:58:13","slug":"policia-upozornuje-na-obmedzenia-pre-sobotny-nocny-beh-v-bratislave","status":"publish","type":"post","link":"https:\/\/www.europesays.com\/sk\/169770\/","title":{"rendered":"Pol\u00edcia upozor\u0148uje na obmedzenia pre sobotn\u00fd no\u010dn\u00fd beh v Bratislave"},"content":{"rendered":"<p>Bratislava 3. septembra (TASR) &#8211; Pol\u00edcia upozor\u0148uje na dopravn\u00e9 obmedzenia pre sobotn\u00fd (5. 9.) no\u010dn\u00fd beh v Bratislave. T\u00fdka\u0165 sa bud\u00fa najm\u00e4 Star\u00e9ho Mesta a Petr\u017ealky. Informovala o tom bratislavsk\u00e1 krajsk\u00e1 pol\u00edcia na soci\u00e1lnej sieti.<\/p>\n<p>\u201eViedensk\u00e1 cesta a Krasovsk\u00e9ho ulica bud\u00fa pre vodi\u010dov v \u010dase pribli\u017ene od 19.15 h do 22.00 h uzavret\u00e9 v \u00faseku od Nov\u00e9ho mosta (Most SNP) po kri\u017eovatku pri Divadle Ar\u00e9na,\u201c pribl\u00ed\u017eila pol\u00edcia. Od pribli\u017ene 19.55 h sa m\u00e1 za\u010da\u0165 postupne uzatv\u00e1ra\u0165 trasa hlavn\u00e9ho behu. \u201eDopravn\u00e9 obmedzenia sa dotkn\u00fa najm\u00e4 \u00fasekov \u0160af\u00e1rikovo n\u00e1mestie &#8211; Vajansk\u00e9ho n\u00e1bre\u017eie &#8211; R\u00e1zusovo n\u00e1bre\u017eie &#8211; N\u00e1bre\u017eie arm. Gen. L. Svobodu &#8211; \u017di\u017ekova ulica &#8211; Kapuc\u00ednska ulica &#8211; N\u00e1mestie SNP,\u201c uviedla pol\u00edcia s t\u00fdm, \u017ee obmedzenia potrvaj\u00fa pribli\u017ene do 21.00 h.<\/p>\n<p>Ako doplnila, jednotliv\u00e9 \u00faseky bud\u00fa uzatv\u00e1ran\u00e9 len na nevyhnutn\u00fd \u010das, pribli\u017ene 20 a\u017e 40 min\u00fat, pri\u010dom doprava bude uvo\u013e\u0148ovan\u00e1 priebe\u017ene, bezprostredne po prebehnut\u00ed pelot\u00f3nu be\u017ecov. Bezpe\u010dnos\u0165 \u00fa\u010dastn\u00edkov podujatia a ostatn\u00fdch \u00fa\u010dastn\u00edkov cestnej prem\u00e1vky, ako aj plynul\u00fd priebeh dopravy bud\u00fa zabezpe\u010dova\u0165 policajti, ktor\u00ed bud\u00fa operat\u00edvne riadi\u0165 dopravu na dotknut\u00fdch kri\u017eovatk\u00e1ch a v\u00fdjazdoch. Vodi\u010dov vyz\u00fdvaj\u00fa na pozornos\u0165 a re\u0161pektovanie pokynov.<\/p>\n","protected":false},"excerpt":{"rendered":"Bratislava 3. septembra (TASR) &#8211; Pol\u00edcia upozor\u0148uje na dopravn\u00e9 obmedzenia pre sobotn\u00fd (5. 9.) no\u010dn\u00fd beh v Bratislave.&hellip;\n","protected":false},"author":2,"featured_media":169771,"comment_status":"","ping_status":"","sticky":false,"template":"","format":"standard","meta":{"footnotes":"","_share_on_mastodon":"0"},"categories":[21],"tags":[1095,3443,136,373,525,43,40,39,42,41,992],"class_list":["post-169770","post","type-post","status-publish","format-standard","has-post-thumbnail","category-bratislava","tag-bax","tag-beh","tag-bratislava","tag-doprava","tag-policia","tag-sk","tag-slovak","tag-slovakia","tag-slovencina","tag-slovensko","tag-sr"],"share_on_mastodon":{"url":"https:\/\/pubeurope.com\/@sk\/117208645756329529","error":""},"_links":{"self":[{"href":"https:\/\/www.europesays.com\/sk\/wp-json\/wp\/v2\/posts\/169770","targetHints":{"allow":["GET"]}}],"collection":[{"href":"https:\/\/www.europesays.com\/sk\/wp-json\/wp\/v2\/posts"}],"about":[{"href":"https:\/\/www.europesays.com\/sk\/wp-json\/wp\/v2\/types\/post"}],"author":[{"embeddable":true,"href":"https:\/\/www.europesays.com\/sk\/wp-json\/wp\/v2\/users\/2"}],"replies":[{"embeddable":true,"href":"https:\/\/www.europesays.com\/sk\/wp-json\/wp\/v2\/comments?post=169770"}],"version-history":[{"count":0,"href":"https:\/\/www.europesays.com\/sk\/wp-json\/wp\/v2\/posts\/169770\/revisions"}],"wp:featuredmedia":[{"embeddable":true,"href":"https:\/\/www.europesays.com\/sk\/wp-json\/wp\/v2\/media\/169771"}],"wp:attachment":[{"href":"https:\/\/www.europesays.com\/sk\/wp-json\/wp\/v2\/media?parent=169770"}],"wp:term":[{"taxonomy":"category","embeddable":true,"href":"https:\/\/www.europesays.com\/sk\/wp-json\/wp\/v2\/categories?post=169770"},{"taxonomy":"post_tag","embeddable":true,"href":"https:\/\/www.europesays.com\/sk\/wp-json\/wp\/v2\/tags?post=169770"}],"curies":[{"name":"wp","href":"https:\/\/api.w.org\/{rel}","templated":true}]}}