{"id":169782,"date":"2026-09-03T19:09:09","date_gmt":"2026-09-03T19:09:09","guid":{"rendered":"https:\/\/www.europesays.com\/sk\/169782\/"},"modified":"2026-09-03T19:09:09","modified_gmt":"2026-09-03T19:09:09","slug":"kradez-draheho-vysavaca-v-nakupnom-centre-v-bratislave","status":"publish","type":"post","link":"https:\/\/www.europesays.com\/sk\/169782\/","title":{"rendered":"Kr\u00e1de\u017e drah\u00e9ho vys\u00e1va\u010da v n\u00e1kupnom centre v Bratislave"},"content":{"rendered":"<p>BRATISLAVA &#8211; Bratislavsk\u00ed policajti vy\u0161etruj\u00fa pr\u00edpad drzej kr\u00e1de\u017ee, ku ktorej do\u0161lo v n\u00e1kupnom centre na Pribinovej ulici v Bratislave. Z predajne s elektronikou na m\u00ednus prvom podla\u017e\u00ed zmizol luxusn\u00fd ty\u010dov\u00fd vys\u00e1va\u010d v hodnote takmer tis\u00edc eur. Pol\u00edcia v tejto s\u00favislosti zverejnila z\u00e1bery z bezpe\u010dnostn\u00fdch kamier a pros\u00ed verejnos\u0165 o pomoc pri identifik\u00e1cii dvoch \u017eien na videu.<\/p>\n<p>K incidentu do\u0161lo e\u0161te 11. augusta 2026 kr\u00e1tko po 19:10 hod v predajni s elektronikou na -1. podla\u017e\u00ed obchodn\u00e9ho domu pri Dunaji. Z priestorov predajne bol odcudzen\u00fd pr\u00e9miov\u00fd ty\u010dov\u00fd vys\u00e1va\u010d zna\u010dky Dyson V15S SUBMARINE. Po\u0161kodenej spolo\u010dnosti bola sp\u00f4soben\u00e1 materi\u00e1lov\u00e1 \u0161koda vo v\u00fd\u0161ke takmer 1 000 eur.<\/p>\n<p>Pozn\u00e1te \u017eeny na videu? Kontaktujte pol\u00edciu<\/p>\n<p>Pr\u00edpadom sa intenz\u00edvne zaoberaj\u00fa policajti druh\u00e9ho bratislavsk\u00e9ho okresu, ktor\u00ed za\u010dali trestn\u00e9 st\u00edhanie vo veci pre\u010dinu kr\u00e1de\u017ee. V s\u00favislosti s vy\u0161etrovan\u00edm zverejnili kamerov\u00e9 z\u00e1znamy.<\/p>\n<p data-path-to-node=\"15,0\">\u201eVyz\u00fdvame ob\u010danov, ktor\u00ed maj\u00fa ak\u00e9ko\u013evek inform\u00e1cie k toto\u017enosti os\u00f4b na videu, k ich s\u00fa\u010dasn\u00e9mu pohybu alebo pobytu, aby n\u00e1m ich ozn\u00e1mili na bezplatnom \u010d\u00edsle pol\u00edcie 158, osobne na ktoromko\u013evek policajnom oddelen\u00ed, pr\u00edpadne formou s\u00fakromnej spr\u00e1vy na FB Pol\u00edcia SR &#8211; Bratislavsk\u00fd kraj,\u201c apeluje pol\u00edcia.<\/p>\n","protected":false},"excerpt":{"rendered":"BRATISLAVA &#8211; Bratislavsk\u00ed policajti vy\u0161etruj\u00fa pr\u00edpad drzej kr\u00e1de\u017ee, ku ktorej do\u0161lo v n\u00e1kupnom centre na Pribinovej ulici v&hellip;\n","protected":false},"author":2,"featured_media":169783,"comment_status":"","ping_status":"","sticky":false,"template":"","format":"standard","meta":{"footnotes":"","_share_on_mastodon":"0"},"categories":[6],"tags":[136,48138,298,43,40,44,39,42,45,41],"class_list":["post-169782","post","type-post","status-publish","format-standard","has-post-thumbnail","category-slovensko","tag-bratislava","tag-dyson","tag-kradez","tag-sk","tag-slovak","tag-slovak-republic","tag-slovakia","tag-slovencina","tag-slovenska-republika","tag-slovensko"],"share_on_mastodon":{"url":"https:\/\/pubeurope.com\/@sk\/117208689393041647","error":""},"_links":{"self":[{"href":"https:\/\/www.europesays.com\/sk\/wp-json\/wp\/v2\/posts\/169782","targetHints":{"allow":["GET"]}}],"collection":[{"href":"https:\/\/www.europesays.com\/sk\/wp-json\/wp\/v2\/posts"}],"about":[{"href":"https:\/\/www.europesays.com\/sk\/wp-json\/wp\/v2\/types\/post"}],"author":[{"embeddable":true,"href":"https:\/\/www.europesays.com\/sk\/wp-json\/wp\/v2\/users\/2"}],"replies":[{"embeddable":true,"href":"https:\/\/www.europesays.com\/sk\/wp-json\/wp\/v2\/comments?post=169782"}],"version-history":[{"count":0,"href":"https:\/\/www.europesays.com\/sk\/wp-json\/wp\/v2\/posts\/169782\/revisions"}],"wp:featuredmedia":[{"embeddable":true,"href":"https:\/\/www.europesays.com\/sk\/wp-json\/wp\/v2\/media\/169783"}],"wp:attachment":[{"href":"https:\/\/www.europesays.com\/sk\/wp-json\/wp\/v2\/media?parent=169782"}],"wp:term":[{"taxonomy":"category","embeddable":true,"href":"https:\/\/www.europesays.com\/sk\/wp-json\/wp\/v2\/categories?post=169782"},{"taxonomy":"post_tag","embeddable":true,"href":"https:\/\/www.europesays.com\/sk\/wp-json\/wp\/v2\/tags?post=169782"}],"curies":[{"name":"wp","href":"https:\/\/api.w.org\/{rel}","templated":true}]}}