{"id":169810,"date":"2026-09-03T19:37:14","date_gmt":"2026-09-03T19:37:14","guid":{"rendered":"https:\/\/www.europesays.com\/sk\/169810\/"},"modified":"2026-09-03T19:37:14","modified_gmt":"2026-09-03T19:37:14","slug":"vodic-pri-liptovskom-mikulasi-vosiel-do-protismeru-a-zrazil-sa-s-dvoma-autami-na-mieste-eviduju-zranenych","status":"publish","type":"post","link":"https:\/\/www.europesays.com\/sk\/169810\/","title":{"rendered":"Vodi\u010d pri Liptovskom Mikul\u00e1\u0161i vo\u0161iel do protismeru a zrazil sa s dvoma autami. Na mieste eviduj\u00fa zranen\u00fdch"},"content":{"rendered":"<p>\u200bNa miesto ihne\u010f vyrazili pos\u00e1dky Hasi\u010dsk\u00e9ho a z\u00e1chrann\u00e9ho zboru z Liptovsk\u00e9ho Hr\u00e1dku, Liptovsk\u00e9ho Mikul\u00e1\u0161a aj Mengusoviec. Pomoc privolal automatick\u00fd syst\u00e9m eCall z jedn\u00e9ho z havarovan\u00fdch \u00e1ut.<\/p>\n<p>Dve osoby sa zranili<\/p>\n<p>Pri zr\u00e1\u017eke sa zranili dvaja \u00fa\u010dastn\u00edci, ktor\u00fdch z\u00e1chran\u00e1ri previezli do nemocn\u00edc v Poprade a Liptovskom Mikul\u00e1\u0161i. \u00dasek cesty I\/18 bol z d\u00f4vodu dokumentovania nehody a odstra\u0148ovania jej n\u00e1sledkov neprejazdn\u00fd. Presn\u00e9 pr\u00ed\u010diny kol\u00edzie vy\u0161etruje dopravn\u00e1 pol\u00edcia.<\/p>\n","protected":false},"excerpt":{"rendered":"\u200bNa miesto ihne\u010f vyrazili pos\u00e1dky Hasi\u010dsk\u00e9ho a z\u00e1chrann\u00e9ho zboru z Liptovsk\u00e9ho Hr\u00e1dku, Liptovsk\u00e9ho Mikul\u00e1\u0161a aj Mengusoviec. Pomoc privolal&hellip;\n","protected":false},"author":2,"featured_media":169811,"comment_status":"","ping_status":"","sticky":false,"template":"","format":"standard","meta":{"footnotes":"","_share_on_mastodon":"0"},"categories":[6],"tags":[26643,535,7445,43,40,44,39,42,45,41,1506],"class_list":["post-169810","post","type-post","status-publish","format-standard","has-post-thumbnail","category-slovensko","tag-hybe","tag-nehoda","tag-ruzomberok","tag-sk","tag-slovak","tag-slovak-republic","tag-slovakia","tag-slovencina","tag-slovenska-republika","tag-slovensko","tag-zraneni"],"share_on_mastodon":{"url":"https:\/\/pubeurope.com\/@sk\/117208799460831832","error":""},"_links":{"self":[{"href":"https:\/\/www.europesays.com\/sk\/wp-json\/wp\/v2\/posts\/169810","targetHints":{"allow":["GET"]}}],"collection":[{"href":"https:\/\/www.europesays.com\/sk\/wp-json\/wp\/v2\/posts"}],"about":[{"href":"https:\/\/www.europesays.com\/sk\/wp-json\/wp\/v2\/types\/post"}],"author":[{"embeddable":true,"href":"https:\/\/www.europesays.com\/sk\/wp-json\/wp\/v2\/users\/2"}],"replies":[{"embeddable":true,"href":"https:\/\/www.europesays.com\/sk\/wp-json\/wp\/v2\/comments?post=169810"}],"version-history":[{"count":0,"href":"https:\/\/www.europesays.com\/sk\/wp-json\/wp\/v2\/posts\/169810\/revisions"}],"wp:featuredmedia":[{"embeddable":true,"href":"https:\/\/www.europesays.com\/sk\/wp-json\/wp\/v2\/media\/169811"}],"wp:attachment":[{"href":"https:\/\/www.europesays.com\/sk\/wp-json\/wp\/v2\/media?parent=169810"}],"wp:term":[{"taxonomy":"category","embeddable":true,"href":"https:\/\/www.europesays.com\/sk\/wp-json\/wp\/v2\/categories?post=169810"},{"taxonomy":"post_tag","embeddable":true,"href":"https:\/\/www.europesays.com\/sk\/wp-json\/wp\/v2\/tags?post=169810"}],"curies":[{"name":"wp","href":"https:\/\/api.w.org\/{rel}","templated":true}]}}