{"id":169836,"date":"2026-09-03T20:02:14","date_gmt":"2026-09-03T20:02:14","guid":{"rendered":"https:\/\/www.europesays.com\/sk\/169836\/"},"modified":"2026-09-03T20:02:14","modified_gmt":"2026-09-03T20:02:14","slug":"dalsia-slovenska-banka-spusti-novu-platobnu-funkciu-pozname-presny-termin","status":"publish","type":"post","link":"https:\/\/www.europesays.com\/sk\/169836\/","title":{"rendered":"\u010eal\u0161ia slovensk\u00e1 banka spust\u00ed nov\u00fa platobn\u00fa funkciu. Pozn\u00e1me presn\u00fd term\u00edn"},"content":{"rendered":"<p>\n                        Prv\u00ed klienti bud\u00fa m\u00f4c\u0165 novinku vyu\u017e\u00edva\u0165 o dva t\u00fd\u017edne, plo\u0161n\u00e9 spr\u00edstupnenie m\u00e1 nasledova\u0165 kr\u00e1tko nato.\n                    <\/p>\n<p>Platobn\u00e1 slu\u017eba Blik sa u\u017e o p\u00e1r dn\u00ed roz\u0161\u00edri do \u010fal\u0161ej banky na Slovensku. mBank pre \u017div\u00e9.sk spresnila harmonogram jej nasadenia. <\/p>\n<p>Prv\u00e1 skupina klientov m\u00e1 novinku dosta\u0165 18. septembra. N\u00e1sledne ju bude banka postupne zap\u00edna\u0165 \u010fal\u0161\u00edm pou\u017e\u00edvate\u013eom. <\/p>\n<p>\u201eK 18. septembru spust\u00edme Blik pre prv\u00e9 skupiny klientov v r\u00e1mci postupn\u00e9ho zav\u00e1dzania slu\u017eby. Plo\u0161n\u00e9 spr\u00edstupnenie pre v\u0161etk\u00fdch klientov mBank Slovensko je napl\u00e1novan\u00e9 najnesk\u00f4r od 1. okt\u00f3bra,\u201c uviedla pre \u017div\u00e9.sk hovorky\u0148a mBank Zuzana \u0160imkov\u00e1. <\/p>\n<p>mBank <a href=\"https:\/\/zive.aktuality.sk\/clanok\/iKH4jaA\/revolucia-pri-platbach-na-internete-novu-sluzbu-spusti-dalsia-slovenska-banka-vieme-viac\/\" id=\"c09c414b-b65e-4a93-82c8-74044fb520df\" rel=\"nofollow noopener\" target=\"_blank\">u\u017e sk\u00f4r klientom ozn\u00e1mila<\/a> \u00fapravu v\u0161eobecn\u00fdch obchodn\u00fdch podmienok, v ktor\u00fdch pribudla aj platobn\u00e1 met\u00f3da Blik. Zmeny maj\u00fa by\u0165 \u00fa\u010dinn\u00e9 pr\u00e1ve od 18. septembra 2026. <\/p>\n<p>Pr\u00edprava slu\u017eby trv\u00e1 dlh\u0161ie. Blik e\u0161te v auguste 2024 ozn\u00e1mil, \u017ee za\u010dal pracova\u0165 na spusten\u00ed v mBank na Slovensku. Banka sa rozhodla pre integr\u00e1ciu priamo do svojej mobilnej aplik\u00e1cie. <\/p>\n<p>                <a class=\"article-image-container\" title=\"Fotogal\u00e9ria \u010eal\u0161ia slovensk\u00e1 banka spust\u00ed nov\u00fa platobn\u00fa funkciu. Pozn\u00e1me presn\u00fd term\u00edn\" href=\"https:\/\/zive.aktuality.sk\/fotogaleria\/uLGLsPJ\/dalsia-slovenska-banka-spusti-novu-platobnu-funkciu-pozname-presny-termin\/1\/\" data-event=\"clanok|foto-v-clanku|1\" rel=\"nofollow noopener\" target=\"_blank\"><br \/>\n                                            <img decoding=\"async\" class=\"image lazyload\" src=\"https:\/\/www.europesays.com\/sk\/wp-content\/uploads\/2026\/09\/8MLktkpTURBXy81MzVlMTU1YmI2ZGY0Y2FlYjE2ZTk3ZjZmN2UxYWE4YS5qcGeRlQLNB9AAwsM.jpeg\" alt=\"Platba prebehne po zadan\u00ed vygenerovan\u00e9ho k\u00f3du v e-shope.\" title=\"Platba prebehne po zadan\u00ed vygenerovan\u00e9ho k\u00f3du v e-shope.\"\/><\/p>\n<p>                        <\/a><\/p>\n<p>                Platba prebehne po zadan\u00ed vygenerovan\u00e9ho k\u00f3du v e-shope.<\/p>\n<p>                    Zdroj: Blik a \u00faprava \u017div\u00e9.sk<\/p>\n<p>                                                                                                                                                    Ako Blik funguje<\/p>\n<p>Blik poch\u00e1dza z Po\u013eska a pri internetov\u00fdch platb\u00e1ch funguje bez potreby zad\u00e1va\u0165 \u00fadaje z platobnej karty. Pou\u017e\u00edvate\u013e si v mobilnej aplik\u00e1cii banky vygeneruje \u0161es\u0165miestny k\u00f3d. Ten zad\u00e1 pri platbe v internetovom obchode a n\u00e1sledne transakciu potvrd\u00ed priamo v aplik\u00e1cii. <\/p>\n<p>Na Slovensku slu\u017eba funguje po prevzat\u00ed platobn\u00e9ho rie\u0161enia Viamo. Blik z\u00e1rove\u0148 rokuje aj s \u010fal\u0161\u00edmi bankami a postupne roz\u0161iruje po\u010det obchodn\u00edkov, ktor\u00ed platby podporuj\u00fa. <\/p>\n<p>V \u010fal\u0161ej f\u00e1ze chce spusti\u0165 opakovan\u00e9 platby, ktor\u00e9 by mohli sl\u00fa\u017ei\u0165 napr\u00edklad na predplatn\u00e9 alebo pravideln\u00e9 \u00fahrady fakt\u00far. <\/p>\n<p>Na koniec roka 2026 je napl\u00e1novan\u00e9 aj prepojenie slovensk\u00e9ho a po\u013esk\u00e9ho trhu. Slovensk\u00ed pou\u017e\u00edvatelia by tak mali z\u00edska\u0165 mo\u017enos\u0165 plati\u0165 Blikom aj v po\u013esk\u00fdch internetov\u00fdch obchodoch. <\/p>\n<p>Doteraz Blik fungoval len pre klientov Tatra banky. <\/p>\n<p>                                                    <a style=\"\" class=\"banner-link\" href=\"https:\/\/zive.aktuality.sk\/ai-news\/\" rel=\"nofollow noopener\" target=\"_blank\"><\/p>\n<p>                                                                                    <img decoding=\"async\" src=\"https:\/\/s.aktuality.sk\/img\/yJSsKPvdL-v-Ikz6FBS7.jpg?st=LGePPDj2_zL206pXecRzK4XdvDQweuHuM4JN8p1dwYE&amp;ts=1786095422&amp;e=0&amp;v=1\" alt=\"ai-news-banner\" class=\"banner-image\"\/><\/p>\n<p>                                                        <\/a><\/p>\n","protected":false},"excerpt":{"rendered":"Prv\u00ed klienti bud\u00fa m\u00f4c\u0165 novinku vyu\u017e\u00edva\u0165 o dva t\u00fd\u017edne, plo\u0161n\u00e9 spr\u00edstupnenie m\u00e1 nasledova\u0165 kr\u00e1tko nato. Platobn\u00e1 slu\u017eba Blik&hellip;\n","protected":false},"author":2,"featured_media":169837,"comment_status":"","ping_status":"","sticky":false,"template":"","format":"standard","meta":{"footnotes":"","_share_on_mastodon":"0"},"categories":[11],"tags":[64,65,66,43,40,39,42,41],"class_list":["post-169836","post","type-post","status-publish","format-standard","has-post-thumbnail","category-ekonomika","tag-business","tag-economic","tag-ekonomika","tag-sk","tag-slovak","tag-slovakia","tag-slovencina","tag-slovensko"],"share_on_mastodon":{"url":"https:\/\/pubeurope.com\/@sk\/117208897927965479","error":""},"_links":{"self":[{"href":"https:\/\/www.europesays.com\/sk\/wp-json\/wp\/v2\/posts\/169836","targetHints":{"allow":["GET"]}}],"collection":[{"href":"https:\/\/www.europesays.com\/sk\/wp-json\/wp\/v2\/posts"}],"about":[{"href":"https:\/\/www.europesays.com\/sk\/wp-json\/wp\/v2\/types\/post"}],"author":[{"embeddable":true,"href":"https:\/\/www.europesays.com\/sk\/wp-json\/wp\/v2\/users\/2"}],"replies":[{"embeddable":true,"href":"https:\/\/www.europesays.com\/sk\/wp-json\/wp\/v2\/comments?post=169836"}],"version-history":[{"count":0,"href":"https:\/\/www.europesays.com\/sk\/wp-json\/wp\/v2\/posts\/169836\/revisions"}],"wp:featuredmedia":[{"embeddable":true,"href":"https:\/\/www.europesays.com\/sk\/wp-json\/wp\/v2\/media\/169837"}],"wp:attachment":[{"href":"https:\/\/www.europesays.com\/sk\/wp-json\/wp\/v2\/media?parent=169836"}],"wp:term":[{"taxonomy":"category","embeddable":true,"href":"https:\/\/www.europesays.com\/sk\/wp-json\/wp\/v2\/categories?post=169836"},{"taxonomy":"post_tag","embeddable":true,"href":"https:\/\/www.europesays.com\/sk\/wp-json\/wp\/v2\/tags?post=169836"}],"curies":[{"name":"wp","href":"https:\/\/api.w.org\/{rel}","templated":true}]}}