{"id":169842,"date":"2026-09-03T20:08:10","date_gmt":"2026-09-03T20:08:10","guid":{"rendered":"https:\/\/www.europesays.com\/sk\/169842\/"},"modified":"2026-09-03T20:08:10","modified_gmt":"2026-09-03T20:08:10","slug":"bratislavska-policia-pokutovala-vodicov-za-jazdu-vo-vyhradenom-pruhu-kontroly-budu-pokracovat","status":"publish","type":"post","link":"https:\/\/www.europesays.com\/sk\/169842\/","title":{"rendered":"Bratislavsk\u00e1 pol\u00edcia pokutovala vodi\u010dov za jazdu vo vyhradenom pruhu, kontroly bud\u00fa pokra\u010dova\u0165"},"content":{"rendered":"<p>\t\t\t\t\t\t\t<img decoding=\"async\" src=\"https:\/\/www.europesays.com\/sk\/wp-content\/uploads\/2026\/09\/1788466089_400_policia-policajne-auta-zdroj-ministerstvo-vnutra.jpg\" alt=\"Ilustra\u010dn\u00e9 foto. Zdroj: Ministerstvo vn\u00fatra SR\" style=\"aspect-ratio: 1.33;object-fit: cover; display:inline; width: 100%;\" fetchpriority=\"high\"\/><\/p>\n<p>\t\t\t\t\tIlustra\u010dn\u00e9 foto. Zdroj: Ministerstvo vn\u00fatra SR<\/p>\n<p>\t\t<img decoding=\"async\" src=\"https:\/\/www.europesays.com\/sk\/wp-content\/uploads\/2026\/09\/1788466089_140_author-default.jpg\" aria-label=\"Autor\"\/><\/p>\n<p>Bratislavsk\u00e1 pol\u00edcia v stredu (2. 9.) na Pra\u017eskej ulici pokutovala siedmich vodi\u010dov za jazdu vo vyhradenom jazdnom pruhu pre autobusy a trolejbusy. Informovala o tom na soci\u00e1lnej sieti. Z\u00e1rove\u0148 avizovala, \u017ee v kontrol\u00e1ch bude pokra\u010dova\u0165.<\/p>\n<p>V tejto s\u00favislosti pouk\u00e1zala na z\u00e1kon o cestnej prem\u00e1vke. \u201eVyhraden\u00fd jazdn\u00fd pruh je ur\u010den\u00fd pre vozidl\u00e1, pre ktor\u00e9 je vyhraden\u00fd. Z\u00e1rove\u0148 z\u00e1kon vymedzuje v\u00fdnimky, ke\u010f m\u00f4\u017eu vo vyhradenom jazdnom pruhu pre autobusy alebo trolejbusy jazdi\u0165 aj in\u00e9 vozidl\u00e1, napr\u00edklad vozidl\u00e1 taxislu\u017eby alebo ozna\u010den\u00e9 v\u00fdcvikov\u00e9 vozidl\u00e1 auto\u0161koly pri vykon\u00e1van\u00ed v\u00fdcviku \u010di sk\u00fa\u0161ky, pri\u010dom nesm\u00fa obmedzova\u0165 plynulos\u0165 jazdy vozidiel, pre ktor\u00e9 je tento pruh ur\u010den\u00fd,\u201c upozornila pol\u00edcia.<\/p>\n<p class=\"tags\">Viac o t\u00e9me: <a href=\"https:\/\/regiony.zoznam.sk\/tag\/autobusy\/\" rel=\"nofollow noopener\" target=\"_blank\">autobusy<\/a>, <a href=\"https:\/\/regiony.zoznam.sk\/tag\/bratislavska-policia\/\" rel=\"nofollow noopener\" target=\"_blank\">Bratislavsk\u00e1 pol\u00edcia<\/a>, <a href=\"https:\/\/regiony.zoznam.sk\/tag\/cestna-premavka\/\" rel=\"nofollow noopener\" target=\"_blank\">cestn\u00e1 prem\u00e1vka<\/a>, <a href=\"https:\/\/regiony.zoznam.sk\/tag\/doprava\/\" rel=\"nofollow noopener\" target=\"_blank\">doprava<\/a>, <a href=\"https:\/\/regiony.zoznam.sk\/tag\/kontrola-policie\/\" rel=\"nofollow noopener\" target=\"_blank\">kontrola pol\u00edcie<\/a>, <a href=\"https:\/\/regiony.zoznam.sk\/tag\/pokuty\/\" rel=\"nofollow noopener\" target=\"_blank\">pokuty<\/a>, <a href=\"https:\/\/regiony.zoznam.sk\/tag\/prazska-ulica\/\" rel=\"nofollow noopener\" target=\"_blank\">Pra\u017esk\u00e1 ulica<\/a>, <a href=\"https:\/\/regiony.zoznam.sk\/tag\/trolejbusy\/\" rel=\"nofollow noopener\" target=\"_blank\">trolejbusy<\/a>, <a href=\"https:\/\/regiony.zoznam.sk\/tag\/vodici\/\" rel=\"nofollow noopener\" target=\"_blank\">vodi\u010di<\/a><\/p>\n<p>\t\tKoment\u00e1re k \u010dl\u00e1nku<\/p>\n<p>\t\t\t\t\t\t\t\t\t\t\t\t\t\t\t\t\t<img decoding=\"async\" class=\"article-comment-image\" src=\"https:\/\/www.europesays.com\/sk\/wp-content\/uploads\/2026\/09\/1788466090_823_avatar92.jpg\" alt=\"\"\/><\/p>\n<p>JAN VARCHOL<\/p>\n<p>\n\t\t\t\t\t\t\t\t\tPred 1 hodinou\t\t\t\t\t\t\t\t<\/p>\n<p>pokuty za prazdny pruh ,ak tam nikto nieje, preco neposunut premavku dalej,ak nikoho neobmedzis nevidim dovod (biznis)<\/p>\n","protected":false},"excerpt":{"rendered":"Ilustra\u010dn\u00e9 foto. Zdroj: Ministerstvo vn\u00fatra SR Bratislavsk\u00e1 pol\u00edcia v stredu (2. 9.) na Pra\u017eskej ulici pokutovala siedmich vodi\u010dov&hellip;\n","protected":false},"author":2,"featured_media":169843,"comment_status":"","ping_status":"","sticky":false,"template":"","format":"standard","meta":{"footnotes":"","_share_on_mastodon":"0"},"categories":[21],"tags":[2910,136,30227,522,373,45601,2603,2518,43,40,39,42,41,1721,528],"class_list":["post-169842","post","type-post","status-publish","format-standard","has-post-thumbnail","category-bratislava","tag-autobusy","tag-bratislava","tag-bratislavska-policia","tag-cestna-premavka","tag-doprava","tag-kontrola-policie","tag-pokuty","tag-prazska-ulica","tag-sk","tag-slovak","tag-slovakia","tag-slovencina","tag-slovensko","tag-trolejbusy","tag-vodici"],"share_on_mastodon":{"url":"https:\/\/pubeurope.com\/@sk\/117208921259023985","error":""},"_links":{"self":[{"href":"https:\/\/www.europesays.com\/sk\/wp-json\/wp\/v2\/posts\/169842","targetHints":{"allow":["GET"]}}],"collection":[{"href":"https:\/\/www.europesays.com\/sk\/wp-json\/wp\/v2\/posts"}],"about":[{"href":"https:\/\/www.europesays.com\/sk\/wp-json\/wp\/v2\/types\/post"}],"author":[{"embeddable":true,"href":"https:\/\/www.europesays.com\/sk\/wp-json\/wp\/v2\/users\/2"}],"replies":[{"embeddable":true,"href":"https:\/\/www.europesays.com\/sk\/wp-json\/wp\/v2\/comments?post=169842"}],"version-history":[{"count":0,"href":"https:\/\/www.europesays.com\/sk\/wp-json\/wp\/v2\/posts\/169842\/revisions"}],"wp:featuredmedia":[{"embeddable":true,"href":"https:\/\/www.europesays.com\/sk\/wp-json\/wp\/v2\/media\/169843"}],"wp:attachment":[{"href":"https:\/\/www.europesays.com\/sk\/wp-json\/wp\/v2\/media?parent=169842"}],"wp:term":[{"taxonomy":"category","embeddable":true,"href":"https:\/\/www.europesays.com\/sk\/wp-json\/wp\/v2\/categories?post=169842"},{"taxonomy":"post_tag","embeddable":true,"href":"https:\/\/www.europesays.com\/sk\/wp-json\/wp\/v2\/tags?post=169842"}],"curies":[{"name":"wp","href":"https:\/\/api.w.org\/{rel}","templated":true}]}}