{"id":169856,"date":"2026-09-03T20:29:07","date_gmt":"2026-09-03T20:29:07","guid":{"rendered":"https:\/\/www.europesays.com\/sk\/169856\/"},"modified":"2026-09-03T20:29:07","modified_gmt":"2026-09-03T20:29:07","slug":"arsenal-specatil-najvacsi-predaj-v-dejinach-klubu-sport-sk","status":"publish","type":"post","link":"https:\/\/www.europesays.com\/sk\/169856\/","title":{"rendered":"Arsenal spe\u010datil najv\u00e4\u010d\u0161\u00ed predaj v dejin\u00e1ch klubu &#8211; \u0160port.sk"},"content":{"rendered":"<p><a href=\"https:\/\/news.google.com\/rss\/articles\/CBMinAFBVV95cUxOY1JoSXQxZm5SdmZ4dlY2c0Q1VTJlVkxGRlRBb1NWR2VRVWlGcmc5c1N4QVhpcFN3cXJjQnFOYk0yZnhiakVVYnFXck9UbDZvYmFjZTlhRC1uOU1NbWFwa1NFMF9XMmp5UTAxVVBQYW9rejdHUFRIMUswNXE3N05GWUVOTTZhNHdrTG9aU3hVM0JETVlyVzBra1BjMEY?oc=5\" target=\"_blank\" rel=\"nofollow noopener\">Arsenal spe\u010datil najv\u00e4\u010d\u0161\u00ed predaj v dejin\u00e1ch klubu<\/a>&nbsp;&nbsp;\u0160port.sk<a href=\"https:\/\/news.google.com\/rss\/articles\/CBMipAFBVV95cUxOdVBQZG9wX0RfSzVZTjJuRW5qeEdfaGk0TVV0VGttYkRHNkphZkVQZGtOSmFCa3BPX0dvN1VuRVhzMnA3QU9XSUNqQkczM1U1LVdPUFdzWEhsbXFfb3k5VjV1OFN4bWNEcEN6QUVYbTJfM3gtSllOSWdJRndyb1BZSmRuRERtd0QwSnhRczE1dzE5ZXNzYWZHZTJjR2x5Y0dLWHJnNg?oc=5\" target=\"_blank\" rel=\"nofollow noopener\">Diskusia: Braz\u00edl\u010dan kon\u010d\u00ed po siedmich sez\u00f3nach v Arsenale. Za rekordn\u00fa sumu mieri do Saudskej Ar\u00e1bie<\/a>&nbsp;&nbsp;SPORTNET<a href=\"https:\/\/news.google.com\/rss\/articles\/CBMi7wFBVV95cUxQcjBra1U2RHUzNFlmX1ZCV2lwREhzV2pxd1U3eVFEdG0wbUZnbmREd05HNXhlVHJTdWd3dmNYamZNSTd3OW9mRnhNQ2p3R2QzT2lFUTJ2REZ3UW9oaXNEenVRWWxjTTcweURVTWZDenV4UllKUkI1ZHJMUXNJdmkxYlZhZ1ZVQXBlLWVrZEVnTTBLbTQ2Z0lGemtkUU9fMkctX0stdndUMFlXd21qS0ROWUFLMVhvZVo2TnA0bDdZa2dMZmVUQU9QdThJeDIxZ1h3TEY2eXRNSVJncEZfNEszUVNDUmtPekFlUjdmbm5oaw?oc=5\" target=\"_blank\" rel=\"nofollow noopener\">Najdrah\u0161\u00ed predaj v hist\u00f3rii Arsenalu. Anglick\u00fd majster z\u00edskal za Braz\u00edl\u010dana rekordn\u00fd bal\u00edk<\/a>&nbsp;&nbsp;Pravda<a href=\"https:\/\/news.google.com\/rss\/articles\/CBMi7gFBVV95cUxQXzl6cUFCWHJ4eFNxOTdLWngxUUhKazd4Mm5YN2pWc3loWDJ4WGx6NTM5VlE3WWljWTJvM1BNVGtkSmJJYnR4RmJCYlV1azktUG9yOHFmaGdnZlVwSkdfSWNDMnlNejFwcW9Fc21ydDhhdjVGT2tHWEhrSDkySDVxOEVlRzd2Y2FwbjR1WG4zVTh6UzlTakl6QWFleUNiY3RqWWxVZmQwaDVKd1VDTEhTYW9vS3hQR3lTVEE4aWdITDNLRzlTOUs2VnRDOHc2NlBqdlBHLWVoTGdEcE5RQ2pLLVJMdXhCeW1lRTNadkxB?oc=5\" target=\"_blank\" rel=\"nofollow noopener\">Martinelli najdrah\u0161\u00edm predajom v hist\u00f3rii Arsenalu, anglick\u00e9ho majstra men\u00ed za Saudsk\u00fa Ar\u00e1biu<\/a>&nbsp;&nbsp;Flashscore.sk<\/p>\n","protected":false},"excerpt":{"rendered":"Arsenal spe\u010datil najv\u00e4\u010d\u0161\u00ed predaj v dejin\u00e1ch klubu&nbsp;&nbsp;\u0160port.skDiskusia: Braz\u00edl\u010dan kon\u010d\u00ed po siedmich sez\u00f3nach v Arsenale. Za rekordn\u00fa sumu mieri&hellip;\n","protected":false},"author":2,"featured_media":169857,"comment_status":"","ping_status":"","sticky":false,"template":"","format":"standard","meta":{"footnotes":"","_share_on_mastodon":"0"},"categories":[13],"tags":[24728,4689,2646,7804,43,40,39,42,41,69,68],"class_list":["post-169856","post","type-post","status-publish","format-standard","has-post-thumbnail","category-sport","tag-al-hilal","tag-arsenal-fc","tag-premier-league","tag-saudi-pro-league-spl","tag-sk","tag-slovak","tag-slovakia","tag-slovencina","tag-slovensko","tag-sport","tag-sports"],"share_on_mastodon":{"url":"https:\/\/pubeurope.com\/@sk\/117209003701940959","error":""},"_links":{"self":[{"href":"https:\/\/www.europesays.com\/sk\/wp-json\/wp\/v2\/posts\/169856","targetHints":{"allow":["GET"]}}],"collection":[{"href":"https:\/\/www.europesays.com\/sk\/wp-json\/wp\/v2\/posts"}],"about":[{"href":"https:\/\/www.europesays.com\/sk\/wp-json\/wp\/v2\/types\/post"}],"author":[{"embeddable":true,"href":"https:\/\/www.europesays.com\/sk\/wp-json\/wp\/v2\/users\/2"}],"replies":[{"embeddable":true,"href":"https:\/\/www.europesays.com\/sk\/wp-json\/wp\/v2\/comments?post=169856"}],"version-history":[{"count":0,"href":"https:\/\/www.europesays.com\/sk\/wp-json\/wp\/v2\/posts\/169856\/revisions"}],"wp:featuredmedia":[{"embeddable":true,"href":"https:\/\/www.europesays.com\/sk\/wp-json\/wp\/v2\/media\/169857"}],"wp:attachment":[{"href":"https:\/\/www.europesays.com\/sk\/wp-json\/wp\/v2\/media?parent=169856"}],"wp:term":[{"taxonomy":"category","embeddable":true,"href":"https:\/\/www.europesays.com\/sk\/wp-json\/wp\/v2\/categories?post=169856"},{"taxonomy":"post_tag","embeddable":true,"href":"https:\/\/www.europesays.com\/sk\/wp-json\/wp\/v2\/tags?post=169856"}],"curies":[{"name":"wp","href":"https:\/\/api.w.org\/{rel}","templated":true}]}}