{"id":169868,"date":"2026-09-03T20:44:11","date_gmt":"2026-09-03T20:44:11","guid":{"rendered":"https:\/\/www.europesays.com\/sk\/169868\/"},"modified":"2026-09-03T20:44:11","modified_gmt":"2026-09-03T20:44:11","slug":"klientom-velkej-banky-zmizli-z-uctu-peniaze-vrati-im-ich-automaticky","status":"publish","type":"post","link":"https:\/\/www.europesays.com\/sk\/169868\/","title":{"rendered":"Klientom ve\u013ekej banky zmizli z \u00fa\u010dtu peniaze. Vr\u00e1ti im ich automaticky"},"content":{"rendered":"<p>\n                        Niektor\u00fdm klientom banka na konci augusta neopr\u00e1vnene za\u00fa\u010dtovala poplatok za vedenie \u00fa\u010dtu. Banka chybu priznala.\n                    <\/p>\n<p>P\u00f4vodn\u00fd \u010dl\u00e1nok z 10:49 sme doplnili na vyzna\u010denom mieste.  <\/p>\n<p>Niektor\u00fdch klientov \u010cSOB \u010dakalo pri kontrole \u00fa\u010dtu nepr\u00edjemn\u00e9 prekvapenie. Banka im toti\u017e na konci minul\u00e9ho mesiaca za\u00fa\u010dtovala poplatok za vedenie \u00fa\u010dtu vo v\u00fd\u0161ke sedem eur, hoci ho pod\u013ea podmienok plati\u0165 nemali. <\/p>\n<p>Na probl\u00e9m <a href=\"https:\/\/www.sme.sk\/index\/c\/csob-omylom-strhla-klientom-peniaze-priznala-technicku-chybu\" id=\"4161e86e-2ca3-4f80-a833-5300bcc30920\" rel=\"nofollow noopener\" target=\"_blank\">upozornil denn\u00edk<\/a> SME. \u010cSOB n\u00e1sledne potvrdila, \u017ee i\u0161lo o technick\u00fa chybu. <\/p>\n<p>                                                                                                                                                    Koho sa chyba t\u00fdkala<\/p>\n<p>Neopr\u00e1vnen\u00fd poplatok sa pod\u013ea dostupn\u00fdch inform\u00e1ci\u00ed objavil pri niektor\u00fdch majite\u013eoch star\u0161\u00edch bankov\u00fdch produktov. I\u0161lo o \u00fa\u010dty Pohoda, Pohoda Extra, detsk\u00fd \u00fa\u010det Slon\u00edk a Podnikate\u013esk\u00e9 konto. \u010cas\u0165 klientov pritom vyu\u017e\u00edva tieto \u00fa\u010dty bez poplatku, napr\u00edklad v\u010faka \u010fal\u0161\u00edm produktom banky. <\/p>\n<p>\u010cSOB uviedla, \u017ee chybu u\u017e odstr\u00e1nila a peniaze klientom vr\u00e1ti. <\/p>\n<p>Doplnen\u00e9 o 20:25: Banka spresnila, \u017ee dnes boli klientom peniaze prip\u00edsan\u00e9 na \u00fa\u010det. <\/p>\n<p>Klienti preto nemusia banku kontaktova\u0165 ani pod\u00e1va\u0165 \u017eiados\u0165 o vr\u00e1tenie poplatku. <\/p>\n<p>                                    <a href=\"https:\/\/zive.aktuality.sk\/clanok\/JYcmXC2\/revolut-vstupuje-do-dalsieho-biznisu-oznamil-nezvycajnu-novinku\" class=\"article-object-image box-article\" data-event=\"clanok|linkovany-clanok|obrazok\" rel=\"nofollow noopener\" target=\"_blank\"><\/p>\n<p><img decoding=\"async\" class=\"image lazyload\" src=\"https:\/\/www.europesays.com\/sk\/wp-content\/uploads\/2026\/09\/xALktkpTURBXy8wNWViMWY1ZGVjNTRkMDUyMDZkMzY4M2JiOTJmMGRmMS5qcGeSlQMAAM0EQM0CZJUCzQfQAMLD.jpeg\" alt=\"Revolut chyst\u00e1 \u010fal\u0161iu ve\u013ek\u00fa novinku. Objav\u00ed sa na letisk\u00e1ch\" title=\"Revolut chyst\u00e1 \u010fal\u0161iu ve\u013ek\u00fa novinku. Objav\u00ed sa na letisk\u00e1ch\"\/><\/p>\n<p>                    <\/a><\/p>\n<p>                    \u010c\u00edtajte aj<\/p>\n<p>                        <a href=\"https:\/\/zive.aktuality.sk\/clanok\/JYcmXC2\/revolut-vstupuje-do-dalsieho-biznisu-oznamil-nezvycajnu-novinku\" class=\"link\" title=\"Revolut vstupuje do \u010fal\u0161ieho biznisu. Ozn\u00e1mil nezvy\u010dajn\u00fa novinku\" data-event=\"clanok|linkovany-clanok|nadpis\" rel=\"nofollow noopener\" target=\"_blank\">Revolut vstupuje do \u010fal\u0161ieho biznisu. Ozn\u00e1mil nezvy\u010dajn\u00fa novinku<\/a><\/p>\n<p>TIP na videopodcast: Do na\u0161ich \u0161k\u00f4l prich\u00e1dza povinn\u00e1 umel\u00e1 inteligencia. <a href=\"https:\/\/zive.aktuality.sk\/clanok\/3uWjlTO\/do-nasich-skol-prichadza-povinna-umela-inteligencia-co-sa-deti-budu-ucit\/\" id=\"d67cff01-7926-4bbe-b0e7-22eb4bc2fd08\" rel=\"nofollow noopener\" target=\"_blank\">\u010co sa deti bud\u00fa u\u010di\u0165<\/a>:  <\/p>\n<p>                                                    <a style=\"\" class=\"banner-link\" href=\"https:\/\/zive.aktuality.sk\/ai-news\/\" rel=\"nofollow noopener\" target=\"_blank\"><\/p>\n<p>                                                                                    <img decoding=\"async\" src=\"https:\/\/s.aktuality.sk\/img\/yJSsKPvdL-v-Ikz6FBS7.jpg?st=LGePPDj2_zL206pXecRzK4XdvDQweuHuM4JN8p1dwYE&amp;ts=1786095422&amp;e=0&amp;v=1\" alt=\"ai-news-banner\" class=\"banner-image\"\/><\/p>\n<p>                                                        <\/a><\/p>\n","protected":false},"excerpt":{"rendered":"Niektor\u00fdm klientom banka na konci augusta neopr\u00e1vnene za\u00fa\u010dtovala poplatok za vedenie \u00fa\u010dtu. Banka chybu priznala. P\u00f4vodn\u00fd \u010dl\u00e1nok z&hellip;\n","protected":false},"author":2,"featured_media":169869,"comment_status":"","ping_status":"","sticky":false,"template":"","format":"standard","meta":{"footnotes":"","_share_on_mastodon":"0"},"categories":[11],"tags":[64,65,66,43,40,39,42,41],"class_list":["post-169868","post","type-post","status-publish","format-standard","has-post-thumbnail","category-ekonomika","tag-business","tag-economic","tag-ekonomika","tag-sk","tag-slovak","tag-slovakia","tag-slovencina","tag-slovensko"],"share_on_mastodon":{"url":"https:\/\/pubeurope.com\/@sk\/117209062795045115","error":""},"_links":{"self":[{"href":"https:\/\/www.europesays.com\/sk\/wp-json\/wp\/v2\/posts\/169868","targetHints":{"allow":["GET"]}}],"collection":[{"href":"https:\/\/www.europesays.com\/sk\/wp-json\/wp\/v2\/posts"}],"about":[{"href":"https:\/\/www.europesays.com\/sk\/wp-json\/wp\/v2\/types\/post"}],"author":[{"embeddable":true,"href":"https:\/\/www.europesays.com\/sk\/wp-json\/wp\/v2\/users\/2"}],"replies":[{"embeddable":true,"href":"https:\/\/www.europesays.com\/sk\/wp-json\/wp\/v2\/comments?post=169868"}],"version-history":[{"count":0,"href":"https:\/\/www.europesays.com\/sk\/wp-json\/wp\/v2\/posts\/169868\/revisions"}],"wp:featuredmedia":[{"embeddable":true,"href":"https:\/\/www.europesays.com\/sk\/wp-json\/wp\/v2\/media\/169869"}],"wp:attachment":[{"href":"https:\/\/www.europesays.com\/sk\/wp-json\/wp\/v2\/media?parent=169868"}],"wp:term":[{"taxonomy":"category","embeddable":true,"href":"https:\/\/www.europesays.com\/sk\/wp-json\/wp\/v2\/categories?post=169868"},{"taxonomy":"post_tag","embeddable":true,"href":"https:\/\/www.europesays.com\/sk\/wp-json\/wp\/v2\/tags?post=169868"}],"curies":[{"name":"wp","href":"https:\/\/api.w.org\/{rel}","templated":true}]}}