{"id":169870,"date":"2026-09-03T20:46:08","date_gmt":"2026-09-03T20:46:08","guid":{"rendered":"https:\/\/www.europesays.com\/sk\/169870\/"},"modified":"2026-09-03T20:46:08","modified_gmt":"2026-09-03T20:46:08","slug":"skandal-v-nemecku-uradnici-sa-bali-agresivneho-migranta","status":"publish","type":"post","link":"https:\/\/www.europesays.com\/sk\/169870\/","title":{"rendered":"\u0160kand\u00e1l v Nemecku, \u00faradn\u00edci sa b\u00e1li agres\u00edvneho migranta"},"content":{"rendered":"<p>WITTEN &#8211; Nemeckom otriasa \u0161kand\u00e1l okolo 35-ro\u010dn\u00e9ho S\u00fdr\u010dana Amira G., ktor\u00fd \u017eije v zhruba stotis\u00edcovom meste Witten. Hoci od svojho pr\u00edchodu v roku 2015 nepracuje a na verejnosti nahlas recituje ver\u0161e z Kor\u00e1nu, od tamoj\u0161ieho \u00faradu pr\u00e1ce dostal ne\u010dakan\u00e9 \u201eprivil\u00e9gium\u201c. <\/p>\n<p class=\"MsoNoSpacing\">S\u00fdr\u010dan Amir G. pri\u0161iel do Nemecka v roku 2015. Pod\u013ea zisten\u00ed denn\u00edka <a href=\"https:\/\/www.bild.de\/politik\/inland\/buergergeld-jobcenter-zahlt-koran-vorleser-bedingungslos-die-stuetze-6a95390bec27d32fb526a5cc\" target=\"_blank\" rel=\"nofollow noopener\">Bild<\/a> je jeho jedinou ka\u017edodennou \u010dinnos\u0165ou hlasn\u00e9 pred\u010d\u00edtavanie ver\u0161ov z Kor\u00e1nu v uliciach mesta Witten. Miestni obyvatelia na\u0148ho roky pod\u00e1vaj\u00fa s\u0165a\u017enosti, no \u00farady aj pol\u00edcia boli vo\u010di jeho konaniu bezmocn\u00e9.<\/p>\n<p>\u00daradn\u00edci sa vo\u010di nemu rozhodli postupova\u0165 nezvy\u010dajne ne\u010dinne. Zo strachu pred jeho nebezpe\u010dn\u00fdm a agres\u00edvnym spr\u00e1van\u00edm ho intern\u00fdm rozhodnut\u00edm plne oslobodili od povinnosti hl\u00e1si\u0165 sa na \u00farade a h\u013eada\u0165 si pr\u00e1cu, pri\u010dom mu bez preru\u0161enia vypl\u00e1caj\u00fa pln\u00e9 soci\u00e1lne d\u00e1vky.<\/p>\n<p>\u0160kand\u00e1l prepukol a\u017e po odhalen\u00ed intern\u00fdch dokumentov tamoj\u0161ieho \u00faradu pr\u00e1ce (Jobcenter), ktor\u00fd spad\u00e1 pod okres Ennepe-Ruhr. V dokumentoch sa v\u00fdslovne uv\u00e1dza: \u201eV jeho pr\u00edpade by nemali by\u0165 vyvol\u00e1van\u00e9 potenci\u00e1lne nebezpe\u010dn\u00e9 situ\u00e1cie.\u201c Z\u00e1znamy ho ofici\u00e1lne veden\u00fa ako \u201eneakt\u00edvneho\u201c a\u017e do 7. decembra 2026.<\/p>\n<p>D\u00e1vky pober\u00e1 \u010falej, rodina od neho u\u0161la<\/p>\n<p data-path-to-node=\"16\">Napriek tomu, \u017ee mu\u017e \u00faplne ignoruje syst\u00e9m integr\u00e1cie a h\u013eadania pr\u00e1ce, na\u010falej bez ak\u00fdchko\u013evek prek\u00e1\u017eok pober\u00e1 soci\u00e1lne d\u00e1vky vo v\u00fd\u0161ke 563 eur mesa\u010dne. V s\u00fa\u010dasnosti \u017eije v mestskej ubytovni pre bezdomovcov, tak\u017ee nem\u00e1 \u017eiadne n\u00e1klady na ubytovanie. Intern\u00fd spis z\u00e1rove\u0148 odkryl aj v\u00e1\u017eny rodinn\u00fd probl\u00e9m. U\u017e v roku 2020 uviazla jeho man\u017eelka s de\u0165mi v \u017eenskom azylovom dome.<\/p>\n<p>Vedenie okresu sa k cel\u00e9mu pr\u00edpadu odm\u00edtlo vyjadri\u0165 s odvolan\u00edm sa na ochranu osobn\u00fdch \u00fadajov. Pr\u00edpad v\u0161ak vyvolal ostr\u00fa reakciu na vy\u0161\u0161\u00edch miestach. Ministerstvo pr\u00e1ce spolkovej krajiny Severn\u00e9 Por\u00fdnie-Vestf\u00e1lsko vydalo nekompromisn\u00e9 stanovisko. \u201ePostup, ktor\u00fd zvolil \u00farad pr\u00e1ce, nie je v z\u00e1kone o\u0161etren\u00fd a v z\u00e1sade je nez\u00e1konn\u00fd. Nemo\u017eno niekoho necha\u0165 len tak, aby bol pokoj,\u201c vyhl\u00e1sil rezort.<\/p>\n<p>Ako presne sa bude nez\u00e1konn\u00fd postup \u00faradn\u00edkov a pr\u00edpad S\u00fdr\u010dana Amira G. \u010falej rie\u0161i\u0165, nateraz nemeck\u00e9 org\u00e1ny nepribl\u00ed\u017eili.<\/p>\n","protected":false},"excerpt":{"rendered":"WITTEN &#8211; Nemeckom otriasa \u0161kand\u00e1l okolo 35-ro\u010dn\u00e9ho S\u00fdr\u010dana Amira G., ktor\u00fd \u017eije v zhruba stotis\u00edcovom meste Witten. Hoci&hellip;\n","protected":false},"author":2,"featured_media":169871,"comment_status":"","ping_status":"","sticky":false,"template":"","format":"standard","meta":{"footnotes":"","_share_on_mastodon":"0"},"categories":[8],"tags":[43432,236,33,43,40,42,36,50,48159,49,48],"class_list":["post-169870","post","type-post","status-publish","format-standard","has-post-thumbnail","category-svet","tag-migrant","tag-nemecko","tag-news","tag-sk","tag-slovak","tag-slovencina","tag-spravy","tag-svet","tag-urad-prace","tag-world","tag-world-news"],"share_on_mastodon":{"url":"https:\/\/pubeurope.com\/@sk\/117209070486787502","error":""},"_links":{"self":[{"href":"https:\/\/www.europesays.com\/sk\/wp-json\/wp\/v2\/posts\/169870","targetHints":{"allow":["GET"]}}],"collection":[{"href":"https:\/\/www.europesays.com\/sk\/wp-json\/wp\/v2\/posts"}],"about":[{"href":"https:\/\/www.europesays.com\/sk\/wp-json\/wp\/v2\/types\/post"}],"author":[{"embeddable":true,"href":"https:\/\/www.europesays.com\/sk\/wp-json\/wp\/v2\/users\/2"}],"replies":[{"embeddable":true,"href":"https:\/\/www.europesays.com\/sk\/wp-json\/wp\/v2\/comments?post=169870"}],"version-history":[{"count":0,"href":"https:\/\/www.europesays.com\/sk\/wp-json\/wp\/v2\/posts\/169870\/revisions"}],"wp:featuredmedia":[{"embeddable":true,"href":"https:\/\/www.europesays.com\/sk\/wp-json\/wp\/v2\/media\/169871"}],"wp:attachment":[{"href":"https:\/\/www.europesays.com\/sk\/wp-json\/wp\/v2\/media?parent=169870"}],"wp:term":[{"taxonomy":"category","embeddable":true,"href":"https:\/\/www.europesays.com\/sk\/wp-json\/wp\/v2\/categories?post=169870"},{"taxonomy":"post_tag","embeddable":true,"href":"https:\/\/www.europesays.com\/sk\/wp-json\/wp\/v2\/tags?post=169870"}],"curies":[{"name":"wp","href":"https:\/\/api.w.org\/{rel}","templated":true}]}}