{"id":169896,"date":"2026-09-03T21:14:13","date_gmt":"2026-09-03T21:14:13","guid":{"rendered":"https:\/\/www.europesays.com\/sk\/169896\/"},"modified":"2026-09-03T21:14:13","modified_gmt":"2026-09-03T21:14:13","slug":"nenarocna-krasulka-kvitne-az-do-mrazov-bez-starosti-rozziari-zahradu-aj-pocas-jesene","status":"publish","type":"post","link":"https:\/\/www.europesays.com\/sk\/169896\/","title":{"rendered":"Nen\u00e1ro\u010dn\u00e1 krasu\u013eka kvitne a\u017e do mrazov: Bez starost\u00ed roz\u017eiari z\u00e1hradu aj po\u010das jesene"},"content":{"rendered":"<p>\u010c\u00edm viac such\u00fdch kvetov odoberiete, t\u00fdm dlh\u0161ie a kraj\u0161ie bude kvitn\u00fa\u0165. Aj tak\u00e1 je nen\u00e1ro\u010dn\u00e1 krasu\u013eka, vern\u00e1 spolo\u010dn\u00ed\u010dka aj pre za\u010d\u00ednaj\u00faceho z\u00e1hradk\u00e1ra. T\u00e1to v\u00fdrazn\u00e1 letni\u010dka je v\u010faka svojej ve\u013ekosti neprehliadnute\u013en\u00e1 a zaujme nielen n\u00e1dhern\u00fdmi kvetmi, ale aj jemn\u00fdmi listami pripom\u00ednaj\u00facimi k\u00f4por. Nevy\u017eaduje si \u0161peci\u00e1lnu starostlivos\u0165, no zop\u00e1r tipov v\u00e1m pom\u00f4\u017ee te\u0161i\u0165 sa z jej kvetov a\u017e do pr\u00edchodu mrazov.<\/p>\n<p>Nen\u00e1ro\u010dn\u00e1 krasu\u013eka dod\u00e1 z\u00e1hrade romantick\u00fd n\u00e1dych<\/p>\n<p>Nevieme ako to m\u00e1te vy, ale my si bez tejto rastliny nevieme predstavi\u0165 letn\u00fa z\u00e1hradu. Ke\u010f\u017ee jej pestovanie nevy\u017eaduje \u017eiadne \u0161peci\u00e1lne postupy, o\u017eiv\u00ed ka\u017ed\u00fa z\u00e1hradu. Kvitne kvetmi v odtie\u0148och ru\u017eovej, bielej, \u010dervenej \u010di fialovej farby s v\u00fdrazn\u00fdm \u017elt\u00fdm stredom. Je to teplomiln\u00e1 rastlina, ktor\u00e1 poch\u00e1dza z Mexika a jej ofici\u00e1lny n\u00e1zov je krasu\u013eka perovit\u00e1 (lat. Cosmos bipinnatus).<\/p>\n<p>Mohlo by v\u00e1s zauj\u00edma\u0165:<\/p>\n<p>Reklama<\/p>\n<p>Kvitne po\u010das cel\u00e9ho leta a\u017e do mrazov a s jej vysievan\u00edm m\u00f4\u017eete za\u010da\u0165 u\u017e v marci. Ak semienka chcete da\u0165 priamo do p\u00f4dy, urobte tak a\u017e v polovici m\u00e1ja. Na slne\u010dnom mieste s priepustnou p\u00f4dou rastie ve\u013emi r\u00fdchlo, ale nemus\u00ed by\u0165 iba na z\u00e1hone. Dobre sa jej dar\u00ed aj v kvetin\u00e1\u010doch, kedy ich m\u00f4\u017eete pou\u017ei\u0165 aj ako dekor\u00e1ciu napr\u00edklad ku vchodov\u00fdm dver\u00e1m alebo na balk\u00f3ne.<\/p>\n<p>Odstra\u0148ovanie odkvitnut\u00fdch kvetov<\/p>\n<p>Za najd\u00f4le\u017eitej\u0161iu a z\u00e1kladn\u00fa \u010dinnos\u0165 v starostlivosti o krasu\u013eky pova\u017euje z\u00e1hradn\u00e1 architektka Mirela Bajic pr\u00e1ve pravideln\u00e9 odstra\u0148ovanie such\u00fdch kvetov. \u201eKrasu\u013eka je jednoduch\u00e1 na pestovanie, nevy\u017eaduje ve\u013ea, s v\u00fdnimkou strihania odkvitnut\u00fdch kvetov. Pokra\u010dujte v tom, nehnojte ve\u013ea a \u010dasto a uchovajte si semienka. Ke\u010f rastlinu sp\u00e1li mr\u00e1z, odstr\u00e1\u0148te ju. To je v podstate v\u0161etko\u201c, tvrd\u00ed Mirela.<\/p>\n<p>\u010c\u00edm viac sa such\u00e9 kvety strihaj\u00fa, t\u00fdm viac krasu\u013eka zakvitne a\u017e do prv\u00fdch mrazov. Ke\u010f ich prestanete striha\u0165, za\u010dn\u00fa tvori\u0165 semen\u00e1. K\u00fdm s\u00fa rastliny v plnom kvete, nie je vhodn\u00e9 ich radik\u00e1lne striha\u0165. Na rozdiel od in\u00fdch rastl\u00edn, nepotrebuj\u00fa rez, aby r\u00e1stli. D\u00f4le\u017eit\u00e9 je neprehna\u0165 to s hnojen\u00edm. \u201eNadbytok hnojiva, najm\u00e4 s obsahom dus\u00edka, podporuje bujn\u00fd rast listov na \u00fakor kvetov\u201c, vysvet\u013euje Mirela. V skuto\u010dnosti krasu\u013eka kvitne lep\u0161ie v chudobnej\u0161ej p\u00f4de.<\/p>\n<p>Odlo\u017ete si semienka<\/p>\n<p>Semienka zo such\u00fdch kvetov si odlo\u017ete na bud\u00facu sez\u00f3nu.<br \/>\nNieko\u013eko kvetov tak nechajte odkvitn\u00fa\u0165 na rastline a uschn\u00fa\u0165 priamo na nej.<br \/>\nPotom ich odstrihnite a nechajte e\u0161te preschn\u00fa\u0165.<br \/>\nSemienka ulo\u017ete do papierov\u00e9ho vrecka a skladujte na suchom mieste. <\/p>\n<p>Semienka krasuliek patria k t\u00fdm, ktor\u00e9 sa daj\u00fa \u013eahko uchova\u0165 a\u017e do bud\u00faceho roka. Ak rastlinu sp\u00e1li mr\u00e1z, nemus\u00edte ju hne\u010f odstra\u0148ova\u0165 zo z\u00e1hona. Nechajte ju tam pre vo\u013ene \u017eij\u00face zvieratk\u00e1, najm\u00e4 vt\u00e1ky si po\u010das zimy pochutia na s\u00faplodiach so semienkami.<\/p>\n<p><a class=\"fasc-button fasc-size-medium fasc-type-flat ico-fa fasc-ico-before fa-camera\" style=\"background-color: #fdda38; color: #0a0a0a;\" rel=\"noopener nofollow\" href=\"https:\/\/www.instagram.com\/plnielanu.sk\/\" target=\"_blank\">Sledujte n\u00e1\u0161 Instagram<\/a><\/p>\n<p>            <script async src=\"\/\/www.instagram.com\/embed.js\"><\/script><\/p>\n","protected":false},"excerpt":{"rendered":"\u010c\u00edm viac such\u00fdch kvetov odoberiete, t\u00fdm dlh\u0161ie a kraj\u0161ie bude kvitn\u00fa\u0165. Aj tak\u00e1 je nen\u00e1ro\u010dn\u00e1 krasu\u013eka, vern\u00e1 spolo\u010dn\u00ed\u010dka&hellip;\n","protected":false},"author":2,"featured_media":169897,"comment_status":"","ping_status":"","sticky":false,"template":"","format":"standard","meta":{"footnotes":"","_share_on_mastodon":"0"},"categories":[8],"tags":[6727,33,25407,43,40,42,36,50,49,48,1220,32223],"class_list":["post-169896","post","type-post","status-publish","format-standard","has-post-thumbnail","category-svet","tag-kvety-a-rastliny","tag-news","tag-pestovanie","tag-sk","tag-slovak","tag-slovencina","tag-spravy","tag-svet","tag-world","tag-world-news","tag-zahrada","tag-zlepsovaky"],"share_on_mastodon":{"url":"https:\/\/pubeurope.com\/@sk\/117209180868174336","error":""},"_links":{"self":[{"href":"https:\/\/www.europesays.com\/sk\/wp-json\/wp\/v2\/posts\/169896","targetHints":{"allow":["GET"]}}],"collection":[{"href":"https:\/\/www.europesays.com\/sk\/wp-json\/wp\/v2\/posts"}],"about":[{"href":"https:\/\/www.europesays.com\/sk\/wp-json\/wp\/v2\/types\/post"}],"author":[{"embeddable":true,"href":"https:\/\/www.europesays.com\/sk\/wp-json\/wp\/v2\/users\/2"}],"replies":[{"embeddable":true,"href":"https:\/\/www.europesays.com\/sk\/wp-json\/wp\/v2\/comments?post=169896"}],"version-history":[{"count":0,"href":"https:\/\/www.europesays.com\/sk\/wp-json\/wp\/v2\/posts\/169896\/revisions"}],"wp:featuredmedia":[{"embeddable":true,"href":"https:\/\/www.europesays.com\/sk\/wp-json\/wp\/v2\/media\/169897"}],"wp:attachment":[{"href":"https:\/\/www.europesays.com\/sk\/wp-json\/wp\/v2\/media?parent=169896"}],"wp:term":[{"taxonomy":"category","embeddable":true,"href":"https:\/\/www.europesays.com\/sk\/wp-json\/wp\/v2\/categories?post=169896"},{"taxonomy":"post_tag","embeddable":true,"href":"https:\/\/www.europesays.com\/sk\/wp-json\/wp\/v2\/tags?post=169896"}],"curies":[{"name":"wp","href":"https:\/\/api.w.org\/{rel}","templated":true}]}}