{"id":169898,"date":"2026-09-03T21:15:13","date_gmt":"2026-09-03T21:15:13","guid":{"rendered":"https:\/\/www.europesays.com\/sk\/169898\/"},"modified":"2026-09-03T21:15:13","modified_gmt":"2026-09-03T21:15:13","slug":"hroza-v-bratislave-z-bytu-na-sa-ozyvalo-desive-help","status":"publish","type":"post","link":"https:\/\/www.europesays.com\/sk\/169898\/","title":{"rendered":"Hr\u00f4za v Bratislave: Z bytu na sa oz\u00fdvalo desiv\u00e9 HELP"},"content":{"rendered":"<p class=\"ParagraphBlock_paragraph__hJWYe\">Obyvatelia <a rel=\"noopener nofollow\" href=\"https:\/\/www1.pluska.sk\/krimi\/spoved-ivany-obzalovanej-z-vrazdy-dcerok-tajna-svadba-potrat-aj-desive-obvinenia?itm_modul=react_magazin_p1d&amp;itm_brand=magazin&amp;itm_template=hp&amp;itm_position=1&amp;itm_cb_position=mid_main_3\" target=\"_blank\">Kalin\u010diakovej ulice v Bratislave<\/a> zostali v \u0161oku. Pred jedn\u00fdm z bytov\u00fdch domov toti\u017e v kr\u00e1tkom \u010dase zastavili dve sanitky a nieko\u013eko policajn\u00fdch hliadok. D\u00f4vodom mal by\u0165 mu\u017e, ktor\u00e9ho pod\u013ea na\u0161ich inform\u00e1ci\u00ed na\u0161li v jednom z bytov v kalu\u017ei krvi.<\/p>\n<p>Z bytu sa oz\u00fdvalo help<\/p>\n<p class=\"ParagraphBlock_paragraph__hJWYe\">Z bytu sa pod\u013ea svedkov oz\u00fdvalo z\u00fafal\u00e9 volanie \u201cHelp!\u201c(v preklade &#8222;Pomoc!&#8220;, pozn. red.).Za dverami sa mala \u00fadajne odohr\u00e1va\u0165 poriadne vyhroten\u00e1 partnersk\u00e1 dr\u00e1ma. Mu\u017e sa mal \u017eene vyhr\u00e1\u017ea\u0165, \u017ee si siahne na \u017eivot, a n\u00e1sledne sa zamkol v k\u00fape\u013eni.<\/p>\n<p class=\"ParagraphBlock_paragraph__hJWYe\">\u017dena sa ho \u00fadajne b\u00e1la, a preto si mala zavola\u0165 na pomoc dvoch kamar\u00e1tov. Situ\u00e1cia v\u0161ak mala nabra\u0165 tragick\u00fd sp\u00e1d. Pod\u013ea na\u0161ich zisten\u00ed si mal mu\u017e \u00fadajne <a rel=\"noopener nofollow\" href=\"https:\/\/www1.pluska.sk\/krimi\/kauza-vrazdy-na-hrachovej-ulici-nabera-na-obratkach-mozu-nove-dokazy-vsetko-zmenit?itm_modul=react_plus1_topbox_krimi&amp;itm_brand=plus1&amp;itm_template=hp&amp;itm_position=2&amp;itm_cb_position=top_main_1\" target=\"_blank\">v\u00e1\u017ene porani\u0165 krk <\/a>a zasiahn\u00fa\u0165 si pri tom kr\u010dn\u00fa tepnu Zranen\u00e9ho n\u00e1sledne z bytu vyniesli policajti v spolupr\u00e1ci s pr\u00edslu\u0161n\u00edkmi mestskej pol\u00edcie. Pou\u017ei\u0165 pri tom mali \u0161peci\u00e1lny transportn\u00fd vak.<\/p>\n<p class=\"ParagraphBlock_paragraph__hJWYe\">Pred bytovkou u\u017e \u010dakali z\u00e1chran\u00e1ri s pripraven\u00fdmi nosidlami. Mu\u017ea prelo\u017eili a okam\u017eite ho odniesli do na\u0161tartovanej sanitky. Napriek snahe z\u00e1chran\u00e1rov v\u0161ak svojmu zraneniu pod\u013eahol po\u010das prevozu do nemocnice. Potvrdila to aj hovorky\u0148a Opera\u010dn\u00e9ho strediska z\u00e1chrannej zdravotnej slu\u017eby Petra Klime\u0161ov\u00e1. \u201eNa mieste zasahovali dve ambulancie z\u00e1chrannej zdravotnej slu\u017eby. Mu\u017e s poranen\u00edm krku \u017eia\u013e po\u010das prevozu do nemocnice zomrel,\u201c uviedla hovorky\u0148a.<\/p>\n<p>Policajn\u00e1 p\u00e1ska uzavrela \u010das\u0165 ulice<\/p>\n<p class=\"ParagraphBlock_paragraph__hJWYe\">Okolie bytov\u00e9ho domu medzit\u00fdm zostalo oblepen\u00e9 policajnou p\u00e1skou. Na mieste zasahovali vy\u0161etrovatelia aj kriminalistick\u00ed technici, ktor\u00ed zis\u0165ovali, \u010do sa v byte presne odohralo. \u010cas\u0165 ulice je uzatvoren\u00e1.Expartnerka neboh\u00e9ho aj jej priatelia skon\u010dili v ruk\u00e1ch pol\u00edcie. Vypo\u010d\u00faval ich vy\u0161etrovate\u013e.<\/p>\n<p><a href=\"https:\/\/www1.pluska.sk\/gal\/krimi\/tragedia-v-bratislave-v-jednom-z-bytov-doslo-k-hrozivemu-incidentu\/1?itm_modul=in_article_single_photo&amp;itm_brand=plus1&amp;itm_template=article&amp;itm_area=current_article_gallery&amp;itm_cb_position=1\" id=\"imageBlock-3\" class=\"ImageBlock_figure___uBP3\" style=\"max-width:640px\" rel=\"nofollow noopener\" target=\"_blank\"><img decoding=\"async\" src=\"https:\/\/www.europesays.com\/sk\/wp-content\/uploads\/2026\/09\/aabb85ad-ee70-4812-b764-76b24f694cf0.webp\"  alt=\"Pokojn\u00e1 ulica lemovan\u00e1 hust\u00fdmi stromami, cez cestu vedie biela p\u00e1ska a pri obrubn\u00edku stoj\u00ed \u010dierne auto. Vpravo je biely bytov\u00fd dom s oran\u017eov\u00fdm balk\u00f3nom.\" class=\"image_image__WAVaT\" loading=\"eager\"\/><\/a><\/p>\n<p class=\"image-block-caption\">Okolie bytov\u00e9ho domu medzit\u00fdm zostalo oblepen\u00e9 policajnou p\u00e1skou.<\/p>\n<p>Rozchod, s\u0165ahovanie a \u00fadajn\u00e9 probl\u00e9my s omamn\u00fdmi l\u00e1tkami<\/p>\n<p class=\"ParagraphBlock_paragraph__hJWYe\">N\u00e1\u0161 zdroj n\u00e1m prezradil, \u017ee neboh\u00fd mu\u017e je ob\u010dan Spojen\u00fdch \u0161t\u00e1tov americk\u00fdch, ktor\u00fd dlhodobo \u017eil v Nemecku. V Bratislave si mal n\u00e1js\u0165 priate\u013eku, s ktorou b\u00fdval v jednom z bytov na Kali\u010diakovej ulici. Byt mal \u00fadajne patri\u0165 jej rodi\u010dom, konkr\u00e9tne jej otcovi.<\/p>\n<p class=\"ParagraphBlock_paragraph__hJWYe\">Po \u010dase v\u0161ak medzi partnermi nastal rozkol a dvojica sa mala roz\u00eds\u0165. T\u00fdm sa v\u0161ak pr\u00edbeh neskon\u010dil. Mu\u017e sa mal z bytu ods\u0165ahova\u0165, pri\u010dom pod\u013ea zdroja cel\u00fa situ\u00e1ciu zn\u00e1\u0161al ve\u013emi \u0165a\u017eko. Obyvatelia hovoria o m\u0155tvom ako problematickom mu\u017eovi, ktor\u00fd mal by\u0165 \u010dast\u00fdm u\u017e\u00edvate\u013eom omamn\u00fdch l\u00e1tok.<\/p>\n<p class=\"ParagraphBlock_paragraph__hJWYe\">Na mieste sa nach\u00e1dzal aj n\u00e1\u0161 redaktor Karol Farka\u0161.<\/p>\n<p class=\"ParagraphBlock_paragraph__hJWYe\">Ke\u010f sa dej\u00fa ve\u013ek\u00e9 veci, je dobr\u00e9 by\u0165 v obraze. Prihl\u00e1s sa na n\u00e1\u0161 <a rel=\"noopener nofollow\" href=\"https:\/\/redakcienmh.ecomailapp.cz\/public\/form\/9-54057be166928eb6fcc57504dc847797\" target=\"_blank\">newsletter<\/a>.<\/p>\n","protected":false},"excerpt":{"rendered":"Obyvatelia Kalin\u010diakovej ulice v Bratislave zostali v \u0161oku. Pred jedn\u00fdm z bytov\u00fdch domov toti\u017e v kr\u00e1tkom \u010dase zastavili&hellip;\n","protected":false},"author":2,"featured_media":169899,"comment_status":"","ping_status":"","sticky":false,"template":"","format":"standard","meta":{"footnotes":"","_share_on_mastodon":"0"},"categories":[6],"tags":[43,40,44,39,42,45,41],"class_list":["post-169898","post","type-post","status-publish","format-standard","has-post-thumbnail","category-slovensko","tag-sk","tag-slovak","tag-slovak-republic","tag-slovakia","tag-slovencina","tag-slovenska-republika","tag-slovensko"],"share_on_mastodon":{"url":"https:\/\/pubeurope.com\/@sk\/117209185065759096","error":""},"_links":{"self":[{"href":"https:\/\/www.europesays.com\/sk\/wp-json\/wp\/v2\/posts\/169898","targetHints":{"allow":["GET"]}}],"collection":[{"href":"https:\/\/www.europesays.com\/sk\/wp-json\/wp\/v2\/posts"}],"about":[{"href":"https:\/\/www.europesays.com\/sk\/wp-json\/wp\/v2\/types\/post"}],"author":[{"embeddable":true,"href":"https:\/\/www.europesays.com\/sk\/wp-json\/wp\/v2\/users\/2"}],"replies":[{"embeddable":true,"href":"https:\/\/www.europesays.com\/sk\/wp-json\/wp\/v2\/comments?post=169898"}],"version-history":[{"count":0,"href":"https:\/\/www.europesays.com\/sk\/wp-json\/wp\/v2\/posts\/169898\/revisions"}],"wp:featuredmedia":[{"embeddable":true,"href":"https:\/\/www.europesays.com\/sk\/wp-json\/wp\/v2\/media\/169899"}],"wp:attachment":[{"href":"https:\/\/www.europesays.com\/sk\/wp-json\/wp\/v2\/media?parent=169898"}],"wp:term":[{"taxonomy":"category","embeddable":true,"href":"https:\/\/www.europesays.com\/sk\/wp-json\/wp\/v2\/categories?post=169898"},{"taxonomy":"post_tag","embeddable":true,"href":"https:\/\/www.europesays.com\/sk\/wp-json\/wp\/v2\/tags?post=169898"}],"curies":[{"name":"wp","href":"https:\/\/api.w.org\/{rel}","templated":true}]}}