{"id":169912,"date":"2026-09-03T21:31:30","date_gmt":"2026-09-03T21:31:30","guid":{"rendered":"https:\/\/www.europesays.com\/sk\/169912\/"},"modified":"2026-09-03T21:31:30","modified_gmt":"2026-09-03T21:31:30","slug":"v-metropole-vychodu-sa-aj-po-roku-pobezi-kosice-night-run","status":"publish","type":"post","link":"https:\/\/www.europesays.com\/sk\/169912\/","title":{"rendered":"V metropole v\u00fdchodu sa aj po roku pobe\u017e\u00ed Ko\u0161ice Night Run"},"content":{"rendered":"<p class=\"article-perex\" itemprop=\"description\" style=\"font-weight: bold; font-style: italic;\">&#13;<br \/>\n                                                            Ko\u0161ice Night Run sa uskuto\u010dn\u00ed 4. septembra v centre mesta. Dvan\u00e1sty ro\u010dn\u00edk pon\u00fakne p\u00e4\u0165- a desa\u0165kilometrov\u00fa tra\u0165 po zmenenej trase.                                                        <\/p>\n<p>Do centra Ko\u0161\u00edc op\u00e4\u0165 po roku prich\u00e1dza ob\u013e\u00faben\u00e9 \u0161portov\u00e9 <a href=\"https:\/\/www.kosicak.sk\/temy\/park-na-hlavnej\" class=\"link-tag\" style=\"\" rel=\"nofollow noopener\" target=\"_blank\">podujatie<\/a>. Ulice historick\u00e9ho jadra zaplnia stovky be\u017ecov, ktor\u00ed si svoju kond\u00edciu preveria vo ve\u010dern\u00fdch hodin\u00e1ch a za sprievodu hudby. Ch\u00fdba\u0165 nebud\u00fa ani vern\u00ed fan\u00fa\u0161ikovia \u010di zvedavci.<\/p>\n<p>V piatok 4. septembra sa uskuto\u010dn\u00ed 12. ro\u010dn\u00edk <a href=\"https:\/\/www.kosicak.sk\/temy\/univerzitna-nemocnica-l-pasteura-kosice\" class=\"link-tag\" style=\"\" rel=\"nofollow noopener\" target=\"_blank\">Ko\u0161ice<\/a> Night Run. Tentoraz \u010dak\u00e1 \u00fa\u010dastn\u00edkov aj zmena, po rokoch toti\u017e pobe\u017eia po obmenenej trase. \u0160tart a cie\u013e bude pri Immaculate, teda Morovom st\u013ape na Hlavnej ulici. \u201eBeh ve\u010dern\u00fdm mestom m\u00e1 svoje \u010daro. A e\u0161te v\u00e4\u010d\u0161ie, ke\u010f vedie vysvieten\u00fdm historick\u00fdm centrom Ko\u0161\u00edc, sprev\u00e1dza ho hudobn\u00e1 kulisa a stovky \u010fal\u0161\u00edch be\u017ecov,\u201c pribli\u017euj\u00fa organiz\u00e1tori.<\/p>\n<p>Na v\u00fdber s\u00fa dve trasy<\/p>\n<p>Be\u017eci sa od s\u00faso\u0161ia Immaculata vydaj\u00fa popri D\u00f3me sv\u00e4tej Al\u017ebety. Trasa n\u00e1sledne povedie cez Al\u017ebetinu a Moyzesovu ulicu, Dominik\u00e1nske <a href=\"https:\/\/www.kosicak.sk\/temy\/namestie\" class=\"link-tag\" style=\"\" rel=\"nofollow noopener\" target=\"_blank\">n\u00e1mestie<\/a>, M\u00e4siarsku, Zbrojni\u010dn\u00fa, Kas\u00e1rensk\u00e9 n\u00e1mestie \u010di Kov\u00e1\u010dsku. Pokra\u010dova\u0165 bud\u00fa cez Mlynsk\u00fa, Hrn\u010diarsku a Vodn\u00fa ulicu a\u017e do Mestsk\u00e9ho parku. Nasp\u00e4\u0165 do centra sa dostan\u00fa cez Pu\u0161kinovu, Krmanovu a Orliu ulicu.<\/p>\n<p>Na v\u00fdber bud\u00fa dve vzdialenosti. Krat\u0161ia tra\u0165 meria p\u00e4\u0165 kilometrov, pri desa\u0165kilometrovej absolvuj\u00fa \u00fa\u010dastn\u00edci mestsk\u00fd okruh dvakr\u00e1t. Samotn\u00fd beh od\u0161tartuje o 20:00 hod. a \u010dasov\u00fd limit na jeho dokon\u010denie je dve hodiny.<\/p>\n<p>S\u00fa\u010das\u0165ou ve\u010dera bud\u00fa aj hudobn\u00e9 p\u00f3di\u00e1, d\u00edd\u017eeji a \u017eiv\u00e1 <a href=\"https:\/\/www.kosicak.sk\/temy\/rytmus\" class=\"link-tag\" style=\"\" rel=\"nofollow noopener\" target=\"_blank\">hudba<\/a> rozmiestnen\u00e1 popri trati. Program na hlavnom p\u00f3diu sa za\u010dne u\u017e o 18:00 hod., zraz be\u017ecov je napl\u00e1novan\u00fd o hodinu nesk\u00f4r.<\/p>\n<p><img decoding=\"async\" src=\"https:\/\/www.europesays.com\/sk\/wp-content\/uploads\/2026\/09\/kosice-night-run-tento-rok-prinesie-pozmenenu-trasu-zdroj-facebookkosice-night-run-20260902121725.we.webp\" loading=\"lazy\" width=\"600\" height=\"480\"\/>Ko\u0161ice Night Run tento rok prinesie pozmenen\u00fa trasu, Zdroj: Facebook\/Ko\u0161ice Night Run<br \/>Limit je 2-tis\u00edc be\u017ecov<\/p>\n<p>Z\u00e1ujem o tohtoro\u010dn\u00fd beh je pod\u013ea organiz\u00e1torov vysok\u00fd. \u201eTri dni pred \u0161tartom hl\u00e1sime vysok\u00fd po\u010det prihl\u00e1sen\u00fdch, preto si registr\u00e1ciu nenech\u00e1vajte na posledn\u00fa chv\u00ed\u013eu. Pozor, miesto m\u00e1te rezervovan\u00e9 a\u017e po \u00fahrade \u0161tartovn\u00e9ho,\u201c upozornili organiz\u00e1tori.<\/p>\n<p>\u00da\u010dastn\u00edci si m\u00f4\u017eu \u0161tartov\u00e9 sety vyzdvihn\u00fa\u0165 od stredy do piatka v obchodnom centre Cassovar na \u017driedlovej ulici. Organiz\u00e1tori z\u00e1rove\u0148 upozor\u0148uj\u00fa, \u017ee ke\u010f\u017ee sa pobe\u017e\u00ed vo ve\u010dern\u00fdch hodin\u00e1ch, vhodn\u00e9 je pou\u017ei\u0165 reflexn\u00e9 prvky alebo \u010delovky.<\/p>\n<p>            <a href=\"https:\/\/www.kosicak.sk\/fotoalbumy\/detail\/2186\/20111\" class=\"insert-image viewphoto-btn\" rel=\"nofollow noopener\" target=\"_blank\">&#13;<br \/>\n                <img decoding=\"async\" loading=\"lazy\" src=\"https:\/\/www.europesays.com\/sk\/wp-content\/uploads\/2026\/09\/1788344499-foto-kosice-pred-maratonom-privitaju-oblubene-bezecke-podujatie-3.jpg\" title=\"Fotoalbum: FOTO: Ko\u0161ice pred Marat\u00f3nom priv\u00edtaj\u00fa ob\u013e\u00faben\u00e9 be\u017eeck\u00e9 podujatie\" style=\"width: 100%;\"\/>&#13;<br \/>\n                &#13;<br \/>\n                    &#13;<br \/>\n                &#13;<br \/>\n            <\/a><\/p>\n<p>&#13;<br \/>\n                 Gal\u00e9ria: 9 fotiek&#13;\n            <\/p>\n<p><\/p>\n<p>Na podujat\u00ed sa m\u00f4\u017ee predstavi\u0165 najviac dvetis\u00edc be\u017ecov. V cieli bude na \u00fa\u010dastn\u00edkov \u010daka\u0165 origin\u00e1lna medaila, pre niektor\u00fdch v\u0161ak m\u00f4\u017ee by\u0165 odmenou aj nov\u00fd osobn\u00fd rekord \u010di samotn\u00fd z\u00e1\u017eitok z no\u010dn\u00e9ho behu centrom Ko\u0161\u00edc.<\/p>\n","protected":false},"excerpt":{"rendered":"&#13; Ko\u0161ice Night Run sa uskuto\u010dn\u00ed 4. septembra v centre mesta. Dvan\u00e1sty ro\u010dn\u00edk pon\u00fakne p\u00e4\u0165- a desa\u0165kilometrov\u00fa tra\u0165&hellip;\n","protected":false},"author":2,"featured_media":169913,"comment_status":"","ping_status":"","sticky":false,"template":"","format":"standard","meta":{"footnotes":"","_share_on_mastodon":"0"},"categories":[22],"tags":[895,896,901,898,894,900,899,902,893,92,137,634,892,43,897,40,39,42,41],"class_list":["post-169912","post","type-post","status-publish","format-standard","has-post-thumbnail","category-kosice","tag-akcie","tag-babkove-divadlo","tag-diar","tag-diskoteka","tag-divadlo","tag-hody","tag-jarmok","tag-kalendar","tag-koncert","tag-koncerty","tag-kosice","tag-podujatia","tag-podujatie","tag-sk","tag-slavnosti","tag-slovak","tag-slovakia","tag-slovencina","tag-slovensko"],"share_on_mastodon":{"url":"https:\/\/pubeurope.com\/@sk\/117209247823758143","error":""},"_links":{"self":[{"href":"https:\/\/www.europesays.com\/sk\/wp-json\/wp\/v2\/posts\/169912","targetHints":{"allow":["GET"]}}],"collection":[{"href":"https:\/\/www.europesays.com\/sk\/wp-json\/wp\/v2\/posts"}],"about":[{"href":"https:\/\/www.europesays.com\/sk\/wp-json\/wp\/v2\/types\/post"}],"author":[{"embeddable":true,"href":"https:\/\/www.europesays.com\/sk\/wp-json\/wp\/v2\/users\/2"}],"replies":[{"embeddable":true,"href":"https:\/\/www.europesays.com\/sk\/wp-json\/wp\/v2\/comments?post=169912"}],"version-history":[{"count":0,"href":"https:\/\/www.europesays.com\/sk\/wp-json\/wp\/v2\/posts\/169912\/revisions"}],"wp:featuredmedia":[{"embeddable":true,"href":"https:\/\/www.europesays.com\/sk\/wp-json\/wp\/v2\/media\/169913"}],"wp:attachment":[{"href":"https:\/\/www.europesays.com\/sk\/wp-json\/wp\/v2\/media?parent=169912"}],"wp:term":[{"taxonomy":"category","embeddable":true,"href":"https:\/\/www.europesays.com\/sk\/wp-json\/wp\/v2\/categories?post=169912"},{"taxonomy":"post_tag","embeddable":true,"href":"https:\/\/www.europesays.com\/sk\/wp-json\/wp\/v2\/tags?post=169912"}],"curies":[{"name":"wp","href":"https:\/\/api.w.org\/{rel}","templated":true}]}}