{"id":169920,"date":"2026-09-03T21:43:10","date_gmt":"2026-09-03T21:43:10","guid":{"rendered":"https:\/\/www.europesays.com\/sk\/169920\/"},"modified":"2026-09-03T21:43:10","modified_gmt":"2026-09-03T21:43:10","slug":"kauza-exsefa-sis-pcolinskeho-generalna-prokuratura-odstavila-od-pripadu-prokuratora-petra-kysela","status":"publish","type":"post","link":"https:\/\/www.europesays.com\/sk\/169920\/","title":{"rendered":"Kauza ex\u0161\u00e9fa SIS P\u010dolinsk\u00e9ho | Gener\u00e1lna prokurat\u00fara odstavila od pr\u00edpadu prokur\u00e1tora Petra Kysela"},"content":{"rendered":"<p>Aktualizovan\u00e9 o reakciu gener\u00e1lneho prokur\u00e1tora M. \u017dilinku<\/p>\n<p>Gener\u00e1lna prokur\u00e1tora na \u010dele s Maro\u0161om \u017dilinkom odstavila prokur\u00e1tora Petra Kysela od kauzy b\u00fdval\u00e9ho \u0161\u00e9fa tajnej slu\u017eby Vladim\u00edra P\u010dolinsk\u00e9ho. Vypl\u00fdva to z rozhodnutia, ktor\u00e9 m\u00e1 k dispoz\u00edcii denn\u00edk Postoj.<\/p>\n<p>Rozhodnutie v zast\u00fapen\u00ed gener\u00e1lneho prokur\u00e1tora Maro\u0161a \u017dilinku podp\u00edsal jeho n\u00e1mestn\u00edk Jozef Kandera. (Pozn.: V p\u00f4vodnom texte sme neuviedli, \u017ee dokument v zast\u00fapen\u00ed gener\u00e1lneho prokur\u00e1tora podp\u00edsal jeho n\u00e1mestn\u00edk Jozef Kandera. Za chybu sa ospravedl\u0148ujeme.)\u00a0<\/p>\n<p>Z pokynu v\u0161ak nie je jasn\u00e9, pre\u010do bola Kyselovi t\u00e1to kauza od\u0148at\u00e1. Peter Kysel podal minul\u00fd rok v pr\u00edpade odvolanie po tom, \u010do \u0161pecializovan\u00fd s\u00fad oslobodil P\u010dolinsk\u00e9ho spod ob\u017ealoby. Aktu\u00e1lne posudzuje Kyselovo odvolanie Najvy\u0161\u0161\u00ed s\u00fad.<\/p>\n<p>Gener\u00e1lna prokurat\u00fara tvrd\u00ed, \u017ee Kyselovi zobrala pr\u00edpad preto, \u017ee je \u00fadajne podozriv\u00fd zo zneu\u017e\u00edvania pr\u00e1vomoci verejn\u00e9ho \u010dinite\u013ea, \u201e\u010do sa m\u00f4\u017ee javi\u0165 v o\u010diach str\u00e1n i verejnosti ako opr\u00e1vnen\u00e1 pochybnos\u0165 o jeho nezaujatosti a nestrannom postupe\u201c. Nekonkretizuje v\u0161ak, o \u010do ide.<\/p>\n<p>Rozhodnutie o odstaven\u00ed Kysela pri\u0161lo v utorok 1. septembra.<\/p>\n<p>Dozor nad pr\u00edpadom pridelilo \u017dilinkovo vedenie prokur\u00e1torovi J\u00e1novi Hrivn\u00e1kovi.<\/p>\n<p>\u017dilinka v reakcii na text denn\u00edka Postoj reagoval, \u017ee v kauze P\u010dolinsk\u00e9ho nikdy nekonal. \u201eV trestn\u00fdch veciach spojen\u00fdch s osobou b\u00fdval\u00e9ho riadite\u013ea SIS Vladim\u00edra P\u010dolinsk\u00e9ho som z d\u00f4vodu zachovania objektivity nikdy osobne nekonal, nekon\u00e1m a ani kona\u0165 nebudem. V t\u00fdchto veciach v mene gener\u00e1lneho prokur\u00e1tora v\u017edy konal a kon\u00e1 1. n\u00e1mestn\u00edk gener\u00e1lneho prokur\u00e1tora,\u201c nap\u00edsal \u017dilinka.<\/p>\n<p>V kauze hroz\u00ed s\u00fad u\u017e aj Be\u0148ovi<\/p>\n<p>Denn\u00edk N vo \u0161tvrtok z\u00e1rove\u0148 <a href=\"https:\/\/dennikn.sk\/minuta\/5539442\/?ref=mpm\" target=\"_blank\" rel=\"noopener noreferrer nofollow\">informoval<\/a>, \u017ee prokur\u00e1tor zobral sp\u00e4\u0165 n\u00e1vrh na podmiene\u010dn\u00e9 zastavenie trestn\u00e9ho st\u00edhania Borisa Be\u0148u v kauze ex\u0161\u00e9fa SIS Vladim\u00edra P\u010dolinsk\u00e9ho. Stalo sa to de\u0148 po zverejnen\u00ed \u010dl\u00e1nku v Plus 7 dn\u00ed.<\/p>\n<p>Prokur\u00e1tor Krajskej prokurat\u00fary v Bratislave Mat\u00fa\u0161 Kov\u00e1\u010d 27. augusta zaslal list \u0160pecializovan\u00e9mu trestn\u00e9mu s\u00fadu, \u017ee berie sp\u00e4\u0165 n\u00e1vrh na podmiene\u010dn\u00e9 zastavenie trestn\u00e9ho st\u00edhania Be\u0148u. V liste, ktor\u00fd m\u00e1 Denn\u00edk N k dispoz\u00edcii, sa iba spom\u00edna, \u017ee ho pod\u00e1va na z\u00e1klade pokynu krajsk\u00e9ho prokur\u00e1tora. Krajsk\u00fdm prokur\u00e1torom v Bratislave je Rastislav Remeta.\u00a0<\/p>\n<p>Plus 7 dn\u00ed p\u00edsalo, \u017ee na \u013dudov\u00edta Mak\u00f3a podal prokur\u00e1tor ob\u017ealobu, ale v pr\u00edpade \u010fal\u0161ieho spolupracuj\u00faceho obvinen\u00e9ho Borisa Be\u0148u \u017eiada podmiene\u010dne zastavi\u0165 trestn\u00e9 st\u00edhanie.<\/p>\n<p>De\u0148 po \u010dl\u00e1nku vzal prokur\u00e1tor sp\u00e4\u0165 n\u00e1vrh na zastavenie st\u00edhania b\u00fdval\u00e9ho n\u00e1mestn\u00edka SIS.<\/p>\n<p>Mak\u00f3ovi a Be\u0148ovi boli za spolupr\u00e1cu s org\u00e1nmi \u010dinn\u00fdmi v trestnom konan\u00ed a odha\u013eovanie korupcie poskytnut\u00e9 benefity. Jedn\u00fdm z nich bolo aj to, \u017ee sa m\u00f4\u017eu zbavi\u0165 vlastn\u00e9ho trestn\u00e9ho st\u00edhania.<\/p>\n<p>Ako uv\u00e1dza Denn\u00edk N, Be\u0148a v kauze sved\u010dil proti P\u010dolinsk\u00e9mu a vypovedal, \u017ee si spolu na polovicu rozdelili \u00faplatok 40-tis\u00edc eur. Peniaze poskytol Zoroslav Koll\u00e1r cez Mak\u00f3a za to, \u017ee ho SIS nebude \u010falej rozpracov\u00e1va\u0165. Koll\u00e1r \u00faplatok potvrdil a je u\u017e za to ods\u00faden\u00fd.<\/p>\n","protected":false},"excerpt":{"rendered":"Aktualizovan\u00e9 o reakciu gener\u00e1lneho prokur\u00e1tora M. \u017dilinku Gener\u00e1lna prokur\u00e1tora na \u010dele s Maro\u0161om \u017dilinkom odstavila prokur\u00e1tora Petra Kysela&hellip;\n","protected":false},"author":2,"featured_media":169921,"comment_status":"","ping_status":"","sticky":false,"template":"","format":"standard","meta":{"footnotes":"","_share_on_mastodon":"0"},"categories":[6],"tags":[43,40,44,39,42,45,41],"class_list":["post-169920","post","type-post","status-publish","format-standard","has-post-thumbnail","category-slovensko","tag-sk","tag-slovak","tag-slovak-republic","tag-slovakia","tag-slovencina","tag-slovenska-republika","tag-slovensko"],"share_on_mastodon":{"url":"https:\/\/pubeurope.com\/@sk\/117209294806413920","error":""},"_links":{"self":[{"href":"https:\/\/www.europesays.com\/sk\/wp-json\/wp\/v2\/posts\/169920","targetHints":{"allow":["GET"]}}],"collection":[{"href":"https:\/\/www.europesays.com\/sk\/wp-json\/wp\/v2\/posts"}],"about":[{"href":"https:\/\/www.europesays.com\/sk\/wp-json\/wp\/v2\/types\/post"}],"author":[{"embeddable":true,"href":"https:\/\/www.europesays.com\/sk\/wp-json\/wp\/v2\/users\/2"}],"replies":[{"embeddable":true,"href":"https:\/\/www.europesays.com\/sk\/wp-json\/wp\/v2\/comments?post=169920"}],"version-history":[{"count":0,"href":"https:\/\/www.europesays.com\/sk\/wp-json\/wp\/v2\/posts\/169920\/revisions"}],"wp:featuredmedia":[{"embeddable":true,"href":"https:\/\/www.europesays.com\/sk\/wp-json\/wp\/v2\/media\/169921"}],"wp:attachment":[{"href":"https:\/\/www.europesays.com\/sk\/wp-json\/wp\/v2\/media?parent=169920"}],"wp:term":[{"taxonomy":"category","embeddable":true,"href":"https:\/\/www.europesays.com\/sk\/wp-json\/wp\/v2\/categories?post=169920"},{"taxonomy":"post_tag","embeddable":true,"href":"https:\/\/www.europesays.com\/sk\/wp-json\/wp\/v2\/tags?post=169920"}],"curies":[{"name":"wp","href":"https:\/\/api.w.org\/{rel}","templated":true}]}}