{"id":169922,"date":"2026-09-03T21:45:19","date_gmt":"2026-09-03T21:45:19","guid":{"rendered":"https:\/\/www.europesays.com\/sk\/169922\/"},"modified":"2026-09-03T21:45:19","modified_gmt":"2026-09-03T21:45:19","slug":"ryanair-bude-lietat-z-kosickeho-letiska-do-malagy-aj-pocas-zimy-2","status":"publish","type":"post","link":"https:\/\/www.europesays.com\/sk\/169922\/","title":{"rendered":"Ryanair bude lieta\u0165 z ko\u0161ick\u00e9ho letiska do Malagy aj po\u010das zimy"},"content":{"rendered":"<p>Ko\u0161ice 3. septembra (TASR) &#8211; Leteck\u00e1 spolo\u010dnos\u0165 Ryanair ohl\u00e1sila svoj zimn\u00fd letov\u00fd poriadok pre Ko\u0161ice na rok 2026\/2027. Zah\u0155\u0148a p\u00e4\u0165 destin\u00e1ci\u00ed vr\u00e1tane novej zimnej linky do \u0161panielskej Malagy. Okrem nej s\u00fa to tradi\u010dn\u00e9 destin\u00e1cie Praha, Lond\u00fdn-Stansted, Dublin a Liverpool. Informoval o tom hovorca ko\u0161ick\u00e9ho letiska Juraj Toth.<\/p>\n<p>\u201eRoz\u0161\u00edrenie prev\u00e1dzky na zimn\u00fa sez\u00f3nu potvrdzuje ve\u013ek\u00fd \u00faspech linky Ko\u0161ice &#8211; Malaga a \u010falej posil\u0148uje celoro\u010dn\u00e9 leteck\u00e9 spojenie medzi v\u00fdchodn\u00fdm Slovenskom a \u0160panielskom. Z\u00e1rove\u0148 predstavuje \u010fal\u0161\u00ed v\u00fdznamn\u00fd m\u00ed\u013enik v pokra\u010duj\u00facom raste spolo\u010dnosti Ryanair na Slovensku,\u201c informovalo letisko.<\/p>\n<p>Riadite\u013eka komunik\u00e1cie pre stredn\u00fa a v\u00fdchodn\u00fa Eur\u00f3pu a Pobaltie v spolo\u010dnosti Ryanair Alicja W\u00f3jcik-Golebiowska uviedla, \u017ee zimn\u00fd letov\u00fd poriadok aerol\u00edni\u00ed pre Ko\u0161ice v porovnan\u00ed s minulou zimou prinesie 13-percentn\u00fd n\u00e1rast po\u010dtu letov t\u00fd\u017edenne.<\/p>\n<p>Pred\u013a\u017eenie prev\u00e1dzky linky do Malagy pon\u00fakne po\u010das zimy jedin\u00e9 priame leteck\u00e9 spojenie z v\u00fdchodn\u00e9ho Slovenska do \u0160panielska. \u201eV\u00fdborn\u00e9 v\u00fdsledky tejto linky potvrdzuj\u00fa jednozna\u010dn\u00fd dopyt po priamych spojeniach so slne\u010dn\u00fdmi eur\u00f3pskymi destin\u00e1ciami aj mimo tradi\u010dnej letnej sez\u00f3ny,\u201c uviedla W\u00f3jcik-Golebiowska. Ide o dosia\u013e najrozsiahlej\u0161\u00ed zimn\u00fd letov\u00fd poriadok tejto spolo\u010dnosti na ko\u0161ickom letisku.<\/p>\n","protected":false},"excerpt":{"rendered":"Ko\u0161ice 3. septembra (TASR) &#8211; Leteck\u00e1 spolo\u010dnos\u0165 Ryanair ohl\u00e1sila svoj zimn\u00fd letov\u00fd poriadok pre Ko\u0161ice na rok 2026\/2027.&hellip;\n","protected":false},"author":2,"featured_media":169923,"comment_status":"","ping_status":"","sticky":false,"template":"","format":"standard","meta":{"footnotes":"","_share_on_mastodon":"0"},"categories":[22],"tags":[137,3317,12607,43,40,39,42,41,992,1606],"class_list":["post-169922","post","type-post","status-publish","format-standard","has-post-thumbnail","category-kosice","tag-kosice","tag-letisko","tag-malaga","tag-sk","tag-slovak","tag-slovakia","tag-slovencina","tag-slovensko","tag-sr","tag-zima"],"share_on_mastodon":{"url":"https:\/\/pubeurope.com\/@sk\/117209302591057483","error":""},"_links":{"self":[{"href":"https:\/\/www.europesays.com\/sk\/wp-json\/wp\/v2\/posts\/169922","targetHints":{"allow":["GET"]}}],"collection":[{"href":"https:\/\/www.europesays.com\/sk\/wp-json\/wp\/v2\/posts"}],"about":[{"href":"https:\/\/www.europesays.com\/sk\/wp-json\/wp\/v2\/types\/post"}],"author":[{"embeddable":true,"href":"https:\/\/www.europesays.com\/sk\/wp-json\/wp\/v2\/users\/2"}],"replies":[{"embeddable":true,"href":"https:\/\/www.europesays.com\/sk\/wp-json\/wp\/v2\/comments?post=169922"}],"version-history":[{"count":0,"href":"https:\/\/www.europesays.com\/sk\/wp-json\/wp\/v2\/posts\/169922\/revisions"}],"wp:featuredmedia":[{"embeddable":true,"href":"https:\/\/www.europesays.com\/sk\/wp-json\/wp\/v2\/media\/169923"}],"wp:attachment":[{"href":"https:\/\/www.europesays.com\/sk\/wp-json\/wp\/v2\/media?parent=169922"}],"wp:term":[{"taxonomy":"category","embeddable":true,"href":"https:\/\/www.europesays.com\/sk\/wp-json\/wp\/v2\/categories?post=169922"},{"taxonomy":"post_tag","embeddable":true,"href":"https:\/\/www.europesays.com\/sk\/wp-json\/wp\/v2\/tags?post=169922"}],"curies":[{"name":"wp","href":"https:\/\/api.w.org\/{rel}","templated":true}]}}