{"id":169924,"date":"2026-09-03T21:46:11","date_gmt":"2026-09-03T21:46:11","guid":{"rendered":"https:\/\/www.europesays.com\/sk\/169924\/"},"modified":"2026-09-03T21:46:11","modified_gmt":"2026-09-03T21:46:11","slug":"bratislavu-a-okolie-caka-vikend-plny-koncertov-vina-aj-party","status":"publish","type":"post","link":"https:\/\/www.europesays.com\/sk\/169924\/","title":{"rendered":"Bratislavu a okolie \u010dak\u00e1 v\u00edkend pln\u00fd koncertov, v\u00edna aj p\u00e1rty"},"content":{"rendered":"<p class=\"article-perex\" itemprop=\"description\" style=\"font-weight: bold; font-style: italic;\">&#13;<br \/>\n                                                            Bratislavu a okolie \u010dak\u00e1 od piatka do nedele pestr\u00fd program s koncertmi, festivalmi, p\u00e1rty, \u0161portom, kult\u00farou, v\u00ednom aj aktivitami pre rodiny.                                                        <\/p>\n<p>Bratislavu a okolie \u010dak\u00e1 od piatka do nedele mno\u017estvo koncertov, festivalov, p\u00e1rty, \u0161portov\u00fdch a kult\u00farnych podujat\u00ed aj programu pre rodiny. Na svoje si pr\u00eddu milovn\u00edci elektronickej hudby, v\u00edna, tradi\u010dn\u00fdch remesiel, oldies hitov, filmov aj t\u00ed, ktor\u00ed chc\u00fa v\u00edkend str\u00e1vi\u0165 akt\u00edvne s de\u0165mi. Vybrali sme najzauj\u00edmavej\u0161ie <a href=\"https:\/\/www.bratislavak.sk\/temy\/velka-domasa\" class=\"link-tag\" style=\"\" rel=\"nofollow noopener\" target=\"_blank\">podujatia<\/a>, ktor\u00e9 sa oplat\u00ed cez v\u00edkend v Bratislave a okol\u00ed nav\u0161t\u00edvi\u0165.<\/p>\n<p>Neptune Club osl\u00e1vi prv\u00e9 narodeniny. Doraz\u00ed DJ Crusy z Ibizy<\/p>\n<p>Kde: Neptune Club, Kol\u00e1rska 473\/3, <a href=\"https:\/\/www.bratislavak.sk\/temy\/vlcie-hrdlo\" class=\"link-tag\" style=\"\" rel=\"nofollow noopener\" target=\"_blank\">Bratislava<\/a> \u2013 Star\u00e9 Mesto<\/p>\n<p>Kedy: piatok 4. septembra od 20:00<\/p>\n<p>\u010co v\u00e1s \u010dak\u00e1: Neptune Club osl\u00e1vi svoje prv\u00e9 narodeniny ve\u013ekou nocou plnou tech housu a elektronickej hudby. Hlavn\u00fdm hos\u0165om bude \u0161panielsky DJ Crusy, ktor\u00fd vystupoval v Amerike, \u00c1zii aj na Ibize. Klub pon\u00fakne modern\u00fd zvukov\u00fd syst\u00e9m, viac ako 200 inteligentn\u00fdch svetiel, LED in\u0161tal\u00e1cie a VIP z\u00f3nu s vlastn\u00fdm barom, welcome drinkom, samostatn\u00fdm WC a balk\u00f3nom s v\u00fdh\u013eadom na stage. Vstup je od 18 rokov a stoj\u00ed 10 eur.<\/p>\n<p>Bratislavsk\u00fd hrad sa vr\u00e1ti do 80. a 90. rokov. Pr\u00edde aj O-Zone<\/p>\n<p>Kde: Bratislavsk\u00fd hrad, Bratislava<\/p>\n<p>Kedy: piatok 4. septembra od 18:00 do polnoci<\/p>\n<p>\u010co v\u00e1s \u010dak\u00e1: Historicky prv\u00e1 Oldies Party na Bratislavskom hrade pon\u00fakne najv\u00e4\u010d\u0161ie tane\u010dn\u00e9 hity 80. a 90. rokov aj za\u010diatku nov\u00e9ho mil\u00e9nia. O hudbu sa postaraj\u00fa DJ Flebo a DJ Alan Miles, no najv\u00e4\u010d\u0161\u00edm l\u00e1kadlom ve\u010dera bude koncert legend\u00e1rnej skupiny O-Zone. N\u00e1v\u0161tevn\u00edci si u\u017eij\u00fa p\u00e1rty pod hol\u00fdm nebom s v\u00fdh\u013eadom na ve\u010dern\u00fa Bratislavu. Vstupn\u00e9 je 29 eur.<\/p>\n<p>Modransk\u00e9 vinobranie prinesie v\u00edno, bur\u010diak aj ve\u013ek\u00e9 <a href=\"https:\/\/www.bratislavak.sk\/temy\/koncerty\" class=\"link-tag\" style=\"\" rel=\"nofollow noopener\" target=\"_blank\">koncerty<\/a><\/p>\n<p>Kde: Kultur\u00e1k, Star\u00fd trh, vinohradn\u00edcky dvor a \u010fal\u0161ie miesta v Modre<\/p>\n<p>Kedy: piatok 4. a\u017e nede\u013ea 6. septembra<\/p>\n<p>\u010co v\u00e1s \u010dak\u00e1: Trojd\u0148ov\u00e9 Modransk\u00e9 vinobranie pon\u00fakne koncerty, ochutn\u00e1vky bur\u010diaku, mu\u0161tov, mlad\u00fdch aj star\u0161\u00edch v\u00edn, uk\u00e1\u017eky lisovania hrozna, remeseln\u00e9 trhy, tvoriv\u00e9 dielne, keramiku a bohat\u00fa gastroponuku. V programe vyst\u00fapia Bystr\u00edk, Jana Kirschner, A.M.O., Chiki liki tu-a, Vidiek, Bukasov\u00fd Mas\u00edv, The Curly Simon, Nina Kohout \u010di \u010fal\u0161\u00ed interpreti. S\u00fa\u010das\u0165ou bud\u00fa aj silent disco, pouli\u010dn\u00fd nov\u00fd cirkus, k\u00fazeln\u00edcka show, slamen\u00fd labyrint, historick\u00e9 traktory, v\u00fdstavy a mno\u017estvo v\u00ednnych pivn\u00edc a viech. Vstup na hlavn\u00fd program je zdarma.<\/p>\n<p>Centrum Bratislavy ovl\u00e1dnu tradi\u010dn\u00e9 remesl\u00e1. Drot\u00e1rstvo bude v hlavnej \u00falohe<\/p>\n<p>Kde: Hlavn\u00e9 <a href=\"https:\/\/www.bratislavak.sk\/temy\/namestie\" class=\"link-tag\" style=\"\" rel=\"nofollow noopener\" target=\"_blank\">n\u00e1mestie<\/a>, Franti\u0161k\u00e1nske n\u00e1mestie, Primaci\u00e1lne n\u00e1mestie a N\u00e1dvorie sv. Juraja, Bratislava<\/p>\n<p>Kedy: sobota 5. a nede\u013ea 6. septembra od 10:00<\/p>\n<p>\u010co v\u00e1s \u010dak\u00e1: Dni majstrov \u00da\u013dUV sa po 36. raz vr\u00e1tia do Bratislavy a tento rok sa zameraj\u00fa najm\u00e4 na drot\u00e1rstvo, ktor\u00e9 je zap\u00edsan\u00e9 v zozname nehmotn\u00e9ho kult\u00farneho dedi\u010dstva UNESCO. N\u00e1v\u0161tevn\u00edkov \u010dak\u00e1 jarmok tradi\u010dn\u00fdch v\u00fdrobkov, uk\u00e1\u017eky drot\u00e1rskych techn\u00edk, folkl\u00f3rne vyst\u00fapenia, hudba, tane\u010dn\u00e9 workshopy, diskusie a gastro z\u00f3na. Na N\u00e1dvor\u00ed sv. Juraja bud\u00fa od 11:00 do 18:00 pripraven\u00e9 detsk\u00e9 dielne zameran\u00e9 na drot\u00e1rstvo, rezb\u00e1rstvo, textil, keramiku \u010di podma\u013ebu na sklo. Vstup je zdarma.<\/p>\n<p>Dev\u00edn ovl\u00e1dnu rytieri. \u010cak\u00e1 v\u00e1s ve\u013ek\u00fd turnaj aj Richard Levie srdce<\/p>\n<p>Kde: Hrad Dev\u00edn, Bratislava<\/p>\n<p>Kedy: sobota 5. septembra od 10:00 do 19:00<\/p>\n<p>\u010co v\u00e1s \u010dak\u00e1: N\u00e1v\u0161tevn\u00edci sa prenes\u00fa do stredoveku, kde ich \u010dak\u00e1 \u0161ermiarsko-divadeln\u00e9 predstavenie Richard Levie srdce, renesan\u010dn\u00e9 tance, b\u00e1bkov\u00e9 divadlo a ve\u013ek\u00fd rytiersky turnaj. \u0160tyria rytieri na ko\u0148och zabojuj\u00fa o priaze\u0148 publika v sk\u00fa\u0161kach \u0161ikovnosti aj v rytierskych s\u00fabojoch. Program dopln\u00ed dobov\u00e1 hudba a z\u00e1vere\u010dn\u00fd ceremoni\u00e1l pln\u00fd \u0161ermu, tanca a vlaj\u00facich z\u00e1stav. Deti sa m\u00f4\u017eu te\u0161i\u0165 na strelnicu, vozenie na ko\u0148och, hry, katapult, chod\u00fale \u010di \u010fal\u0161ie atrakcie; vstupn\u00e9 je 6 a\u017e 12 eur.<\/p>\n<p>Bratislava bude v sobotu patri\u0165 no\u010dn\u00e9mu behu. Be\u017eci prebehn\u00fa aj elektri\u010dkov\u00fdm tunelom<\/p>\n<p>Kde: Eurovea a centrum Bratislavy<\/p>\n<p>Kedy: piatok 4. a sobota 5. septembra, hlavn\u00e9 preteky v sobotu od 20:00<\/p>\n<p>\u010co v\u00e1s \u010dak\u00e1: Telekom Night Run prinesie 18. ro\u010dn\u00edk ob\u013e\u00faben\u00e9ho no\u010dn\u00e9ho behu a z\u00e1rove\u0148 fin\u00e1le s\u00e9rie Grand Prix 2026. V Bratislave sa pobe\u017e\u00ed 10-kilometrov\u00e1 tra\u0165, \u0161tafeta dvoj\u00edc 2 \u00d7 5 kilometrov, charitat\u00edvny #RE\u0160PEKT run a v piatok aj detsk\u00e9 behy na 300, 600 a 800 metrov. Jednou z najv\u00e4\u010d\u0161\u00edch atrakci\u00ed bude mo\u017enos\u0165 prebehn\u00fa\u0165 elektri\u010dkov\u00fdm tunelom. \u0160tartovn\u00e9 pre dospel\u00e9ho na 10 km je 25 eur, detsk\u00e9 behy stoja 9 eur.<\/p>\n<p>Vodn\u00edci, pir\u00e1ti a v\u00edly obsadia Vod\u00e1rensk\u00fa z\u00e1hradu<\/p>\n<p>Kde: Vod\u00e1rensk\u00e1 z\u00e1hrada, Bratislava<\/p>\n<p>Kedy: nede\u013ea 6. septembra od 14:30 do 19:00<\/p>\n<p>\u010co v\u00e1s \u010dak\u00e1: Karlovesk\u00e9 rameno sa premen\u00ed na rozpr\u00e1vkov\u00fd svet pln\u00fd vodn\u00edkov, v\u00edl a pir\u00e1tov. Pripraven\u00e9 bud\u00fa vodn\u00edcke \u00falohy, alegorick\u00fd sprievod, divadeln\u00e9 predstavenie Pir\u00e1ti na cest\u00e1ch, tane\u010dn\u00e9 vyst\u00fapenia, k\u00fazla, pir\u00e1tska show, \u010dlnkovanie, tvoriv\u00e9 dielne, ma\u013eovanie na tv\u00e1r aj vozenie na lo\u010fk\u00e1ch. Deti m\u00f4\u017eu absolvova\u0165 \u0161es\u0165 vodn\u00edckych \u00faloh a z\u00edska\u0165 certifik\u00e1t so sladkou odmenou, pri\u010dom na z\u00e1ver ich \u010dak\u00e1 interakt\u00edvna muzik\u00e1lov\u00e1 rozpr\u00e1vka H\u013ead\u00e1 sa Dory. Vstup je zdarma.<\/p>\n<p>Deti si za\u0161portuj\u00fa s Tomim Kidom \u010di Radoslavom Ran\u010d\u00edkom<\/p>\n<p>Kde: TK Sl\u00e1via STU, M\u00e1jov\u00e1 2483\/21, Bratislava \u2013 <a href=\"https:\/\/www.bratislavak.sk\/temy\/petrzalka\" class=\"link-tag\" style=\"\" rel=\"nofollow noopener\" target=\"_blank\">Petr\u017ealka<\/a><\/p>\n<p>Kedy: nede\u013ea 6. septembra od 13:00 do 18:00<\/p>\n<p>\u010co v\u00e1s \u010dak\u00e1: ORLEN \u0160portlandia pon\u00fakne de\u0165om osem \u0161portov\u00fdch z\u00f3n, v ktor\u00fdch si m\u00f4\u017eu vysk\u00fa\u0161a\u0165 box, <a href=\"https:\/\/www.bratislavak.sk\/temy\/basketbal\" class=\"link-tag\" style=\"\" rel=\"nofollow noopener\" target=\"_blank\">basketbal<\/a>, pl\u00e1\u017eov\u00fd volejbal, p\u00e9tanque, aikido, stoln\u00fd tenis, \u0161erm a tenis. Pri jednotliv\u00fdch stanovi\u0161tiach sa stretn\u00fa so \u0161portov\u00fdmi osobnos\u0165ami vr\u00e1tane Tomiho Kida Kov\u00e1csa, Radoslava Ran\u010d\u00edka \u010di Tiny Zlato\u0161 Turnerovej. Za splnen\u00e9 discipl\u00edny bud\u00fa zbiera\u0165 body a n\u00e1sledne z\u00edskaj\u00fa medaily, ceny a odmeny. S\u00fa\u010das\u0165ou programu bude aj autogrami\u00e1da a rozhovory so \u0161portov\u00fdmi hos\u0165ami; vstup je zdarma, registr\u00e1cia je nutn\u00e1.<\/p>\n<p>Ra\u010dianske m\u00fdto o\u017eije hudbou. Zahraj\u00fa Korben Dallas aj Fallgrapp<\/p>\n<p>Kde: Park Ra\u010dianske m\u00fdto, Bratislava<\/p>\n<p>Kedy: sobota 5. septembra od 12:00<\/p>\n<p>\u010co v\u00e1s \u010dak\u00e1: Festival \u017div\u00e9 Ra\u010dko premen\u00ed park na miesto pln\u00e9 hudby, kult\u00fary, diskusi\u00ed a programu pre v\u0161etky gener\u00e1cie. Na hlavnom p\u00f3diu vyst\u00fapia Longital so sl\u00e1\u010dikov\u00fdm triom, Korben Dallas a Fallgrapp, pri\u010dom detsk\u00fd program pon\u00fakne divadlo Na hojda\u010dke, klauna Sl\u00ed\u017ea, MalinyJAM \u010di autorsk\u00e9 \u010d\u00edtanie. S\u00fa\u010das\u0165ou bude aj diskusia o tom, kde Bratislava bola, kde je a kam smeruje, st\u00e1nky neziskov\u00fdch organiz\u00e1ci\u00ed a gastroz\u00f3na. Vstup je vo\u013en\u00fd.<\/p>\n<p>D\u00fabravka si pripomenie De\u017ea. Vyst\u00fapia Longital, Nina Kohout aj Kubo Ursiny<\/p>\n<p>Kde: Park na Fed\u00e1kovej, D\u00fabravka, Bratislava<\/p>\n<p>Kedy: sobota 5. septembra od 12:00<\/p>\n<p>\u010co v\u00e1s \u010dak\u00e1: Deviaty ro\u010dn\u00edk komunitn\u00e9ho festivalu Spomienka na De\u017ea prinesie koncerty a vyst\u00fapenia po\u010das cel\u00e9ho popoludnia a ve\u010dera. V programe s\u00fa Kubo Ursiny &amp; Provisorium, Nina Kohout, \u017dena s ovoc\u00edm, Longital, Toddler Punk, The Electric Tribute, Ankramu \u010di projekt Piesne Mari\u00e1na Vargu so Sisou Feh\u00e9r, Jozefom Lupt\u00e1kom, Vladislavom \u0160ari\u0161sk\u00fdm a Oskarom T\u00f6r\u00f6kom. Program dopln\u00ed Ve\u010dern\u00ed\u010dek od Nevadivadla a \u010fal\u0161ie vyst\u00fapenia. Vstup je vo\u013en\u00fd.<\/p>\n<p>Bratislava dostane poriadnu d\u00e1vku kofe\u00ednu. Mlynica bude patri\u0165 v\u00fdberovej k\u00e1ve<\/p>\n<p>Kde: Mlynica, Turb\u00ednov\u00e1 13, Bratislava<\/p>\n<p>Kedy: sobota 5. septembra od 9:00 do 17:00<\/p>\n<p>\u010co v\u00e1s \u010dak\u00e1: Fest \u010cierny De\u0148 2026 prinesie do Bratislavy festival venovan\u00fd v\u00fdberovej k\u00e1ve. N\u00e1v\u0161tevn\u00edci ochutnaj\u00fa k\u00e1vy od r\u00f4znych pra\u017eiarn\u00ed a nebud\u00fa ch\u00fdba\u0165 ani cuppingy, teda riaden\u00e9 degust\u00e1cie k\u00e1vy. Organiz\u00e1tori pripravili aj s\u00fa\u0165a\u017e, ktorej podoba zost\u00e1va prekvapen\u00edm. Vstupn\u00e9 je 10 eur.<\/p>\n<p>Balkan p\u00e1rty pri Dunaji: \u010dakaj\u00fa ne\u00f3nov\u00e9 farby aj GlamBOT<\/p>\n<p>Kde: River&#8217;s Club, Tyr\u0161ovo n\u00e1bre\u017eie 12, Bratislava<\/p>\n<p>Kedy: piatok 4. septembra<\/p>\n<p>\u010co v\u00e1s \u010dak\u00e1: Girlspoint: Party prinesie ve\u010der v znamen\u00ed balk\u00e1nskej a gypsy hudby, tanca a v\u00fdraznej vizu\u00e1lnej atmosf\u00e9ry. Za DJ pultom sa predstav\u00ed Malalata, pripraven\u00e9 bud\u00fa ne\u00f3nov\u00e9 farby na telo svietiace pod UV svetlami a GlamBOT na efektn\u00e9 spomalen\u00e9 vide\u00e1. Ch\u00fdba\u0165 nebud\u00fa drinky, dar\u010deky ani \u010fal\u0161ie sprievodn\u00e9 prvky. Vstupn\u00e9 je 20 eur.<\/p>\n<p>Alchymista sa vr\u00e1ti do rokov 2000. \u010cak\u00e1 v\u00e1s ve\u013ek\u00e1 retro p\u00e1rty<\/p>\n<p>Kde: Alchymista pub, Franti\u0161k\u00e1nske n\u00e1mestie 10, Bratislava<\/p>\n<p>Kedy: piatok 4. septembra od 21:00<\/p>\n<p>\u010co v\u00e1s \u010dak\u00e1: P\u00e1rty 2000s WAVE prinesie do centra Bratislavy hudbu a atmosf\u00e9ru prv\u00e9ho desa\u0165ro\u010dia nov\u00e9ho mil\u00e9nia. Ve\u010der bude patri\u0165 fan\u00fa\u0161ikom nostalgick\u00fdch hitov a tane\u010dnej hudby. <a href=\"https:\/\/www.bratislavak.sk\/temy\/park-na-hlavnej\" class=\"link-tag\" style=\"\" rel=\"nofollow noopener\" target=\"_blank\">Podujatie<\/a> organizuje Bassizm music. Vstupn\u00e9 je 14,90 eura.<\/p>\n<p>Kino Lumi\u00e8re premietne najzauj\u00edmavej\u0161ie filmy z Art Filmu<\/p>\n<p>Kde: Kino Lumi\u00e8re, \u0160pit\u00e1lska, Bratislava<\/p>\n<p>Kedy: \u0161tvrtky 3., 10. a 17. septembra o 18:00 alebo 18:30<\/p>\n<p>\u010co v\u00e1s \u010dak\u00e1: Prehliadka Ozveny Art Filmu prinesie tri filmy z 32. ro\u010dn\u00edka Medzin\u00e1rodn\u00e9ho filmov\u00e9ho festivalu Art Film. Vo \u0161tvrtok 3. septembra je na programe krimin\u00e1lny triler Ladi\u010d s Leom Woodallom a Dustinom Hoffmanom, 10. septembra franc\u00fazska krimin\u00e1lna dr\u00e1ma Pr\u00edpad Bojarski a 17. septembra komorn\u00e1 dr\u00e1ma Ulica Malaga. Vstupn\u00e9 na jednotliv\u00e9 projekcie je 7 eur.<\/p>\n<p>Star\u00e9 l\u00fdceum rozbieha v septembri j\u00f3gu<\/p>\n<p>Kde: Star\u00e9 l\u00fdceum, Konventn\u00e1 15, Bratislava<\/p>\n<p>Kedy: od pondelka 7. septembra o 18:30, n\u00e1sledne ka\u017ed\u00fd pondelok po\u010das septembra<\/p>\n<p>\u010co v\u00e1s \u010dak\u00e1: Lekcie jogy pon\u00faknu pohyb, vedom\u00fd dych, uvo\u013enenie nap\u00e4tia a z\u00e1vere\u010dn\u00fa relax\u00e1ciu. Cvi\u010denia poved\u00fa Katka Pa\u013eov\u00e1 a Maja Hrin\u00edkov\u00e1 a v pr\u00edpade nepriazniv\u00e9ho po\u010dasia sa presun\u00fa zo z\u00e1hrady do interi\u00e9ru Star\u00e9ho l\u00fdcea. \u00da\u010dastn\u00edci si maj\u00fa prinies\u0165 vlastn\u00fa karimatku a tenk\u00fa deku. Cena je 8 eur za lekciu a plat\u00ed sa na mieste.<\/p>\n","protected":false},"excerpt":{"rendered":"&#13; Bratislavu a okolie \u010dak\u00e1 od piatka do nedele pestr\u00fd program s koncertmi, festivalmi, p\u00e1rty, \u0161portom, kult\u00farou, v\u00ednom&hellip;\n","protected":false},"author":2,"featured_media":169925,"comment_status":"","ping_status":"","sticky":false,"template":"","format":"standard","meta":{"footnotes":"","_share_on_mastodon":"0"},"categories":[21],"tags":[895,896,136,901,898,894,900,899,902,893,92,634,892,43,897,40,39,42,41],"class_list":["post-169924","post","type-post","status-publish","format-standard","has-post-thumbnail","category-bratislava","tag-akcie","tag-babkove-divadlo","tag-bratislava","tag-diar","tag-diskoteka","tag-divadlo","tag-hody","tag-jarmok","tag-kalendar","tag-koncert","tag-koncerty","tag-podujatia","tag-podujatie","tag-sk","tag-slavnosti","tag-slovak","tag-slovakia","tag-slovencina","tag-slovensko"],"share_on_mastodon":{"url":"https:\/\/pubeurope.com\/@sk\/117209306379313787","error":""},"_links":{"self":[{"href":"https:\/\/www.europesays.com\/sk\/wp-json\/wp\/v2\/posts\/169924","targetHints":{"allow":["GET"]}}],"collection":[{"href":"https:\/\/www.europesays.com\/sk\/wp-json\/wp\/v2\/posts"}],"about":[{"href":"https:\/\/www.europesays.com\/sk\/wp-json\/wp\/v2\/types\/post"}],"author":[{"embeddable":true,"href":"https:\/\/www.europesays.com\/sk\/wp-json\/wp\/v2\/users\/2"}],"replies":[{"embeddable":true,"href":"https:\/\/www.europesays.com\/sk\/wp-json\/wp\/v2\/comments?post=169924"}],"version-history":[{"count":0,"href":"https:\/\/www.europesays.com\/sk\/wp-json\/wp\/v2\/posts\/169924\/revisions"}],"wp:featuredmedia":[{"embeddable":true,"href":"https:\/\/www.europesays.com\/sk\/wp-json\/wp\/v2\/media\/169925"}],"wp:attachment":[{"href":"https:\/\/www.europesays.com\/sk\/wp-json\/wp\/v2\/media?parent=169924"}],"wp:term":[{"taxonomy":"category","embeddable":true,"href":"https:\/\/www.europesays.com\/sk\/wp-json\/wp\/v2\/categories?post=169924"},{"taxonomy":"post_tag","embeddable":true,"href":"https:\/\/www.europesays.com\/sk\/wp-json\/wp\/v2\/tags?post=169924"}],"curies":[{"name":"wp","href":"https:\/\/api.w.org\/{rel}","templated":true}]}}