{"id":169944,"date":"2026-09-03T22:07:35","date_gmt":"2026-09-03T22:07:35","guid":{"rendered":"https:\/\/www.europesays.com\/sk\/169944\/"},"modified":"2026-09-03T22:07:35","modified_gmt":"2026-09-03T22:07:35","slug":"real-madrid-predstavil-supisku-pre-ligu-majstrov-ferland-mendy-v-nej-nefiguruje","status":"publish","type":"post","link":"https:\/\/www.europesays.com\/sk\/169944\/","title":{"rendered":"Real Madrid predstavil s\u00fapisku pre Ligu majstrov. Ferland Mendy v nej nefiguruje"},"content":{"rendered":"<p>Real Madrid odoslal na UEFA s\u00fapisku hr\u00e1\u010dov pre Ligu majstrov a najv\u00e4\u010d\u0161\u00edm prekvapen\u00edm je absencia Ferlanda Mendyho.<a class=\"news-item-image\" target=\"_self\" href=\"https:\/\/sport.aktuality.sk\/futbal\/clanok\/liga-majstrov-sk-slovan-bratislava-zverejnil-supisku-2026090320011542002\" rel=\"nofollow noopener\"><img alt=\"Slovan uzavrel s\u00fapisku pre Ligu majstrov. Traja \u00fato\u010dn\u00edci vr\u00e1tane Slov\u00e1ka a kom\u00e9ty \u00favodu ostali mimo\" src=\"data:image\/gif;base64,R0lGODlhAQABAIAAAAAAAP\/\/\/yH5BAEAAAAALAAAAAABAAEAAAIBRAA7\" decoding=\"async\" data-nimg=\"responsive\" class=\"side-article\" style=\"position:absolute;top:0;left:0;bottom:0;right:0;box-sizing:border-box;padding:0;border:none;margin:auto;display:block;width:0;height:0;min-width:100%;max-width:100%;min-height:100%;max-height:100%\"\/><img alt=\"Slovan uzavrel s\u00fapisku pre Ligu majstrov. Traja \u00fato\u010dn\u00edci vr\u00e1tane Slov\u00e1ka a kom\u00e9ty \u00favodu ostali mimo\" src=\"https:\/\/www.europesays.com\/sk\/wp-content\/uploads\/2026\/09\/1788473254_585_37088878-fe25-40c5-bc01-d6e6bef2760a.jpg\" decoding=\"async\" data-nimg=\"responsive\" style=\"position:absolute;top:0;left:0;bottom:0;right:0;box-sizing:border-box;padding:0;border:none;margin:auto;display:block;width:0;height:0;min-width:100%;max-width:100%;min-height:100%;max-height:100%\" class=\"side-article\" loading=\"lazy\"\/><\/a><\/p>\n<p class=\"news-item-description\">Slovensk\u00fd majster \u0160K Slovan Bratislava zverejnil s\u00fapisku pre ligov\u00fa f\u00e1zu Ligy majstrov. Nech\u00fdba na nej najnov\u0161ia posila do obrany Sahmkou Camara, no v Lige majstrov si nezahraj\u00fa \u00fato\u010dnici Adam Griger a Ukrajinec Mykola Kucharevy\u010d, ktor\u00fd je aktu\u00e1lne zranen\u00fd. Na s\u00fapiske nefiguruje ani kom\u00e9ta \u00favodu ro\u010dn\u00edka v Slovane Manasse Kianga. Slovan za\u010dne \u00fa\u010dinkovanie v Lige majstrov u\u017e bud\u00facu stredu na p\u00f4de obhajcu titulu Par\u00ed\u017ea St. Germain.<\/p>\n<p>Franc\u00fazsky \u013eav\u00fd obranca sa nezmestil na zoznam hr\u00e1\u010dov, aby uvo\u013enil miesto \u010derstvo anga\u017eovan\u00e9mu Sergiovi Mart\u00ednezovi. Franc\u00faz pri\u0161iel z Lyonu v roku 2022 za 50 mili\u00f3nov eur, no v \u0160panielsku \u010del\u00ed ve\u013ek\u00fdm \u0165a\u017ekostiam, najm\u00e4 kv\u00f4li fyzick\u00fdm probl\u00e9mom. Na jeho poz\u00edciu m\u00e1 Mourinho k dispoz\u00edcii Marca Cucurellu a \u00c1lvara Carrerasa.<\/p>\n<p>T\u00e1to zmena prich\u00e1dza v \u010dase, ke\u010f t\u00edm Jos\u00e9ho Mourinha \u010del\u00ed viacer\u00fdm absenci\u00e1m pred utorkov\u00fdm debutom v s\u00fa\u0165a\u017ei proti Interu Mil\u00e1no na \u0161tadi\u00f3ne Bernab\u00e9u. Portugalsk\u00fd tr\u00e9ner nebude m\u00f4c\u0165 po\u010d\u00edta\u0165 s potrestan\u00fdmi Ardom Gulerom, Camavingom a Bernardom Silvom.<\/p>\n<p><a class=\"news-item-image\" target=\"_self\" href=\"https:\/\/sport.aktuality.sk\/futbal\/clanok\/problemy-pre-joseho-mourinha-bernardo-silva-nebude-moct-nastupit-v-lige-majstrov-2026083116175716400\" rel=\"nofollow noopener\"><img alt=\"Probl\u00e9my pre Jos\u00e9ho Mourinha. Nov\u00e1 posila Realu Madrid vynech\u00e1 \u0161tart Ligy majstrov z kuri\u00f3zneho d\u00f4vodu\" src=\"data:image\/gif;base64,R0lGODlhAQABAIAAAAAAAP\/\/\/yH5BAEAAAAALAAAAAABAAEAAAIBRAA7\" decoding=\"async\" data-nimg=\"responsive\" class=\"side-article\" style=\"position:absolute;top:0;left:0;bottom:0;right:0;box-sizing:border-box;padding:0;border:none;margin:auto;display:block;width:0;height:0;min-width:100%;max-width:100%;min-height:100%;max-height:100%\"\/><img alt=\"Probl\u00e9my pre Jos\u00e9ho Mourinha. Nov\u00e1 posila Realu Madrid vynech\u00e1 \u0161tart Ligy majstrov z kuri\u00f3zneho d\u00f4vodu\" src=\"https:\/\/www.europesays.com\/sk\/wp-content\/uploads\/2026\/09\/1db63cf3-12f0-4c49-bb33-405d1f166f65.png\" decoding=\"async\" data-nimg=\"responsive\" style=\"position:absolute;top:0;left:0;bottom:0;right:0;box-sizing:border-box;padding:0;border:none;margin:auto;display:block;width:0;height:0;min-width:100%;max-width:100%;min-height:100%;max-height:100%\" class=\"side-article\" loading=\"lazy\"\/><\/a><\/p>\n<p class=\"news-item-description\">Portugalsk\u00fd reprezentant Bernardo Silva nebude k dispoz\u00edcii tr\u00e9nerovi Realu Madrid pre z\u00e1pas s Interom Mil\u00e1no, Arda G\u00fcler a Eduardo Camavinga s\u00fa tie\u017e suspendovan\u00ed.<\/p>\n<p>Situ\u00e1ciu komplikuj\u00fa aj pochybnosti o fyzickom stave Tchouam\u00e9niho, ktor\u00fd v tejto sez\u00f3ne e\u0161te nebol povolan\u00fd do z\u00e1pasu kv\u00f4li svalov\u00e9mu zraneniu, a Thiaga, ktor\u00e9ho \u0161tart v s\u00faboji s Interom Mil\u00e1no je taktie\u017e ot\u00e1zny.<\/p>\n<p>V tomto scen\u00e1ri by si Sergio Mart\u00ednez, ktor\u00fd pri\u0161iel z Racingu, mohol odbi\u0165 debut v hlavnej eur\u00f3pskej klubovej s\u00fa\u0165a\u017ei len p\u00e4\u0165 dn\u00ed po svojej prvej nomin\u00e1cii do A-t\u00edmu. Hoci bol p\u00f4vodne anga\u017eovan\u00fd ako posila pre Castillu, hr\u00e1\u010d z Lareda tento t\u00fd\u017ede\u0148 tr\u00e9noval pod veden\u00edm Mourinha a zanechal vynikaj\u00faci dojem na tr\u00e9nersk\u00fd \u0161t\u00e1b aj spoluhr\u00e1\u010dov.<\/p>\n<p lang=\"ca\" dir=\"ltr\">\ud83d\udea8\ud83c\udfc6 OFFICIAL: REAL MADRID\u2019S CHAMPIONS LEAGUE SQUAD FOR 2026\/27. \u26aa\ufe0f\ud83d\udd25<\/p>\n<p>\ud83e\udde4 GOALKEEPERS:<br \/>Courtois, Lunin, Sergio Mestre, Javi Navarro.<\/p>\n<p>\ud83d\udee1\ufe0f DEFENDERS:<br \/>Ra\u00fal Asencio, Milit\u00e3o, Huijsen, Trent, Konat\u00e9, Cucurella, Carreras, R\u00fcdiger, Dumfries, Mario Rivas, Joan Mart\u00ednez, Jes\u00fas Fortea.<\/p>\n<p>\u2699\ufe0f\u2026 <a href=\"https:\/\/t.co\/TEvktt29Kf\" rel=\"nofollow\">pic.twitter.com\/TEvktt29Kf<\/a><\/p>\n<p>\u2014 Born Madridista (@bornmadridista0) <a href=\"https:\/\/x.com\/bornmadridista0\/status\/2095613995227210155?ref_src=twsrc%5Etfw\" rel=\"nofollow\">September 3, 2026<\/a> <\/p>\n<p>Vynechanie Ferlanda Mendyho vyvol\u00e1va ot\u00e1zky o jeho zotavovan\u00ed. Hr\u00e1\u010d u\u017e pribli\u017ene dva t\u00fd\u017edne tr\u00e9nuje na tr\u00e1vniku vo Valdebebas, no klub je vzh\u013eadom na jeho rozsiahlu hist\u00f3riu zranen\u00ed opatrn\u00fd. <\/p>\n<p>Jeho zotavenie po oper\u00e1cii natrhnutia \u0161\u013eachy priameho stehenn\u00e9ho svalu na pravej nohe nazna\u010dovalo n\u00e1vrat v septembri alebo okt\u00f3bri, a to pod\u013ea najoptimistickej\u0161\u00edch progn\u00f3z.<\/p>\n<p><script async src=\"https:\/\/platform.twitter.com\/widgets.js\" charset=\"utf-8\"><\/script><\/p>\n","protected":false},"excerpt":{"rendered":"Real Madrid odoslal na UEFA s\u00fapisku hr\u00e1\u010dov pre Ligu majstrov a najv\u00e4\u010d\u0161\u00edm prekvapen\u00edm je absencia Ferlanda Mendyho. Slovensk\u00fd&hellip;\n","protected":false},"author":2,"featured_media":169945,"comment_status":"","ping_status":"","sticky":false,"template":"","format":"standard","meta":{"footnotes":"","_share_on_mastodon":"0"},"categories":[13],"tags":[8054,2317,43,40,39,42,41,69,68],"class_list":["post-169944","post","type-post","status-publish","format-standard","has-post-thumbnail","category-sport","tag-liga-majstrov-uefa","tag-real-madrid-cf","tag-sk","tag-slovak","tag-slovakia","tag-slovencina","tag-slovensko","tag-sport","tag-sports"],"share_on_mastodon":{"url":"https:\/\/pubeurope.com\/@sk\/117209389550555465","error":""},"_links":{"self":[{"href":"https:\/\/www.europesays.com\/sk\/wp-json\/wp\/v2\/posts\/169944","targetHints":{"allow":["GET"]}}],"collection":[{"href":"https:\/\/www.europesays.com\/sk\/wp-json\/wp\/v2\/posts"}],"about":[{"href":"https:\/\/www.europesays.com\/sk\/wp-json\/wp\/v2\/types\/post"}],"author":[{"embeddable":true,"href":"https:\/\/www.europesays.com\/sk\/wp-json\/wp\/v2\/users\/2"}],"replies":[{"embeddable":true,"href":"https:\/\/www.europesays.com\/sk\/wp-json\/wp\/v2\/comments?post=169944"}],"version-history":[{"count":0,"href":"https:\/\/www.europesays.com\/sk\/wp-json\/wp\/v2\/posts\/169944\/revisions"}],"wp:featuredmedia":[{"embeddable":true,"href":"https:\/\/www.europesays.com\/sk\/wp-json\/wp\/v2\/media\/169945"}],"wp:attachment":[{"href":"https:\/\/www.europesays.com\/sk\/wp-json\/wp\/v2\/media?parent=169944"}],"wp:term":[{"taxonomy":"category","embeddable":true,"href":"https:\/\/www.europesays.com\/sk\/wp-json\/wp\/v2\/categories?post=169944"},{"taxonomy":"post_tag","embeddable":true,"href":"https:\/\/www.europesays.com\/sk\/wp-json\/wp\/v2\/tags?post=169944"}],"curies":[{"name":"wp","href":"https:\/\/api.w.org\/{rel}","templated":true}]}}