{"id":169956,"date":"2026-09-03T22:24:19","date_gmt":"2026-09-03T22:24:19","guid":{"rendered":"https:\/\/www.europesays.com\/sk\/169956\/"},"modified":"2026-09-03T22:24:19","modified_gmt":"2026-09-03T22:24:19","slug":"uss-abraham-lincoln-po-rekordnych-250-dnoch-na-mori-zakotvila","status":"publish","type":"post","link":"https:\/\/www.europesays.com\/sk\/169956\/","title":{"rendered":"USS Abraham Lincoln po rekordn\u00fdch 250 d\u0148och na mori zakotvila"},"content":{"rendered":"<p>  <a class=\"fancy\" href=\"https:\/\/spravy.stvr.sk\/kategoria\/svet\/\" data-category-name=\"Svet\" data-category-link=\"https:\/\/spravy.stvr.sk\/kategoria\/svet\/\" rel=\"nofollow noopener\" target=\"_blank\"> Svet  <\/a> <\/p>\n<p class=\"post-article__lede\"> Dlh\u00e9 nasadenie vyvolalo obavy zo zhor\u0161uj\u00facich sa podmienok.<\/p>\n<p>   2. 9. 2026 06:40:31        Odlo\u017e na nesk\u00f4r   <img decoding=\"async\" alt=\"Americk\u00e1 lietadlov\u00e1 lo\u010f USS Abraham Lincoln.\" src=\"https:\/\/www.europesays.com\/sk\/wp-content\/uploads\/2026\/09\/profimedia-1130017551-e1788323861135-1017x573.jpg\"   fetchpriority=\"high\"\/> <img decoding=\"async\" class=\"hidden\" alt=\"Americk\u00e1 lietadlov\u00e1 lo\u010f USS Abraham Lincoln.\" src=\"&#10; https:\/\/spravy.stvr.sk\/wp-content\/uploads\/2026\/09\/profimedia-1130017551-e1788323861135-1x1.jpg&#9;&#9;&#9;&#9;&#9;\"\/> <img decoding=\"async\" class=\"hidden\" alt=\"Americk\u00e1 lietadlov\u00e1 lo\u010f USS Abraham Lincoln.\" src=\"&#10; https:\/\/spravy.stvr.sk\/wp-content\/uploads\/2026\/09\/profimedia-1130017551-e1788323861135-4x3.jpg&#9;&#9;&#9;&#9;&#9;\"\/>  Americk\u00e1 lietadlov\u00e1 lo\u010f USS Abraham Lincoln.   Foto:<br \/>\n \u010cTK\/AP\/Sakchai Lalit <\/p>\n<p class=\"article-paragraph--first\">Americk\u00e1 lietadlov\u00e1 lo\u010f USS Abraham Lincoln v stredu (2. 9.) r\u00e1no vpl\u00e1vala do thajsk\u00e9ho pr\u00edstavu Laem Chabang po rekordn\u00fdch viac ako 250 d\u0148och na mori vr\u00e1tane nasadenia na Bl\u00edzkom v\u00fdchode. Na palube sa nach\u00e1dza pribli\u017ene p\u00e4\u0165tis\u00edc n\u00e1morn\u00edkov a pr\u00edslu\u0161n\u00edkov n\u00e1mornej pechoty.<\/p>\n<p>Dlh\u00e9 nasadenie plavidla vyvolalo obavy zo zhor\u0161uj\u00facich sa podmienok a du\u0161evn\u00e9ho zdravia pos\u00e1dky, informuj\u00fa o tom spr\u00e1vy agent\u00far Reuters a AP.<\/p>\n<p>Lo\u010f USS Abraham Lincoln je na mori od novembra 2025 a vytvorila po\u010das neho rekord v po\u010dte po sebe nasleduj\u00facich dn\u00ed str\u00e1ven\u00fdch na mori. Be\u017en\u00e9 nasadenie vojensk\u00fdch lod\u00ed trv\u00e1 \u0161es\u0165 a\u017e dev\u00e4\u0165 mesiacov, v \u010dase konfliktov sa v\u0161ak m\u00f4\u017ee pred\u013a\u017ei\u0165.<\/p>\n<p>M\u00f4\u017ee v\u00e1s zauj\u00edma\u0165<a class=\"wp-block-k-veci-content-related-post__link fancy\" href=\"https:\/\/spravy.stvr.sk\/2026\/08\/domov-sa-mali-vratit-v-maji-no-stale-su-na-mori-americki-namornici-hlasia-nedostatok-jedla-mnohi-sa-pokusali-o-samovrazdu\/\" rel=\"nofollow noopener\" target=\"_blank\">Peklo na americkej lietadlovej lodi: N\u00e1morn\u00edci hl\u00e1sia nedostatok jedla, mnoh\u00ed sa pok\u00fa\u0161ali o samovra\u017edu<\/a><\/p>\n<p>Lietadlov\u00e1 lo\u010f spolu s \u010fal\u0161\u00edmi americk\u00fdmi vojensk\u00fdmi plavidlami zostane v Thajsku p\u00e4\u0165 dn\u00ed. Pod\u013ea tamoj\u0161\u00edch \u00faradov m\u00e1 n\u00e1v\u0161teva pos\u00e1dke sl\u00fa\u017ei\u0165 na oddych a zotavenie. Thajsko je jedin\u00fdm zmluvn\u00fdm spojencom Spojen\u00fdch \u0161t\u00e1tov v pevninskej \u010dasti juhov\u00fdchodnej \u00c1zie.<\/p>\n<p>Pr\u00edchod tis\u00edcov americk\u00fdch vojakov do Thajska vyvolal o\u010dak\u00e1vania ekonomick\u00e9ho pr\u00ednosu najm\u00e4 v ne\u010falekom letovisku Pattaya. Pribli\u017ene 40 autobusov bude pod\u013ea starostu mesta prepravova\u0165 vojakov medzi letoviskom a pr\u00edstavom.<\/p>\n<p> Sledujte spravodajstvo<\/p>\n<p class=\"!tw-my-0\">STVR na Facebooku<\/p>\n<p> <a href=\"https:\/\/www.facebook.com\/spravy.stvr\/\" target=\"_blank\" class=\"tw-flex tw-ml-auto xs:tw-ml-0 tw-h-auto !tw-no-underline tw-w-auto tw-items-center tw-gap-3 tw-px-4 tw-py-3 follow-button&#010; tw-rounded-[36px]\" style=\"background: linear-gradient(93.02deg, #18C0F7 -8.07%, #2B80EA 18.06%, #0C4FF4 70.48%, #5B3ECE 114.03%);color: #F4F4F4;\" rel=\"nofollow noopener\">            Sledova\u0165 <\/a><\/p>\n<p>Americk\u00ed vojaci v\u0161ak bud\u00fa ma\u0165 v Thajsku zak\u00e1zan\u00e9 viacer\u00e9 aktivity vr\u00e1tane vodn\u00fdch \u0161portov, jazdy na vodn\u00fdch sk\u00fatroch \u010di boxu. Pol\u00edcia z\u00e1rove\u0148 posiln\u00ed hliadky v okol\u00ed hlavnej pl\u00e1\u017ee a v no\u010dn\u00fdch z\u00e1bavn\u00fdch \u0161tvrtiach.<\/p>\n<p> \u010eal\u0161ie \u010dl\u00e1nky na t\u00e9mu:<a href=\"https:\/\/spravy.stvr.sk\/tag\/blizky-vychod\/\" title=\"Bl\u00edzky v\u00fdchod\" class=\"tags__tag blizky-vychod\" rel=\"nofollow noopener\" target=\"_blank\">Bl\u00edzky v\u00fdchod<\/a><a href=\"https:\/\/spravy.stvr.sk\/tag\/obrana\/\" title=\"obrana\" class=\"tags__tag obrana\" rel=\"nofollow noopener\" target=\"_blank\">obrana<\/a><a href=\"https:\/\/spravy.stvr.sk\/tag\/thajsko\/\" title=\"Thajsko\" class=\"tags__tag thajsko\" rel=\"nofollow noopener\" target=\"_blank\">Thajsko<\/a><a href=\"https:\/\/spravy.stvr.sk\/tag\/usa\/\" title=\"USA\" class=\"tags__tag usa\" rel=\"nofollow noopener\" target=\"_blank\">USA<\/a><\/p>\n","protected":false},"excerpt":{"rendered":"Svet Dlh\u00e9 nasadenie vyvolalo obavy zo zhor\u0161uj\u00facich sa podmienok. 2. 9. 2026 06:40:31 Odlo\u017e na nesk\u00f4r Americk\u00e1 lietadlov\u00e1&hellip;\n","protected":false},"author":2,"featured_media":169957,"comment_status":"","ping_status":"","sticky":false,"template":"","format":"standard","meta":{"footnotes":"","_share_on_mastodon":"0"},"categories":[8],"tags":[4341,33,506,43,40,42,36,50,5876,304,49,48],"class_list":["post-169956","post","type-post","status-publish","format-standard","has-post-thumbnail","category-svet","tag-blizky-vychod","tag-news","tag-obrana","tag-sk","tag-slovak","tag-slovencina","tag-spravy","tag-svet","tag-thajsko","tag-usa","tag-world","tag-world-news"],"share_on_mastodon":{"url":"https:\/\/pubeurope.com\/@sk\/117209456101199806","error":""},"_links":{"self":[{"href":"https:\/\/www.europesays.com\/sk\/wp-json\/wp\/v2\/posts\/169956","targetHints":{"allow":["GET"]}}],"collection":[{"href":"https:\/\/www.europesays.com\/sk\/wp-json\/wp\/v2\/posts"}],"about":[{"href":"https:\/\/www.europesays.com\/sk\/wp-json\/wp\/v2\/types\/post"}],"author":[{"embeddable":true,"href":"https:\/\/www.europesays.com\/sk\/wp-json\/wp\/v2\/users\/2"}],"replies":[{"embeddable":true,"href":"https:\/\/www.europesays.com\/sk\/wp-json\/wp\/v2\/comments?post=169956"}],"version-history":[{"count":0,"href":"https:\/\/www.europesays.com\/sk\/wp-json\/wp\/v2\/posts\/169956\/revisions"}],"wp:featuredmedia":[{"embeddable":true,"href":"https:\/\/www.europesays.com\/sk\/wp-json\/wp\/v2\/media\/169957"}],"wp:attachment":[{"href":"https:\/\/www.europesays.com\/sk\/wp-json\/wp\/v2\/media?parent=169956"}],"wp:term":[{"taxonomy":"category","embeddable":true,"href":"https:\/\/www.europesays.com\/sk\/wp-json\/wp\/v2\/categories?post=169956"},{"taxonomy":"post_tag","embeddable":true,"href":"https:\/\/www.europesays.com\/sk\/wp-json\/wp\/v2\/tags?post=169956"}],"curies":[{"name":"wp","href":"https:\/\/api.w.org\/{rel}","templated":true}]}}