{"id":169972,"date":"2026-09-03T22:58:08","date_gmt":"2026-09-03T22:58:08","guid":{"rendered":"https:\/\/www.europesays.com\/sk\/169972\/"},"modified":"2026-09-03T22:58:08","modified_gmt":"2026-09-03T22:58:08","slug":"muzeum-andyho-warhola-v-medzilaborciach-je-po-velkej-rekonstrukcii-opat-otvorene-aktuality","status":"publish","type":"post","link":"https:\/\/www.europesays.com\/sk\/169972\/","title":{"rendered":"M\u00fazeum Andyho Warhola v Medzilaborciach je po ve\u013ekej rekon\u0161trukcii op\u00e4\u0165 otvoren\u00e9 &#8211; Aktuality"},"content":{"rendered":"<p><a href=\"https:\/\/news.google.com\/rss\/articles\/CBMizwFBVV95cUxPZVNSa2J4R21MbTFTX21NSi0wX05oczZ5Z0QyWHRkdWRhbkVmTTFIZ0hTTGdJa2syRVhCZTU0VjRKcWVWNzVtdHBGdE5zTkNpNEplcDJwMjAwaFAwLUFaOHN5T2NwY0Rhd3FlZmNIRVhKLW1MSUxGQl8tVUltOU01RTJQcGVDbnEwUWhwblRfbGRNZGY5R2lIc3lZZnA4QnYzWVJScS1wSVFQSkVSeUZPQm5SSnVrd240RERhTEJDTUxiZ3JoUTdfaTVlOW0zTEE?oc=5\" target=\"_blank\" rel=\"nofollow noopener\">M\u00fazeum Andyho Warhola v Medzilaborciach je po ve\u013ekej rekon\u0161trukcii op\u00e4\u0165 otvoren\u00e9<\/a>&nbsp;&nbsp;Aktuality<a href=\"https:\/\/news.google.com\/rss\/articles\/CBMizAFBVV95cUxPUlBlc2d5WjluOXFNWnBONDl6TVdyQkZfSV9Way1ZMXBWSkdOaWEwanZrSU91NEg5ZGY4Ri00eHdFUXhuc2RKY21GVW5QTDAyZmdGOGY5XzVYYkVnVS1XaV9IX1BIQnJMamFHejhmbEEtSDctUVp3czdvd2xHWGRpODg3REU5ZmJrNkJiS2lDREJLTzZoZzlZcHNiVFhYMzlwZWd6a2RQc2xodTRDNkhTQm9pNHREWEx4RFRleU1Jdjc0TGI4cmlVSWFwSnI?oc=5\" target=\"_blank\" rel=\"nofollow noopener\">Medzilaborce otvorili zrenovovan\u00e9 Warholovo m\u00fazeum, pri\u0161iel aj Donald Warhola, synovec umelca<\/a>&nbsp;&nbsp;Aktuality<a href=\"https:\/\/news.google.com\/rss\/articles\/CBMitgFBVV95cUxQbVkzR09fQlF4N09sNjltbEVzaU8zSjU4ZURHQ2tGWlRPR2tWYlhCWnZodTU4M28xN0drUHRibnJqYWRmUEVPUlhmbFRlX1lZa1JrZWlvMEdiNy1IaGNyc2tjTXV5cU5IRU5rTmhlM01JTHhHNTcwZzZ6M0hVRFV5bHBQTE43SExRNnZRMTdLTGlYR01HM1ZlRFUzNXI0cTl2aklwVENvS2V0VEpvZi15VEpWRUZrQQ?oc=5\" target=\"_blank\" rel=\"nofollow noopener\">V Medzilaborciach otvorili m\u00fazeum Andyho Warhola. Pri\u0161iel aj prezident Pellegrini<\/a>&nbsp;&nbsp;Noviny.sk<a href=\"https:\/\/news.google.com\/rss\/articles\/CBMiSkFVX3lxTE5wSVpCNmZXOFg2TDFJbXkzWldxTWw1ZGhLR2dBcnM3ZmJLVzRpaHVBMTc0MWlJYUdnMW1nQkl2dUV0U3RLWmJsaXlR?oc=5\" target=\"_blank\" rel=\"nofollow noopener\">Festival Biela noc sa bude po prv\u00fdkr\u00e1t kona\u0165 aj v Banskej \u0160tiavnici.<\/a>&nbsp;&nbsp;Denn\u00edk N<a href=\"https:\/\/news.google.com\/rss\/articles\/CBMirAFBVV95cUxNUkh3MXBsVTBSbE00bFBsVE5jejJuOXZVU2VXc3pTMlZHbGJYejRvR241ZnZWbFl0d0JqcndvSWxVTklna2VFeDhwakpxaFktVERMYWswMzlpTUh2ZVN3TEJOTUdMT0VhcWRuV1NadG56d2FiRVdNanFSRm1PWWpURGE0Mm5RREd6SnNDcHRhQ1QweC1OdjFoWURoV0x3UEx4ekZsQnMzejcxSHd1?oc=5\" target=\"_blank\" rel=\"nofollow noopener\">Warholovo m\u00fazeum v Medzilaborciach sa po troch rokoch op\u00e4\u0165 otvor\u00ed verejnosti<\/a>&nbsp;&nbsp;Korz\u00e1r<\/p>\n","protected":false},"excerpt":{"rendered":"M\u00fazeum Andyho Warhola v Medzilaborciach je po ve\u013ekej rekon\u0161trukcii op\u00e4\u0165 otvoren\u00e9&nbsp;&nbsp;AktualityMedzilaborce otvorili zrenovovan\u00e9 Warholovo m\u00fazeum, pri\u0161iel aj Donald&hellip;\n","protected":false},"author":2,"featured_media":169973,"comment_status":"","ping_status":"","sticky":false,"template":"","format":"standard","meta":{"footnotes":"","_share_on_mastodon":"0"},"categories":[19],"tags":[48167,109,108,110,113,48168,70,48169,4332,6768,18614,1098,43,40,39,42,41,112,111,71],"class_list":["post-169972","post","type-post","status-publish","format-standard","has-post-thumbnail","category-umenie-a-dizajn","tag-andy-warhol","tag-art","tag-art-and-design","tag-design","tag-dizajn","tag-donald-warhola","tag-entertainment","tag-martin-cubjak","tag-medzilaborce","tag-milan-majersky","tag-presovsky-samospravny-kraj","tag-rekonstrukcia","tag-sk","tag-slovak","tag-slovakia","tag-slovencina","tag-slovensko","tag-umenie","tag-umenie-a-dizajn","tag-zabava"],"share_on_mastodon":{"url":"https:\/\/pubeurope.com\/@sk\/117209589676134311","error":""},"_links":{"self":[{"href":"https:\/\/www.europesays.com\/sk\/wp-json\/wp\/v2\/posts\/169972","targetHints":{"allow":["GET"]}}],"collection":[{"href":"https:\/\/www.europesays.com\/sk\/wp-json\/wp\/v2\/posts"}],"about":[{"href":"https:\/\/www.europesays.com\/sk\/wp-json\/wp\/v2\/types\/post"}],"author":[{"embeddable":true,"href":"https:\/\/www.europesays.com\/sk\/wp-json\/wp\/v2\/users\/2"}],"replies":[{"embeddable":true,"href":"https:\/\/www.europesays.com\/sk\/wp-json\/wp\/v2\/comments?post=169972"}],"version-history":[{"count":0,"href":"https:\/\/www.europesays.com\/sk\/wp-json\/wp\/v2\/posts\/169972\/revisions"}],"wp:featuredmedia":[{"embeddable":true,"href":"https:\/\/www.europesays.com\/sk\/wp-json\/wp\/v2\/media\/169973"}],"wp:attachment":[{"href":"https:\/\/www.europesays.com\/sk\/wp-json\/wp\/v2\/media?parent=169972"}],"wp:term":[{"taxonomy":"category","embeddable":true,"href":"https:\/\/www.europesays.com\/sk\/wp-json\/wp\/v2\/categories?post=169972"},{"taxonomy":"post_tag","embeddable":true,"href":"https:\/\/www.europesays.com\/sk\/wp-json\/wp\/v2\/tags?post=169972"}],"curies":[{"name":"wp","href":"https:\/\/api.w.org\/{rel}","templated":true}]}}