{"id":169980,"date":"2026-09-03T23:31:12","date_gmt":"2026-09-03T23:31:12","guid":{"rendered":"https:\/\/www.europesays.com\/sk\/169980\/"},"modified":"2026-09-03T23:31:12","modified_gmt":"2026-09-03T23:31:12","slug":"ako-real-madrid-prestaval-kader-za-260-milionov-eur","status":"publish","type":"post","link":"https:\/\/www.europesays.com\/sk\/169980\/","title":{"rendered":"Ako Real Madrid prestaval k\u00e1der za 260 mili\u00f3nov eur"},"content":{"rendered":"<p>Do \u201ebieleho baletu\u201c pri\u0161lo v letnom prestupovom obdob\u00ed 6 nov\u00fdch tv\u00e1r\u00ed, pri\u010dom Yan Diomande vedie zoznam pos\u00edl. Cie\u013eom je vr\u00e1ti\u0165 klub na v\u00ed\u0165azn\u00fa cestu.<\/p>\n<p>Real Madrid investoval v lete pribli\u017ene 260 mili\u00f3nov eur do prestavby k\u00e1dra pod nov\u00fdm veden\u00edm Jos\u00e9ho Mourinha. I\u0161lo o najv\u00e4\u010d\u0161ie v\u00fddavky klubu na prestupovom trhu od roku 2019. Portugalsk\u00fd tr\u00e9ner bol vo\u013ebou Florentina P\u00e9reza, aby nahradil \u00c1lvara Arbelou. Jeho n\u00e1vrat m\u00e1 za cie\u013e vr\u00e1ti\u0165 \u201ebiely balet\u201c na v\u00ed\u0165azn\u00fa cestu po dvoch (zriedkav\u00fdch) po sebe id\u00facich sez\u00f3nach bez zisku v\u00fdznamn\u00fdch trofej\u00ed.<\/p>\n<p>Vymenovanie tr\u00e9nera sa uskuto\u010dnilo 11. j\u00fana, no strat\u00e9gia pre prestupov\u00fd trh sa za\u010dala formova\u0165 u\u017e za\u010diatkom m\u00e1ja prostredn\u00edctvom stretnut\u00ed medzi Jos\u00e9m Mourinhom, Jorgeom Mendesom a veden\u00edm klubu, ktor\u00e9 zah\u0155\u0148a Florentina P\u00e9reza, gener\u00e1lneho riadite\u013ea Jos\u00e9ho \u00c1ngela S\u00e1ncheza a \u0161\u00e9fa skautingu Juniho Calafata. Celkov\u00e1 invest\u00edcia zah\u0155\u0148a aj 15 mili\u00f3nov eur zaplaten\u00fdch Benfice za uvo\u013enenie tr\u00e9nera z jeho zmluvy.<\/p>\n<p>Zmena strat\u00e9gie a bezprecedentn\u00fd vplyv tr\u00e9nera<\/p>\n<p>K\u00e1der posilnilo 6 nov\u00fdch hr\u00e1\u010dov. Kr\u00eddeln\u00edk Yan Diomande z RB Lipsko predstavoval najdrah\u0161iu akviz\u00edciu, pri\u010dom obchod by mohol dosiahnu\u0165 rekordn\u00fdch 140 mili\u00f3nov eur pre klub.<\/p>\n<p>Marc Cucurella pri\u0161iel z Chelsea za sumu, ktor\u00e1 m\u00f4\u017ee dosiahnu\u0165 60 mili\u00f3nov, zatia\u013e \u010do \u00fato\u010dn\u00edk Carlos Espi pri\u0161iel z Levante za 25 mili\u00f3nov.<\/p>\n<p>Prav\u00e9ho obrancu Denzela Dumfriesa klub z\u00edskal z Interu za 20 mili\u00f3nov. Zadarmo sa pripojili stredn\u00fd obranca Ibrahima Konat\u00e9, b\u00fdval\u00fd hr\u00e1\u010d Liverpoolu, a stredopoliar Bernardo Silva, b\u00fdval\u00fd hr\u00e1\u010d Manchestru City.<\/p>\n<p><a class=\"news-item-image\" target=\"_self\" href=\"https:\/\/sport.aktuality.sk\/futbal\/clanok\/jose-mourinho-real-madrid-prisne-pravidla-2026090302444222800\" rel=\"nofollow noopener\"><img alt=\"\u017delezn\u00e1 discipl\u00edna v Reale Madrid. Jos\u00e9 Mourinho zaviedol pr\u00edsnej\u0161ie pravidl\u00e1, me\u0161ka\u0165 sa neoplat\u00ed\" src=\"data:image\/gif;base64,R0lGODlhAQABAIAAAAAAAP\/\/\/yH5BAEAAAAALAAAAAABAAEAAAIBRAA7\" decoding=\"async\" data-nimg=\"responsive\" class=\"side-article\" style=\"position:absolute;top:0;left:0;bottom:0;right:0;box-sizing:border-box;padding:0;border:none;margin:auto;display:block;width:0;height:0;min-width:100%;max-width:100%;min-height:100%;max-height:100%\"\/><img alt=\"\u017delezn\u00e1 discipl\u00edna v Reale Madrid. Jos\u00e9 Mourinho zaviedol pr\u00edsnej\u0161ie pravidl\u00e1, me\u0161ka\u0165 sa neoplat\u00ed\" src=\"https:\/\/www.europesays.com\/sk\/wp-content\/uploads\/2026\/09\/1788478272_71_e04c75d3-624f-4770-94df-268fea0dfd5a.jpg\" decoding=\"async\" data-nimg=\"responsive\" style=\"position:absolute;top:0;left:0;bottom:0;right:0;box-sizing:border-box;padding:0;border:none;margin:auto;display:block;width:0;height:0;min-width:100%;max-width:100%;min-height:100%;max-height:100%\" class=\"side-article\" loading=\"lazy\"\/><\/a><\/p>\n<p class=\"news-item-description\">Nov\u00fd tr\u00e9ner Realu Madrid Jos\u00e9 Mourinho zav\u00e1dza v t\u00edme pr\u00edsne disciplin\u00e1rne opatrenia. Finan\u010dn\u00e9 sankcie za me\u0161kanie ru\u0161\u00ed a nahr\u00e1dza ich tvrd\u0161\u00edmi trestami, informuje Defensa Central.<\/p>\n<p>Letn\u00e9 posily \u201ebieleho baletu\u201c v roku 2026<\/p>\n<p>Vplyv Jos\u00e9ho Mourinha na proces n\u00e1boru znamenal zmenu oproti predch\u00e1dzaj\u00facim tr\u00e9nerom ako Carlo Ancelotti, Xabi Alonso a \u00c1lvaro Arbeloa, s ktor\u00fdmi sa pr\u00edpadne posily tak nekonzultovali. T\u00e1to \u00fazka spolupr\u00e1ca medzi veden\u00edm a tr\u00e9nerom vy\u00fastila do spolo\u010dn\u00e9ho pocitu \u00faspechu na tomto trhu, s presved\u010den\u00edm, \u017ee k\u00e1der je teraz pripraven\u00fd bojova\u0165 o v\u0161etky tituly.<\/p>\n<p>Napriek optimizmu intern\u00e9 aj extern\u00e9 hlasy poukazuj\u00fa na absenciu stredopoliara schopn\u00e9ho diktova\u0165 tempo hry, pri\u010dom fakt, \u017ee Rodri uprednostnil prestup do Barcelony, je v tomto smere vn\u00edman\u00fd ako ne\u00faspech.<\/p>\n<p>Od za\u010diatku panovala zhoda v tom, ktor\u00e9 poz\u00edcie treba posilni\u0165: prav\u00fd obranca, ktor\u00fd by konkuroval Trentovi Alexanderovi-Arnoldovi, aspo\u0148 jeden dominantn\u00fd stredn\u00fd obranca, \u0161pi\u010dkov\u00fd \u013eav\u00fd obranca a kreat\u00edvny stredopoliar. Akviz\u00edcie Ibrahimu Konat\u00e9ho (ofici\u00e1lne 18. j\u00fana) a Denzela Dumfriesa (5. j\u00fala) boli napl\u00e1novan\u00e9 e\u0161te pred znovuzvolen\u00edm Florentina P\u00e9reza 7. j\u00fana.<\/p>\n<p>Prestupov\u00e9 boje: Zdolanie konkurentov i jedna prehra<\/p>\n<p>Real Madrid demon\u0161troval svoju silu na trhu a predbehol Barcelonu aj Atl\u00e9tico Madrid, aby podp\u00edsal Marca Cucurellu za 55 mili\u00f3nov eur plus 5 mili\u00f3nov v bonusoch.<\/p>\n<p>Klub op\u00e4\u0165 prekonal svojich rivalov, ke\u010f do svojich radov z\u00edskal 32-ro\u010dn\u00e9ho Bernarda Silvu po jeho odchode z Manchestru City.<\/p>\n<p>\u010co sa t\u00fdka \u00fatoku, anga\u017eovanie hrotov\u00e9ho \u00fato\u010dn\u00edka nebolo prioritou, no odchod Gonzala Garciu do Fulhamu za 40 mili\u00f3nov eur otvoril cestu pr\u00edchodu Carlosa Espiho, \u010d\u00edm sa splnila t\u00fa\u017eba Jos\u00e9ho Mourinha ma\u0165 \u00fato\u010dn\u00edka podobn\u00e9ho Joseluovi.<\/p>\n<p>Potreba prav\u00e9ho kr\u00eddeln\u00edka tie\u017e nebola p\u00f4vodne naliehav\u00e1, no po majstrovstv\u00e1ch sveta nabrala na sile. Real Madrid vst\u00fapil do boja o Yana Diomandeho z RB Lipsko a napriek siln\u00e9mu z\u00e1ujmu Liverpoolu a PSG sa mu podarilo uzavrie\u0165 obchod za sumu, ktor\u00e1 m\u00f4\u017ee dosiahnu\u0165 140 mili\u00f3nov eur.<\/p>\n<p>Intern\u00e9 pred\u013a\u017eenie zmluvy Vin\u00edciusa J\u00faniora do roku 2032 bolo vn\u00edman\u00e9 ako \u00faspech porovnate\u013en\u00fd s ve\u013ekou akviz\u00edciou. Talentovan\u00fd 26-ro\u010dn\u00fd braz\u00edlsky kr\u00eddeln\u00edk bol ve\u013emi bl\u00edzko k prestupu do Arsenalu, no dlh\u00e9 rokovania rozhodli o jeho zotrvan\u00ed na Bernab\u00e9u.<\/p>\n","protected":false},"excerpt":{"rendered":"Do \u201ebieleho baletu\u201c pri\u0161lo v letnom prestupovom obdob\u00ed 6 nov\u00fdch tv\u00e1r\u00ed, pri\u010dom Yan Diomande vedie zoznam pos\u00edl. Cie\u013eom&hellip;\n","protected":false},"author":2,"featured_media":169981,"comment_status":"","ping_status":"","sticky":false,"template":"","format":"standard","meta":{"footnotes":"","_share_on_mastodon":"0"},"categories":[13],"tags":[37541,5470,2317,43,40,39,42,41,69,68],"class_list":["post-169980","post","type-post","status-publish","format-standard","has-post-thumbnail","category-sport","tag-futbalove-prestupy","tag-laliga","tag-real-madrid-cf","tag-sk","tag-slovak","tag-slovakia","tag-slovencina","tag-slovensko","tag-sport","tag-sports"],"share_on_mastodon":{"url":"https:\/\/pubeurope.com\/@sk\/117209719563224795","error":""},"_links":{"self":[{"href":"https:\/\/www.europesays.com\/sk\/wp-json\/wp\/v2\/posts\/169980","targetHints":{"allow":["GET"]}}],"collection":[{"href":"https:\/\/www.europesays.com\/sk\/wp-json\/wp\/v2\/posts"}],"about":[{"href":"https:\/\/www.europesays.com\/sk\/wp-json\/wp\/v2\/types\/post"}],"author":[{"embeddable":true,"href":"https:\/\/www.europesays.com\/sk\/wp-json\/wp\/v2\/users\/2"}],"replies":[{"embeddable":true,"href":"https:\/\/www.europesays.com\/sk\/wp-json\/wp\/v2\/comments?post=169980"}],"version-history":[{"count":0,"href":"https:\/\/www.europesays.com\/sk\/wp-json\/wp\/v2\/posts\/169980\/revisions"}],"wp:featuredmedia":[{"embeddable":true,"href":"https:\/\/www.europesays.com\/sk\/wp-json\/wp\/v2\/media\/169981"}],"wp:attachment":[{"href":"https:\/\/www.europesays.com\/sk\/wp-json\/wp\/v2\/media?parent=169980"}],"wp:term":[{"taxonomy":"category","embeddable":true,"href":"https:\/\/www.europesays.com\/sk\/wp-json\/wp\/v2\/categories?post=169980"},{"taxonomy":"post_tag","embeddable":true,"href":"https:\/\/www.europesays.com\/sk\/wp-json\/wp\/v2\/tags?post=169980"}],"curies":[{"name":"wp","href":"https:\/\/api.w.org\/{rel}","templated":true}]}}