{"id":169990,"date":"2026-09-04T00:31:09","date_gmt":"2026-09-04T00:31:09","guid":{"rendered":"https:\/\/www.europesays.com\/sk\/169990\/"},"modified":"2026-09-04T00:31:09","modified_gmt":"2026-09-04T00:31:09","slug":"diskusia-michal-kovacic-uspel-v-spore-s-markizou-sud-oznacil-jeho-vypoved-za-neplatnu-aktuality","status":"publish","type":"post","link":"https:\/\/www.europesays.com\/sk\/169990\/","title":{"rendered":"Diskusia: Michal Kova\u010di\u010d uspel v spore s Mark\u00edzou: S\u00fad ozna\u010dil jeho v\u00fdpove\u010f za neplatn\u00fa &#8211; Aktuality"},"content":{"rendered":"<p><a href=\"https:\/\/news.google.com\/rss\/articles\/CBMiuwFBVV95cUxNVW1JSFo1T21ldmh1S0s3RkJvV1paR1A1ZjVkV2JCNEN2SnphUFNhdTdvc2JrVDhycHFwSEUxemNXamNnVGRkekZhdURWci02V3Vtc0U0dEtpYndGNTlUMkE0NWV5SkY5MTU4NW1kemx4V0RUZVRHQ3dOZ3VYeDZyVlhSeDJlcGU0M2VtaUhlT1RxN0FaUGFlYmNWRExpMDk2Z2VKRFNpelVRWHpFUXJ6SkFfaExLX0s4SkVB?oc=5\" target=\"_blank\" rel=\"nofollow noopener\">Diskusia: Michal Kova\u010di\u010d uspel v spore s Mark\u00edzou: S\u00fad ozna\u010dil jeho v\u00fdpove\u010f za neplatn\u00fa<\/a>&nbsp;&nbsp;Aktuality<a href=\"https:\/\/news.google.com\/rss\/articles\/CBMiqgFBVV95cUxQUWhPMURTMFJSeFA2bE1ZVk8xcjV2RDBENkJ1MV93MnlldDNmVXNKaWdPQlcxem9teS0wUXAzbkdrVXBXMWlRQXg3TkRHN3U1WFJCRThaVEs5cHByWVVhelQ3czExVFpoOFRldXcwbG5lcnB6QUtnbmphTlhvNjNsQldIT2pNTmVUVzJiWk9vN0YzNTQxZWJZejNwdVlFeTRqRHRCLVRUTjd2Zw?oc=5\" target=\"_blank\" rel=\"nofollow noopener\">Kova\u010di\u010d vs Mark\u00edza: Prvostup\u0148ov\u00fd s\u00fad dal za pravdu b\u00fdval\u00e9mu moder\u00e1torovi Na telo<\/a>&nbsp;&nbsp;SME.sk<a href=\"https:\/\/news.google.com\/rss\/articles\/CBMiSkFVX3lxTE1vcUhsOHhpNGl5QjVucUtucy1ScGVISlpoMWFrRGEtdmxXbm1rZGZzbU1rVnJ1LTNjTGJuaVI1UjJqMTloaDZaUEN3?oc=5\" target=\"_blank\" rel=\"nofollow noopener\">Moder\u00e1tor Michal Kova\u010di\u010d vyhral s\u00fad s telev\u00edziou Mark\u00edza<\/a>&nbsp;&nbsp;Denn\u00edk N<a href=\"https:\/\/news.google.com\/rss\/articles\/CBMikgFBVV95cUxNVnBxSGdNWnl0dF9JLTlBakFmV0ZsbmgwWFE5MjJrWHdZMjhLb0xSQmFYRkJjRlJrR0FpMmZQT3Q2bU1UZ0JHcnhfQm1ueVhaVl9LVUVyV2FHVzV3eDc1QjZBU2xsR21WTDJZRWJMZ3JhYWo5TXMzZDdBYXZaMGlFY1NseGx5ckd1MW9Vck1IU1g2Zw?oc=5\" target=\"_blank\" rel=\"nofollow noopener\">Kova\u010di\u010d vyhral s\u00fad s Mark\u00edzou: Jeho v\u00fdpove\u010f je neplatn\u00e1. Telev\u00edzia reaguje<\/a>&nbsp;&nbsp;Medi\u00e1lne<a href=\"https:\/\/news.google.com\/rss\/articles\/CBMiuAFBVV95cUxPV0U0YWV1WFdMZ3ZUYWpOWkpmVDRoMXMyTmRTNUFEcm5USnFSNFJuUFFzU2QyN2NwVDZ0akw3WVFtQmx2ZVdTV2xfRE9VV0Jkd3ZFdG9kckZjZEZpdzZfMDB4b1F0ZlhEcFNlOVZTaVM5TTdhcHFhNWI5NXNMQUNlVlptNDhHNVZyLTQzMExabXp4bFJ6ZXdTbFo2UVRtaDdkNENteGpQYWI2WmR0a0F3b1RPSHZ5Z2dR?oc=5\" target=\"_blank\" rel=\"nofollow noopener\">Michal Kova\u010di\u010d uspel v spore s Mark\u00edzou: S\u00fad ozna\u010dil jeho v\u00fdpove\u010f za neplatn\u00fa<\/a>&nbsp;&nbsp;Aktuality<\/p>\n","protected":false},"excerpt":{"rendered":"Diskusia: Michal Kova\u010di\u010d uspel v spore s Mark\u00edzou: S\u00fad ozna\u010dil jeho v\u00fdpove\u010f za neplatn\u00fa&nbsp;&nbsp;AktualityKova\u010di\u010d vs Mark\u00edza: Prvostup\u0148ov\u00fd s\u00fad&hellip;\n","protected":false},"author":2,"featured_media":169991,"comment_status":"","ping_status":"","sticky":false,"template":"","format":"standard","meta":{"footnotes":"","_share_on_mastodon":"0"},"categories":[6],"tags":[48172,869,8980,48096,43,40,44,39,42,45,41,1368],"class_list":["post-169990","post","type-post","status-publish","format-standard","has-post-thumbnail","category-slovensko","tag-kovacic","tag-markiza","tag-media","tag-michal-kovacic","tag-sk","tag-slovak","tag-slovak-republic","tag-slovakia","tag-slovencina","tag-slovenska-republika","tag-slovensko","tag-sud"],"share_on_mastodon":{"url":"https:\/\/pubeurope.com\/@sk\/117209955331994851","error":""},"_links":{"self":[{"href":"https:\/\/www.europesays.com\/sk\/wp-json\/wp\/v2\/posts\/169990","targetHints":{"allow":["GET"]}}],"collection":[{"href":"https:\/\/www.europesays.com\/sk\/wp-json\/wp\/v2\/posts"}],"about":[{"href":"https:\/\/www.europesays.com\/sk\/wp-json\/wp\/v2\/types\/post"}],"author":[{"embeddable":true,"href":"https:\/\/www.europesays.com\/sk\/wp-json\/wp\/v2\/users\/2"}],"replies":[{"embeddable":true,"href":"https:\/\/www.europesays.com\/sk\/wp-json\/wp\/v2\/comments?post=169990"}],"version-history":[{"count":0,"href":"https:\/\/www.europesays.com\/sk\/wp-json\/wp\/v2\/posts\/169990\/revisions"}],"wp:featuredmedia":[{"embeddable":true,"href":"https:\/\/www.europesays.com\/sk\/wp-json\/wp\/v2\/media\/169991"}],"wp:attachment":[{"href":"https:\/\/www.europesays.com\/sk\/wp-json\/wp\/v2\/media?parent=169990"}],"wp:term":[{"taxonomy":"category","embeddable":true,"href":"https:\/\/www.europesays.com\/sk\/wp-json\/wp\/v2\/categories?post=169990"},{"taxonomy":"post_tag","embeddable":true,"href":"https:\/\/www.europesays.com\/sk\/wp-json\/wp\/v2\/tags?post=169990"}],"curies":[{"name":"wp","href":"https:\/\/api.w.org\/{rel}","templated":true}]}}