{"id":170010,"date":"2026-09-04T01:38:08","date_gmt":"2026-09-04T01:38:08","guid":{"rendered":"https:\/\/www.europesays.com\/sk\/170010\/"},"modified":"2026-09-04T01:38:08","modified_gmt":"2026-09-04T01:38:08","slug":"studena-sprcha-pre-vemolovu-milenku-toto-povedal-na-jej-adresu","status":"publish","type":"post","link":"https:\/\/www.europesays.com\/sk\/170010\/","title":{"rendered":"Studen\u00e1 sprcha pre V\u00e9molovu milenku! TOTO povedal na jej adresu!"},"content":{"rendered":"<p class=\"text\">Karlos V\u00e9mola a Lela Ceterov\u00e1<\/p>\n<p>\u200bMonika Naomi, s ktorou je st\u00e1le \u017eenat\u00fd V\u00e9mola u\u017e dlh\u0161ie sp\u00e1jan\u00fd, pritom nie je v rozpade jeho man\u017eelstva \u017eiadnym nov\u00fdm menom. S atrakt\u00edvnou blond\u00ednkou sa mal zbli\u017eova\u0165 e\u0161te v \u010dase, ke\u010f \u017eil s Lelou, pri\u010dom Ceterov\u00e1 nesk\u00f4r priznala, \u017ee o jej existencii vedela viac ne\u017e rok a pr\u00e1ve t\u00e1to situ\u00e1cia mala by\u0165 definit\u00edvnou bodkou za ich man\u017eelstvom. Po rozchode sa v\u0161ak Karlos s Monikou prestali skr\u00fdva\u0165 a to, o \u010dom sa dovtedy najm\u00e4 \u0161pekulovalo, za\u010dali potvrdzova\u0165 aj ich spolo\u010dn\u00e9 chv\u00edle. Pod\u013ea port\u00e1lu <a href=\"https:\/\/www.extra.cz\/studena-sprcha-pro-novou-lasku-vemoly-sokujici-slova-zapasnika-6fa05\" target=\"_blank\" rel=\"nofollow noopener\">eXtra.cz<\/a> sa dnes dvojica bez probl\u00e9mov ukazuje spolu aj na verejnosti.<\/p>\n<p>Ruka v ruke a dokonca aj s de\u0165mi<\/p>\n<p>A \u017ee sa u\u017e Karlos s Monikou pred verejnos\u0165ou pr\u00edli\u0161 neskr\u00fdvaj\u00fa, uk\u00e1zali naplno aj uplynul\u00fd v\u00edkend. Spolo\u010dne dorazili na p\u00e1rty Iluminate v Prahe a na N\u00e1rodnej triede sa pokojne viedli za ruky, pri\u010dom zjavne nerie\u0161ili ani pr\u00edtomnos\u0165 fotografov. Do podniku sa s\u00edce pre naplnen\u00fa kapacitu napokon nedostali, spolo\u010dn\u00fd ve\u010der sa t\u00fdm v\u0161ak z\u010faleka neskon\u010dil. Dvojica sa presunula do ne\u010falek\u00e9ho obchodn\u00e9ho domu, kde nav\u0161t\u00edvila ark\u00e1dov\u00fa her\u0148u, a tentoraz ne\u0161lo ani o romantick\u00fd program vo dvojici. Spolo\u010dnos\u0165 im toti\u017e mali robi\u0165 V\u00e9molove deti, ktor\u00e9 m\u00e1 s Lelou Ceterovou. Monika tak u\u017e nie je iba \u017eenou, s ktorou sa Termin\u00e1tor ukazuje na verejnosti \u2013 pod\u013ea v\u0161etk\u00e9ho ju pustil aj do svojho rodinn\u00e9ho kruhu.<\/p>\n<p>Ich jedin\u00e1 dc\u00e9rka Lili u\u017e podr\u00e1stla a od septembra je z nej \u010derstv\u00e1 prv\u00e1\u010dka:<\/p>\n<p>Potom pri\u0161la studen\u00e1 sprcha<\/p>\n<p>O to prekvapivej\u0161ie vyznelo, \u010do V\u00e9mola povedal len o p\u00e1r dn\u00ed nesk\u00f4r. Na tla\u010dovej konferencii k pripravovan\u00e9mu galave\u010deru G MMA pri\u0161la re\u010d na jeho dc\u00e9ru Lili, ktor\u00fa \u010dakal ve\u013ek\u00fd de\u0148 \u2013 n\u00e1stup do prvej triedy. Karlos ju mal do \u0161koly osobne sprev\u00e1dza\u0165, a tak padla ot\u00e1zka, \u010di sa k nim prid\u00e1 aj jeho nov\u00e1 partnerka Monika, ktor\u00e1 u\u017e o\u010dividne tr\u00e1vi \u010das nielen s n\u00edm, ale aj s jeho de\u0165mi. Termin\u00e1tor v\u0161ak namiesto o\u010dak\u00e1van\u00e9ho potvrdenia vz\u0165ahu poriadne prekvapil. \u201eJa neviem o tom, \u017ee m\u00e1m nov\u00fa partnerku,\u201c vyhl\u00e1sil V\u00e9mola. E\u0161te p\u00e1r dn\u00ed predt\u00fdm sa pritom s Monikou viedol za ruku ulicami Prahy a spolo\u010dne vyrazili aj s jeho de\u0165mi. Ako to teda medzi nimi vlastne je, zost\u00e1va po jeho slov\u00e1ch ot\u00e1zne. Z\u00e1bery V\u00e9molu a Moniky, ako sa ruka v ruke prech\u00e1dzaj\u00fa Prahou, si m\u00f4\u017eete pozrie\u0165 v gal\u00e9rii <a href=\"https:\/\/www.extra.cz\/studena-sprcha-pro-novou-lasku-vemoly-sokujici-slova-zapasnika-6fa05\/galerie\/1\" target=\"_blank\" rel=\"nofollow noopener\">TU.<\/a><\/p>\n<p>Monika Naomi m\u00e1 za sebou vlastn\u00fd rozvod a sama je mamou. Napriek tomu sa mala s V\u00e9molom zbl\u00ed\u017ei\u0165 e\u0161te po\u010das jeho man\u017eelstva s Lelou:<\/p>\n<p>Lela o nej vedela u\u017e d\u00e1vno<\/p>\n<p>Karlosove slov\u00e1 pritom znej\u00fa o to prekvapivej\u0161ie, \u017ee Monika rozhodne nie je \u017eenou, ktor\u00e1 sa po jeho boku objavila a\u017e po rozchode s Lelou. Pr\u00e1ve naopak,<a href=\"https:\/\/topstar.noviny.sk\/showbiznis\/1235208-lela-sokuje-o-karlosovej-milenke-vedela-dlho-toto-si-ale-na-jej-adresu-neodpustila\" target=\"_blank\" rel=\"nofollow noopener\"> Ceterov\u00e1 o nej mala vedie\u0165 e\u0161te po\u010das man\u017eelstva<\/a> a pod\u013ea vlastn\u00fdch slov u\u017e poriadne dlho. \u201eJa som o tej pani vedela minim\u00e1lne viac ako rok,\u201c priznala. O Monike sa pritom mala dozvedie\u0165 u\u017e pribli\u017ene v \u010dase, ke\u010f sa im narodil tret\u00ed syn Arnold. Nesk\u00f4r Lela otvorene prehovorila aj o tom, ak\u00fa \u00falohu mala pr\u00e1ve t\u00e1to \u017eena zohra\u0165 v definit\u00edvnom konci ich man\u017eelstva. \u201eJe pre m\u0148a ve\u013emi smutn\u00e9, \u017ee \u017eena, ktor\u00e1 sama pre\u0161la rozvodom a je mamou, sa rozhodla vst\u00fapi\u0165 do vz\u0165ahu so \u017eenat\u00fdm mu\u017eom, ktor\u00fd bol otcom troch mal\u00fdch det\u00ed. O to viac ma mrz\u00ed, \u017ee pr\u00e1ve t\u00e1to situ\u00e1cia bola pre m\u0148a definit\u00edvnou bodkou za na\u0161\u00edm man\u017eelstvom a znamenala rozpad na\u0161ej rodiny,\u201c uviedla Ceterov\u00e1. K\u00fdm teda Lela mala o Monike jasno u\u017e d\u00e1vno, Karlos ju ani dnes, ke\u010f sa spolu bez skr\u00fdvania ved\u00fa za ruky a tr\u00e1via \u010das aj s jeho de\u0165mi, za svoju partnerku ofici\u00e1lne neozna\u010dil.<\/p>\n<p>Karlos a Lela si deti po rozchode striedaj\u00fa v starostlivosti. Tie si pod\u013ea v\u0161etk\u00e9ho postupne nach\u00e1dzaj\u00fa cestu aj k Monike, s ktorou u\u017e Karlos tr\u00e1vi \u010das aj v ich spolo\u010dnosti:<\/p>\n","protected":false},"excerpt":{"rendered":"Karlos V\u00e9mola a Lela Ceterov\u00e1 \u200bMonika Naomi, s ktorou je st\u00e1le \u017eenat\u00fd V\u00e9mola u\u017e dlh\u0161ie sp\u00e1jan\u00fd, pritom nie&hellip;\n","protected":false},"author":2,"featured_media":170011,"comment_status":"","ping_status":"","sticky":false,"template":"","format":"standard","meta":{"footnotes":"","_share_on_mastodon":"0"},"categories":[13],"tags":[4083,20381,130,43,40,39,42,41,69,68],"class_list":["post-170010","post","type-post","status-publish","format-standard","has-post-thumbnail","category-sport","tag-karlos-vemola","tag-milenka","tag-rozchod","tag-sk","tag-slovak","tag-slovakia","tag-slovencina","tag-slovensko","tag-sport","tag-sports"],"share_on_mastodon":{"url":"https:\/\/pubeurope.com\/@sk\/117210218706979570","error":""},"_links":{"self":[{"href":"https:\/\/www.europesays.com\/sk\/wp-json\/wp\/v2\/posts\/170010","targetHints":{"allow":["GET"]}}],"collection":[{"href":"https:\/\/www.europesays.com\/sk\/wp-json\/wp\/v2\/posts"}],"about":[{"href":"https:\/\/www.europesays.com\/sk\/wp-json\/wp\/v2\/types\/post"}],"author":[{"embeddable":true,"href":"https:\/\/www.europesays.com\/sk\/wp-json\/wp\/v2\/users\/2"}],"replies":[{"embeddable":true,"href":"https:\/\/www.europesays.com\/sk\/wp-json\/wp\/v2\/comments?post=170010"}],"version-history":[{"count":0,"href":"https:\/\/www.europesays.com\/sk\/wp-json\/wp\/v2\/posts\/170010\/revisions"}],"wp:featuredmedia":[{"embeddable":true,"href":"https:\/\/www.europesays.com\/sk\/wp-json\/wp\/v2\/media\/170011"}],"wp:attachment":[{"href":"https:\/\/www.europesays.com\/sk\/wp-json\/wp\/v2\/media?parent=170010"}],"wp:term":[{"taxonomy":"category","embeddable":true,"href":"https:\/\/www.europesays.com\/sk\/wp-json\/wp\/v2\/categories?post=170010"},{"taxonomy":"post_tag","embeddable":true,"href":"https:\/\/www.europesays.com\/sk\/wp-json\/wp\/v2\/tags?post=170010"}],"curies":[{"name":"wp","href":"https:\/\/api.w.org\/{rel}","templated":true}]}}