{"id":170012,"date":"2026-09-04T01:42:08","date_gmt":"2026-09-04T01:42:08","guid":{"rendered":"https:\/\/www.europesays.com\/sk\/170012\/"},"modified":"2026-09-04T01:42:08","modified_gmt":"2026-09-04T01:42:08","slug":"celna-zrazka-troch-aut-na-liptove-poliak-nevidel-znacku-vosiel-do-protismeru","status":"publish","type":"post","link":"https:\/\/www.europesays.com\/sk\/170012\/","title":{"rendered":"\u010celn\u00e1 zr\u00e1\u017eka troch \u00e1ut na Liptove. Poliak nevidel zna\u010dku, vo\u0161iel do protismeru"},"content":{"rendered":"<p>Na ceste I\/18 za obcou Hybe v smere na V\u00fdchodn\u00fa do\u0161lo v stredu 2. septembra k v\u00e1\u017enej dopravnej <a href=\"https:\/\/www.zilinak.sk\/temy\/dopravna-nehoda\" class=\"link-tag\" style=\"\" rel=\"nofollow noopener\" target=\"_blank\">nehode<\/a>. 66-ro\u010dn\u00fd vodi\u010d Audi Q5 z doposia\u013e nezisten\u00fdch pr\u00ed\u010din pre\u0161iel do protismeru, kde sa \u010delne zrazil s protiid\u00facim Volkswagenom Golf. Po n\u00e1raze bolo vozidlo odrazen\u00e9 a narazilo do \u010fal\u0161ej \u0160kody Octavie.<\/p>\n<p>Nehoda sa stala kr\u00e1tko po 17:00 hodine. Audi Q5 smerovalo od Hybe na V\u00fdchodn\u00fa, zatia\u013e \u010do 37-ro\u010dn\u00fd vodi\u010d Volkswagenu Golf i\u0161iel opa\u010dn\u00fdm smerom. Pri nehode sa zranili dvaja vodi\u010di.<\/p>\n<p>\u201eVodi\u010di z osobn\u00fdch \u00e1ut Audi Q5 a VW Golf utrpeli zranenia, ktor\u00e9 si vy\u017eiadali ich prevoz do <a href=\"https:\/\/www.zilinak.sk\/temy\/nemocnice\" class=\"link-tag\" style=\"\" rel=\"nofollow noopener\" target=\"_blank\">nemocnice<\/a>. Obom vodi\u010dom bol nariaden\u00fd odber krvi. Os\u00e1dka z osobn\u00e9ho vozidla \u0160koda Octavia neutrpela \u017eiadne zranenia,\u201c uviedla \u017eilinsk\u00e1 krajsk\u00e1 policajnu hovorky\u0148a Daniela Kockov\u00e1. <\/p>\n<p>Na miesto smerovali viacer\u00e9 hasi\u010dsk\u00e9 jednotky z Liptovsk\u00e9ho Hr\u00e1dku, Liptovsk\u00e9ho Mikul\u00e1\u0161a a Mengusoviec. Pomoc privolal aj automatick\u00fd syst\u00e9m eCall z jedn\u00e9ho z havarovan\u00fdch vozidiel. <a href=\"https:\/\/www.zilinak.sk\/temy\/vlamacka\" class=\"link-tag\" style=\"\" rel=\"nofollow noopener\" target=\"_blank\">Pol\u00edcia<\/a> uviedla, \u017ee obom zranen\u00fdm vodi\u010dom bol nariaden\u00fd odber krvi. U vodi\u010da \u0160kody Octavia po\u017eitie alkoholu zisten\u00e9 nebolo.<\/p>\n<p>Presn\u00e1 pr\u00ed\u010dina nehody zatia\u013e nie je zn\u00e1ma. Pod\u013ea inform\u00e1ci\u00ed<a href=\"https:\/\/www.noviny.sk\/krimi\/1254018-vodic-vosiel-do-protismeru-a-celne-sa-zrazil-s-dvoma-autami-na-mieste-eviduju-zranenych\" target=\"_blank\" rel=\"noopener nofollow\"> telev\u00edzie JOJ <\/a>vodi\u010d po\u013eskej n\u00e1rodnosti nere\u0161pektoval dopravn\u00e9 zna\u010denie a vo\u0161iel do protismeru. N\u00e1sledne sa \u010delne zrazil s dvoma oprotiid\u00facimi vozidlami. Na mieste zasahovalo viacero hasi\u010dov z Liptovsk\u00e9ho Hr\u00e1dku, Liptovsk\u00e9ho Mikul\u00e1\u0161a a Mengusoviec.<\/p>\n<p>Pr\u00edpad si na mieste prevzal vy\u0161etrovate\u013e Okresn\u00e9ho riadite\u013estva Policajn\u00e9ho zboru v Liptovskom Mikul\u00e1\u0161i, ktor\u00fd okolnosti nehody na\u010falej vy\u0161etruje. Po nehode bol \u00fasek <a href=\"https:\/\/www.zilinak.sk\/temy\/zapchy\" class=\"link-tag\" style=\"\" rel=\"nofollow noopener\" target=\"_blank\">cesty<\/a> ur\u010dit\u00fd \u010das neprejazdn\u00fd, vodi\u010di preto museli po\u010d\u00edta\u0165 s dopravn\u00fdmi obmedzeniami.<\/p>\n","protected":false},"excerpt":{"rendered":"Na ceste I\/18 za obcou Hybe v smere na V\u00fdchodn\u00fa do\u0161lo v stredu 2. septembra k v\u00e1\u017enej dopravnej&hellip;\n","protected":false},"author":2,"featured_media":170013,"comment_status":"","ping_status":"","sticky":false,"template":"","format":"standard","meta":{"footnotes":"","_share_on_mastodon":"0"},"categories":[6],"tags":[373,376,374,386,375,385,382,384,381,380,378,379,43,40,44,39,42,45,41,377,383],"class_list":["post-170012","post","type-post","status-publish","format-standard","has-post-thumbnail","category-slovensko","tag-doprava","tag-doprava-v-ziline","tag-doprava-zilina","tag-dopravny-servis-zilina","tag-hliadky-zilina","tag-kolona-strecno","tag-kolona-zilina","tag-nehoda-strecno","tag-nehoda-v-ziline","tag-nehoda-zilina","tag-obmedzenie-zilina","tag-policajne-hliadky-a-radary-zilina","tag-sk","tag-slovak","tag-slovak-republic","tag-slovakia","tag-slovencina","tag-slovenska-republika","tag-slovensko","tag-uzavierka-zilina","tag-uzavreta-cesta-zilina"],"share_on_mastodon":{"url":"https:\/\/pubeurope.com\/@sk\/117210234411308112","error":""},"_links":{"self":[{"href":"https:\/\/www.europesays.com\/sk\/wp-json\/wp\/v2\/posts\/170012","targetHints":{"allow":["GET"]}}],"collection":[{"href":"https:\/\/www.europesays.com\/sk\/wp-json\/wp\/v2\/posts"}],"about":[{"href":"https:\/\/www.europesays.com\/sk\/wp-json\/wp\/v2\/types\/post"}],"author":[{"embeddable":true,"href":"https:\/\/www.europesays.com\/sk\/wp-json\/wp\/v2\/users\/2"}],"replies":[{"embeddable":true,"href":"https:\/\/www.europesays.com\/sk\/wp-json\/wp\/v2\/comments?post=170012"}],"version-history":[{"count":0,"href":"https:\/\/www.europesays.com\/sk\/wp-json\/wp\/v2\/posts\/170012\/revisions"}],"wp:featuredmedia":[{"embeddable":true,"href":"https:\/\/www.europesays.com\/sk\/wp-json\/wp\/v2\/media\/170013"}],"wp:attachment":[{"href":"https:\/\/www.europesays.com\/sk\/wp-json\/wp\/v2\/media?parent=170012"}],"wp:term":[{"taxonomy":"category","embeddable":true,"href":"https:\/\/www.europesays.com\/sk\/wp-json\/wp\/v2\/categories?post=170012"},{"taxonomy":"post_tag","embeddable":true,"href":"https:\/\/www.europesays.com\/sk\/wp-json\/wp\/v2\/tags?post=170012"}],"curies":[{"name":"wp","href":"https:\/\/api.w.org\/{rel}","templated":true}]}}