{"id":170035,"date":"2026-09-04T04:43:16","date_gmt":"2026-09-04T04:43:16","guid":{"rendered":"https:\/\/www.europesays.com\/sk\/170035\/"},"modified":"2026-09-04T04:43:16","modified_gmt":"2026-09-04T04:43:16","slug":"chorvatsky-turizmus-prekvapil-aka-bola-letna-sezona-na-jadrane","status":"publish","type":"post","link":"https:\/\/www.europesays.com\/sk\/170035\/","title":{"rendered":"Chorv\u00e1tsky turizmus prekvapil: Ak\u00e1 bola letn\u00e1 sez\u00f3na na Jadrane?"},"content":{"rendered":"<p>  <a class=\"fancy\" href=\"https:\/\/spravy.stvr.sk\/kategoria\/svet\/\" data-category-name=\"Svet\" data-category-link=\"https:\/\/spravy.stvr.sk\/kategoria\/svet\/\" rel=\"nofollow noopener\" target=\"_blank\"> Svet  <\/a> <\/p>\n<p class=\"post-article__lede\"> A to najm\u00e4 v re\u0161taur\u00e1ci\u00e1ch.<\/p>\n<p>   3. 9. 2026 12:14:11        Odlo\u017e na nesk\u00f4r   <img decoding=\"async\" alt=\"Turisti na pl\u00e1\u017ei v chorv\u00e1tskom Dubrovn\u00edku.\" src=\"https:\/\/www.europesays.com\/sk\/wp-content\/uploads\/2026\/09\/sarah-labuda-R_-dlXr8p-w-unsplash-scaled-e1704263576678-1020x573.jpg\"   fetchpriority=\"high\"\/>  Turisti na pl\u00e1\u017ei v chorv\u00e1tskom Dubrovn\u00edku.   Foto:<br \/>\n Unsplash <\/p>\n<p class=\"article-paragraph--first\">\u200aChorv\u00e1tska letn\u00e1 sez\u00f3na sa pomaly kon\u010d\u00ed a prich\u00e1dza \u010das bilancova\u0165. J\u00fal je u\u017e ucelen\u00fd, august e\u0161te nie, no zd\u00e1 sa, \u017ee dva vrcholn\u00e9 mesiace letnej sez\u00f3ny pri Jadrane s\u00fa predbe\u017ene ve\u013emi \u00faspe\u0161n\u00e9 z h\u013eadiska \u0161t\u00e1tnej pokladnice. V <a href=\"https:\/\/www.stvr.sk\/televizia\/archiv\/14026\" target=\"_blank\" rel=\"noreferrer noopener nofollow\">Rann\u00fdch spr\u00e1vach<\/a> to zhodnotil spolupracovn\u00edk STVR v Budape\u0161ti Gregor Martin Papucsek.<\/p>\n<p>Zd\u00e1 sa, \u017ee cestovn\u00fd ruch odolal v\u0161etk\u00fdm rizik\u00e1m, od t\u00fdch z glob\u00e1lnej geopolitickej b\u00farky a\u017e po lok\u00e1lnu chamtivos\u0165, ktor\u00e1 uplat\u0148ovala extr\u00e9mne vysok\u00e9 ceny. Takto sa vyjadril expert v denn\u00edku Ve\u010dernji list. Pripom\u00edna, \u017ee za\u010diatok sez\u00f3ny, teda j\u00fan, sa zdal by\u0165 predzves\u0165ou dr\u00e1my.<\/p>\n<p>M\u00f4\u017ee v\u00e1s zauj\u00edma\u0165<a class=\"wp-block-k-veci-content-related-post__link fancy\" href=\"https:\/\/spravy.stvr.sk\/2026\/09\/video-argentinska-restauracia-vzdala-hold-futbalovej-legende-po-svojom-vytvorila-rezen-s-messiho-podobiznou\/\" rel=\"nofollow noopener\" target=\"_blank\">VIDEO: Re\u0161taur\u00e1cia vzdala hold futbalovej legende po svojom. Vytvorila reze\u0148 s Messiho podobiz\u0148ou<\/a><\/p>\n<p>Av\u0161ak j\u00falov\u00e9 a neucelen\u00e9 augustov\u00e9 \u010d\u00edsla sved\u010dia o dvojcifernom raste po\u010dtu turistov. V priemere za dva mesiace ide o takmer dvan\u00e1s\u0165 a pol percenta. Chorv\u00e1tsky turizmus je, zd\u00e1 sa, odolnej\u0161\u00ed, ne\u017e sa odborn\u00edci a m\u00e9di\u00e1 odv\u00e1\u017eili veri\u0165 v prvej polovici roka.<\/p>\n<p>Denn\u00edk Slobodn\u00e1 Dalm\u00e1cia pred p\u00e1r d\u0148ami nap\u00edsal, \u017ee hostinsk\u00ed sa s\u0165a\u017euj\u00fa na pokles n\u00e1v\u0161tevnosti re\u0161taur\u00e1ci\u00ed, ktor\u00fd je na \u00farovni zhruba dvadsiatich percent. Taktie\u017e sa s\u0165a\u017euj\u00fa na \u0161etriacich host\u00ed. V m\u00f3de je objedna\u0165 si jedno jedlo a rozdeli\u0165 si ho na dva taniere.<\/p>\n<p> Sledujte spravodajstvo<\/p>\n<p class=\"!tw-my-0\">STVR na WhatsApp<\/p>\n<p> <a href=\"https:\/\/www.whatsapp.com\/channel\/0029VaLFLqUCnA7ucPbpYz3p\" target=\"_blank\" class=\"tw-flex tw-ml-auto xs:tw-ml-0 tw-h-auto !tw-no-underline tw-w-auto tw-items-center tw-gap-3 tw-px-4 tw-py-3 follow-button&#010; tw-rounded-[36px]\" style=\"background: linear-gradient(90deg, #94E79D 0%, #00D25F 100%);color: #1E1E1E;\" rel=\"nofollow noopener\">            Sledova\u0165 <\/a><\/p>\n<p>Na druhej strane, ve\u013ek\u00e9 n\u00e1kupn\u00e9 stredisk\u00e1 s\u00fa pln\u00e9 cudzincov. V\u0161etko si tam nak\u00fapia a v preva\u017enej v\u00e4\u010d\u0161ine varia v kuchynskej \u010dasti apartm\u00e1nu.<\/p>\n<p>Av\u0161ak aj tak\u00edto turisti nechaj\u00fa v Chorv\u00e1tsku ve\u013ea pe\u0148az\u00ed a dom\u00e1ci sa m\u00f4\u017eu radova\u0165, \u017ee si cudzinci nenosia so sebou k Jadranu v\u0161etko z domu, ako to bolo kedysi.<\/p>\n<p>V celom rozhovore s Gregorom Martinom Papucsekom o turistickej sez\u00f3ne v Chorv\u00e1tsku sa okrem in\u00e9ho dozviete aj: <\/p>\n<p>\u2013 ak\u00fd pr\u00edbeh hostinsk\u00e9ho ho pri n\u00e1v\u0161teve jednej z chorv\u00e1tskych re\u0161taur\u00e1ci\u00ed pobavil <br \/>\u2013 o negat\u00edvnej sk\u00fasenosti jednej ma\u010farskej rodiny v tamoj\u0161ej re\u0161taur\u00e1cii<\/p>\n<p>Zdroj: STVR \u010eal\u0161ie \u010dl\u00e1nky na t\u00e9mu:<a href=\"https:\/\/spravy.stvr.sk\/tag\/cestovanie\/\" title=\"cestovanie\" class=\"tags__tag cestovanie\" rel=\"nofollow noopener\" target=\"_blank\">cestovanie<\/a><a href=\"https:\/\/spravy.stvr.sk\/tag\/chorvatsko\/\" title=\"Chorv\u00e1tsko\" class=\"tags__tag chorvatsko\" rel=\"nofollow noopener\" target=\"_blank\">Chorv\u00e1tsko<\/a><a href=\"https:\/\/spravy.stvr.sk\/tag\/video\/\" title=\"Video\" class=\"tags__tag video\" rel=\"nofollow noopener\" target=\"_blank\">Video<\/a><a href=\"https:\/\/spravy.stvr.sk\/tag\/zaujimavosti\/\" title=\"Zauj\u00edmavosti\" class=\"tags__tag zaujimavosti\" rel=\"nofollow noopener\" target=\"_blank\">Zauj\u00edmavosti<\/a><\/p>\n","protected":false},"excerpt":{"rendered":"Svet A to najm\u00e4 v re\u0161taur\u00e1ci\u00e1ch. 3. 9. 2026 12:14:11 Odlo\u017e na nesk\u00f4r Turisti na pl\u00e1\u017ei v chorv\u00e1tskom&hellip;\n","protected":false},"author":2,"featured_media":170036,"comment_status":"","ping_status":"","sticky":false,"template":"","format":"standard","meta":{"footnotes":"","_share_on_mastodon":"0"},"categories":[8],"tags":[855,482,33,43,40,42,36,50,1012,49,48,1911],"class_list":["post-170035","post","type-post","status-publish","format-standard","has-post-thumbnail","category-svet","tag-cestovanie","tag-chorvatsko","tag-news","tag-sk","tag-slovak","tag-slovencina","tag-spravy","tag-svet","tag-video","tag-world","tag-world-news","tag-zaujimavosti"],"share_on_mastodon":{"url":"https:\/\/pubeurope.com\/@sk\/117210946391037897","error":""},"_links":{"self":[{"href":"https:\/\/www.europesays.com\/sk\/wp-json\/wp\/v2\/posts\/170035","targetHints":{"allow":["GET"]}}],"collection":[{"href":"https:\/\/www.europesays.com\/sk\/wp-json\/wp\/v2\/posts"}],"about":[{"href":"https:\/\/www.europesays.com\/sk\/wp-json\/wp\/v2\/types\/post"}],"author":[{"embeddable":true,"href":"https:\/\/www.europesays.com\/sk\/wp-json\/wp\/v2\/users\/2"}],"replies":[{"embeddable":true,"href":"https:\/\/www.europesays.com\/sk\/wp-json\/wp\/v2\/comments?post=170035"}],"version-history":[{"count":0,"href":"https:\/\/www.europesays.com\/sk\/wp-json\/wp\/v2\/posts\/170035\/revisions"}],"wp:featuredmedia":[{"embeddable":true,"href":"https:\/\/www.europesays.com\/sk\/wp-json\/wp\/v2\/media\/170036"}],"wp:attachment":[{"href":"https:\/\/www.europesays.com\/sk\/wp-json\/wp\/v2\/media?parent=170035"}],"wp:term":[{"taxonomy":"category","embeddable":true,"href":"https:\/\/www.europesays.com\/sk\/wp-json\/wp\/v2\/categories?post=170035"},{"taxonomy":"post_tag","embeddable":true,"href":"https:\/\/www.europesays.com\/sk\/wp-json\/wp\/v2\/tags?post=170035"}],"curies":[{"name":"wp","href":"https:\/\/api.w.org\/{rel}","templated":true}]}}