{"id":170049,"date":"2026-09-04T05:01:19","date_gmt":"2026-09-04T05:01:19","guid":{"rendered":"https:\/\/www.europesays.com\/sk\/170049\/"},"modified":"2026-09-04T05:01:19","modified_gmt":"2026-09-04T05:01:19","slug":"dopravne-obmedzenia-v-bratislave-ktore-ulice-uzavru-v-sobotu-vecer-kvoli-nocnemu-behu","status":"publish","type":"post","link":"https:\/\/www.europesays.com\/sk\/170049\/","title":{"rendered":"Dopravn\u00e9 obmedzenia v Bratislave: Ktor\u00e9 ulice uzavr\u00fa v sobotu ve\u010der kv\u00f4li no\u010dn\u00e9mu behu?"},"content":{"rendered":"<p>\t\t\t\t\t\t\t<img decoding=\"async\" src=\"https:\/\/www.europesays.com\/sk\/wp-content\/uploads\/2026\/09\/nocny-beh.jpg\" alt=\"Ilustra\u010dn\u00e9. ZDROJ: YouTube \" style=\"aspect-ratio: 1.33;object-fit: cover; display:inline; width: 100%;\" fetchpriority=\"high\"\/><\/p>\n<p>\t\t\t\t\tIlustra\u010dn\u00e9. ZDROJ: YouTube <\/p>\n<p>\t\t<img decoding=\"async\" src=\"https:\/\/www.europesays.com\/sk\/wp-content\/uploads\/2026\/09\/1788498079_767_author-default.jpg\" aria-label=\"Autor\"\/><\/p>\n<p>Pol\u00edcia upozor\u0148uje na dopravn\u00e9 obmedzenia pre sobotn\u00fd (5. 9.) no\u010dn\u00fd beh v Bratislave. T\u00fdka\u0165 sa bud\u00fa najm\u00e4 Star\u00e9ho Mesta a Petr\u017ealky. Informovala o tom bratislavsk\u00e1 krajsk\u00e1 pol\u00edcia na soci\u00e1lnej sieti.<\/p>\n<p>\u201eViedensk\u00e1 cesta a Krasovsk\u00e9ho ulica bud\u00fa pre vodi\u010dov v \u010dase pribli\u017ene od 19.15 h do 22.00 h uzavret\u00e9 v \u00faseku od Nov\u00e9ho mosta (Most SNP) po kri\u017eovatku pri Divadle Ar\u00e9na,\u201c pribl\u00ed\u017eila pol\u00edcia. Od pribli\u017ene 19.55 h sa m\u00e1 za\u010da\u0165 postupne uzatv\u00e1ra\u0165 trasa hlavn\u00e9ho behu. \u201eDopravn\u00e9 obmedzenia sa dotkn\u00fa najm\u00e4 \u00fasekov \u0160af\u00e1rikovo n\u00e1mestie \u2013 Vajansk\u00e9ho n\u00e1bre\u017eie \u2013 R\u00e1zusovo n\u00e1bre\u017eie \u2013 N\u00e1bre\u017eie arm. Gen. L. Svobodu \u2013 \u017di\u017ekova ulica \u2013 Kapuc\u00ednska ulica \u2013 N\u00e1mestie SNP,\u201c uviedla pol\u00edcia s t\u00fdm, \u017ee obmedzenia potrvaj\u00fa pribli\u017ene do 21.00 h.<\/p>\n<p>Ako doplnila, jednotliv\u00e9 \u00faseky bud\u00fa uzatv\u00e1ran\u00e9 len na nevyhnutn\u00fd \u010das, pribli\u017ene 20 a\u017e 40 min\u00fat, pri\u010dom doprava bude uvo\u013e\u0148ovan\u00e1 priebe\u017ene, bezprostredne po prebehnut\u00ed pelot\u00f3nu be\u017ecov. Bezpe\u010dnos\u0165 \u00fa\u010dastn\u00edkov podujatia a ostatn\u00fdch \u00fa\u010dastn\u00edkov cestnej prem\u00e1vky, ako aj plynul\u00fd priebeh dopravy bud\u00fa zabezpe\u010dova\u0165 policajti, ktor\u00ed bud\u00fa operat\u00edvne riadi\u0165 dopravu na dotknut\u00fdch kri\u017eovatk\u00e1ch a v\u00fdjazdoch. Vodi\u010dov vyz\u00fdvaj\u00fa na pozornos\u0165 a re\u0161pektovanie pokynov.<\/p>\n<p class=\"tags\">Viac o t\u00e9me: <a href=\"https:\/\/regiony.zoznam.sk\/tag\/bezpecnost\/\" rel=\"nofollow noopener\" target=\"_blank\">bezpe\u010dnos\u0165<\/a>, <a href=\"https:\/\/regiony.zoznam.sk\/tag\/bratislava\/\" rel=\"nofollow noopener\" target=\"_blank\">Bratislava<\/a>, <a href=\"https:\/\/regiony.zoznam.sk\/tag\/cestna-premavka\/\" rel=\"nofollow noopener\" target=\"_blank\">cestn\u00e1 prem\u00e1vka<\/a>, <a href=\"https:\/\/regiony.zoznam.sk\/tag\/dopravne-obmedzenia\/\" rel=\"nofollow noopener\" target=\"_blank\">dopravn\u00e9 obmedzenia<\/a>, <a href=\"https:\/\/regiony.zoznam.sk\/tag\/krasovskeho-ulica\/\" rel=\"nofollow noopener\" target=\"_blank\">Krasovsk\u00e9ho ulica<\/a>, <a href=\"https:\/\/regiony.zoznam.sk\/tag\/nocny-beh\/\" rel=\"nofollow noopener\" target=\"_blank\">no\u010dn\u00fd beh<\/a>, <a href=\"https:\/\/regiony.zoznam.sk\/tag\/petrzalka\/\" rel=\"nofollow noopener\" target=\"_blank\">Petr\u017ealka<\/a>, <a href=\"https:\/\/regiony.zoznam.sk\/tag\/policia\/\" rel=\"nofollow noopener\" target=\"_blank\">pol\u00edcia<\/a>, <a href=\"https:\/\/regiony.zoznam.sk\/tag\/stare-mesto\/\" rel=\"nofollow noopener\" target=\"_blank\">Star\u00e9 mesto<\/a>, <a href=\"https:\/\/regiony.zoznam.sk\/tag\/viedenska-cesta\/\" rel=\"nofollow noopener\" target=\"_blank\">Viedensk\u00e1 cesta<\/a><\/p>\n<p>\t\tKoment\u00e1re k \u010dl\u00e1nku<\/p>\n<p>Moment\u00e1lne nie je pridan\u00fd \u017eiadny koment\u00e1r<\/p>\n","protected":false},"excerpt":{"rendered":"Ilustra\u010dn\u00e9. ZDROJ: YouTube Pol\u00edcia upozor\u0148uje na dopravn\u00e9 obmedzenia pre sobotn\u00fd (5. 9.) no\u010dn\u00fd beh v Bratislave. T\u00fdka\u0165 sa&hellip;\n","protected":false},"author":2,"featured_media":170050,"comment_status":"","ping_status":"","sticky":false,"template":"","format":"standard","meta":{"footnotes":"","_share_on_mastodon":"0"},"categories":[21],"tags":[503,136,522,524,48176,48177,2118,525,43,40,39,42,41,1568,48178],"class_list":["post-170049","post","type-post","status-publish","format-standard","has-post-thumbnail","category-bratislava","tag-bezpecnost","tag-bratislava","tag-cestna-premavka","tag-dopravne-obmedzenia","tag-krasovskeho-ulica","tag-nocny-beh","tag-petrzalka","tag-policia","tag-sk","tag-slovak","tag-slovakia","tag-slovencina","tag-slovensko","tag-stare-mesto","tag-viedenska-cesta"],"share_on_mastodon":{"url":"https:\/\/pubeurope.com\/@sk\/117211017343472790","error":""},"_links":{"self":[{"href":"https:\/\/www.europesays.com\/sk\/wp-json\/wp\/v2\/posts\/170049","targetHints":{"allow":["GET"]}}],"collection":[{"href":"https:\/\/www.europesays.com\/sk\/wp-json\/wp\/v2\/posts"}],"about":[{"href":"https:\/\/www.europesays.com\/sk\/wp-json\/wp\/v2\/types\/post"}],"author":[{"embeddable":true,"href":"https:\/\/www.europesays.com\/sk\/wp-json\/wp\/v2\/users\/2"}],"replies":[{"embeddable":true,"href":"https:\/\/www.europesays.com\/sk\/wp-json\/wp\/v2\/comments?post=170049"}],"version-history":[{"count":0,"href":"https:\/\/www.europesays.com\/sk\/wp-json\/wp\/v2\/posts\/170049\/revisions"}],"wp:featuredmedia":[{"embeddable":true,"href":"https:\/\/www.europesays.com\/sk\/wp-json\/wp\/v2\/media\/170050"}],"wp:attachment":[{"href":"https:\/\/www.europesays.com\/sk\/wp-json\/wp\/v2\/media?parent=170049"}],"wp:term":[{"taxonomy":"category","embeddable":true,"href":"https:\/\/www.europesays.com\/sk\/wp-json\/wp\/v2\/categories?post=170049"},{"taxonomy":"post_tag","embeddable":true,"href":"https:\/\/www.europesays.com\/sk\/wp-json\/wp\/v2\/tags?post=170049"}],"curies":[{"name":"wp","href":"https:\/\/api.w.org\/{rel}","templated":true}]}}