{"id":170055,"date":"2026-09-04T05:13:10","date_gmt":"2026-09-04T05:13:10","guid":{"rendered":"https:\/\/www.europesays.com\/sk\/170055\/"},"modified":"2026-09-04T05:13:10","modified_gmt":"2026-09-04T05:13:10","slug":"rok-ohniveho-kona-zamiesa-karty-tieto-4-znamenia-caka-do-konca-roka-2026-velka-zivotna-zmena","status":"publish","type":"post","link":"https:\/\/www.europesays.com\/sk\/170055\/","title":{"rendered":"Rok Ohniv\u00e9ho ko\u0148a zamie\u0161a karty: Tieto 4 znamenia \u010dak\u00e1 do konca roka 2026 ve\u013ek\u00e1 \u017eivotn\u00e1 zmena"},"content":{"rendered":"<p>Rok Ohniv\u00e9ho ko\u0148a zamie\u0161a karty: Tieto 4 znamenia \u010dak\u00e1 do konca roka 2026 ve\u013ek\u00e1 \u017eivotn\u00e1 zmena\t\t\t\t\t\t(Zdroj: Getty Images\/Mint Images)\t\t\t\t\t<\/p>\n<p>Rok 2026 prin\u00e1\u0161a energiu Ohniv\u00e9ho ko\u0148a \u2013 v\u00e1\u0161e\u0148, odvahu, pohyb a ne\u010dakan\u00e9 zvraty. Niektor\u00e9 znamenia m\u00f4\u017eu do konca roka za\u017ei\u0165 udalos\u0165, ktor\u00e1 ich prin\u00fati prehodnoti\u0165 svoje doteraj\u0161ie pl\u00e1ny a vykro\u010di\u0165 \u00faplne nov\u00fdm smerom.<\/p>\n<p style=\"text-align:justify\">\u00a0<\/p>\n<p>Baran: Pr\u00edde rozhodnutie, ktor\u00e9 u\u017e nebude mo\u017en\u00e9 odklada\u0165<\/p>\n<p style=\"text-align:justify\">&#13;<br \/>\nBarani m\u00f4\u017eu v druhej polovici roka 2026 poc\u00edti\u0165 siln\u00fa potrebu nie\u010do vo svojom \u017eivote zmeni\u0165. Ohniv\u00e1 energia im dod\u00e1 odvahu urobi\u0165 krok, ktor\u00fd u\u017e dlho zva\u017euj\u00fa. M\u00f4\u017ee \u00eds\u0165 o nov\u00fa pr\u00e1cu, podnikanie, s\u0165ahovanie alebo z\u00e1sadn\u00e9 rozhodnutie v l\u00e1ske. To, \u010do sa spo\u010diatku bude zda\u0165 ako risk, m\u00f4\u017ee by\u0165 napokon presne t\u00fdm impulzom, ktor\u00fd Baran potreboval. Do konca roka m\u00f4\u017ee pochopi\u0165, \u017ee niektor\u00e9 dvere sa museli zavrie\u0165, aby sa mohli otvori\u0165 nov\u00e9.<\/p>\n<p>Bl\u00ed\u017eenci: Ne\u010dakan\u00e1 pr\u00edle\u017eitos\u0165 zmen\u00ed ich pl\u00e1ny<\/p>\n<p style=\"text-align:justify\">&#13;<br \/>\nBl\u00ed\u017eenci m\u00f4\u017eu za\u017ei\u0165 jeden z najv\u00e4\u010d\u0161\u00edch zvratov roka. Nie\u010do, s \u010d\u00edm v\u00f4bec nepo\u010d\u00edtali, sa m\u00f4\u017ee objavi\u0165 v spr\u00e1vnom momente a prinies\u0165 nov\u00fa pracovn\u00fa, finan\u010dn\u00fa alebo osobn\u00fa pr\u00edle\u017eitos\u0165. Najsk\u00f4r m\u00f4\u017eu v\u00e1ha\u0165, preto\u017ee situ\u00e1cia bude vy\u017eadova\u0165 r\u00fdchle rozhodnutie. Pr\u00e1ve to je v\u0161ak energia Ohniv\u00e9ho ko\u0148a \u2013 niekedy treba presta\u0165 v\u0161etko analyzova\u0165 a jednoducho vykro\u010di\u0165. Do konca roka m\u00f4\u017eu Bl\u00ed\u017eenci zisti\u0165, \u017ee n\u00e1hodn\u00e1 pr\u00edle\u017eitos\u0165 bola v skuto\u010dnosti za\u010diatkom nie\u010doho ve\u013ek\u00e9ho.<\/p>\n<p>\u0160korpi\u00f3n: Minulos\u0165 sa vr\u00e1ti, aby sa definit\u00edvne uzavrela<\/p>\n<p style=\"text-align:justify\">&#13;<br \/>\n\u0160korpi\u00f3nov m\u00f4\u017ee prekvapi\u0165 n\u00e1vrat niekoho alebo nie\u010doho z minulosti. M\u00f4\u017ee \u00eds\u0165 o b\u00fdval\u00fa l\u00e1sku, star\u00fd konflikt alebo rozhodnutie, ktor\u00e9 zostalo nedokon\u010den\u00e9. Tentoraz v\u0161ak bud\u00fa ma\u0165 mo\u017enos\u0165 pozrie\u0165 sa na cel\u00fa situ\u00e1ciu in\u00fdmi o\u010dami. To, \u010do ich kedysi dr\u017ealo na mieste, m\u00f4\u017ee kone\u010dne strati\u0165 svoju moc. Do konca roka m\u00f4\u017ee \u0160korpi\u00f3n urobi\u0165 rozhodnutie, ktor\u00e9 mu prinesie ve\u013ek\u00fa \u00fa\u013eavu a otvor\u00ed priestor pre nov\u00fd za\u010diatok.<\/p>\n<p>Vodn\u00e1r: \u017divot naberie \u00faplne nov\u00fd smer<\/p>\n<p style=\"text-align:justify\">&#13;<br \/>\nVodn\u00e1rov m\u00f4\u017ee rok Ohniv\u00e9ho ko\u0148a vytiahnu\u0165 z rutiny. Do konca roka sa m\u00f4\u017ee objavi\u0165 ponuka, cesta, nov\u00fd projekt alebo stretnutie s \u010dlovekom, ktor\u00fd v\u00fdrazne ovplyvn\u00ed ich \u010fal\u0161ie smerovanie. Nie\u010do, \u010do bude spo\u010diatku vyzera\u0165 ako spont\u00e1nny n\u00e1pad, m\u00f4\u017ee postupne prer\u00e1s\u0165 do d\u00f4le\u017eitej \u017eivotnej zmeny. Vodn\u00e1ri by preto nemali automaticky odmieta\u0165 nie\u010do len preto, \u017ee to nezapad\u00e1 do ich p\u00f4vodn\u00fdch pl\u00e1nov. Pr\u00e1ve ne\u010dakan\u00e1 odbo\u010dka m\u00f4\u017ee by\u0165 cestou, ktor\u00fa h\u013eadali.<\/p>\n","protected":false},"excerpt":{"rendered":"Rok Ohniv\u00e9ho ko\u0148a zamie\u0161a karty: Tieto 4 znamenia \u010dak\u00e1 do konca roka 2026 ve\u013ek\u00e1 \u017eivotn\u00e1 zmena (Zdroj: Getty&hellip;\n","protected":false},"author":2,"featured_media":170056,"comment_status":"","ping_status":"","sticky":false,"template":"","format":"standard","meta":{"footnotes":"","_share_on_mastodon":"0"},"categories":[32],"tags":[1743,45663,1580,34,37,33,3764,15766,47511,43,40,39,42,41,36,38,35,1302,958,14460,444],"class_list":["post-170055","post","type-post","status-publish","format-standard","has-post-thumbnail","category-spravy","tag-1743","tag-4-znamenia","tag-energia","tag-headlines","tag-hlavne-spravy","tag-news","tag-osud","tag-plany","tag-rok-ohniveho-kona","tag-sk","tag-slovak","tag-slovakia","tag-slovencina","tag-slovensko","tag-spravy","tag-titulky","tag-top-stories","tag-vztahy","tag-zivot","tag-zivotna-zmena","tag-znamenia"],"share_on_mastodon":{"url":"https:\/\/pubeurope.com\/@sk\/117211064323227912","error":""},"_links":{"self":[{"href":"https:\/\/www.europesays.com\/sk\/wp-json\/wp\/v2\/posts\/170055","targetHints":{"allow":["GET"]}}],"collection":[{"href":"https:\/\/www.europesays.com\/sk\/wp-json\/wp\/v2\/posts"}],"about":[{"href":"https:\/\/www.europesays.com\/sk\/wp-json\/wp\/v2\/types\/post"}],"author":[{"embeddable":true,"href":"https:\/\/www.europesays.com\/sk\/wp-json\/wp\/v2\/users\/2"}],"replies":[{"embeddable":true,"href":"https:\/\/www.europesays.com\/sk\/wp-json\/wp\/v2\/comments?post=170055"}],"version-history":[{"count":0,"href":"https:\/\/www.europesays.com\/sk\/wp-json\/wp\/v2\/posts\/170055\/revisions"}],"wp:featuredmedia":[{"embeddable":true,"href":"https:\/\/www.europesays.com\/sk\/wp-json\/wp\/v2\/media\/170056"}],"wp:attachment":[{"href":"https:\/\/www.europesays.com\/sk\/wp-json\/wp\/v2\/media?parent=170055"}],"wp:term":[{"taxonomy":"category","embeddable":true,"href":"https:\/\/www.europesays.com\/sk\/wp-json\/wp\/v2\/categories?post=170055"},{"taxonomy":"post_tag","embeddable":true,"href":"https:\/\/www.europesays.com\/sk\/wp-json\/wp\/v2\/tags?post=170055"}],"curies":[{"name":"wp","href":"https:\/\/api.w.org\/{rel}","templated":true}]}}