{"id":170081,"date":"2026-09-04T05:55:10","date_gmt":"2026-09-04T05:55:10","guid":{"rendered":"https:\/\/www.europesays.com\/sk\/170081\/"},"modified":"2026-09-04T05:55:10","modified_gmt":"2026-09-04T05:55:10","slug":"video-rusky-super-sa-na-us-open-postaral-o-prekvapenie-turnajova-trojka-dohrala-uz-v-druhom-kole-sportky-sk","status":"publish","type":"post","link":"https:\/\/www.europesays.com\/sk\/170081\/","title":{"rendered":"VIDEO Rusk\u00fd s\u00faper sa na US Open postaral o prekvapenie: Turnajov\u00e1 trojka dohrala u\u017e v druhom kole &#8211; \u0160portky.sk"},"content":{"rendered":"<p><a href=\"https:\/\/news.google.com\/rss\/articles\/CBMiywFBVV95cUxOVk1kR2ZXQ3pnOXBKeGpyM1BQUlpldGwwQ3ZKeF9EUkNCWW54UG1iZE1YVUw0Z284Z3BLbEdXc1hpSUx1YzIwSl95UHRrWWZUQ3JHQUFRX083OWtmQ0t5ZzJydlVwN2IzVVYtSy1pY3FON2RGbk1xYVlXb0Z5aVJ1c21JY2g1VXBMaHVwQXN2dEhfNU9iUS1LaDVHTWhibjdsVmxqbUpBRGl3THdGZU0zUTBvaVYwYlkzeXA3RW1OWi1OVjZyMnI5UUZrYw?oc=5\" target=\"_blank\" rel=\"nofollow noopener\">VIDEO Rusk\u00fd s\u00faper sa na US Open postaral o prekvapenie: Turnajov\u00e1 trojka dohrala u\u017e v druhom kole<\/a>&nbsp;&nbsp;\u0160portky.sk<a href=\"https:\/\/news.google.com\/rss\/articles\/CBMinAFBVV95cUxQUE1HaXRvY3B6NkFxcU1JUUFTZjRnWTh1WW9SRTdkMGNNRUJqYlRsaC1BS1RZbzE3Sk5OWUFCTkg2c3ZtMjVQRnlQZjdsbkJSWkpHWGl5bUR3dTJtTVl2SHNyTktDOTZFTU5ueEQ1YnQ5REVUdlJOYUpidWJ1ZWZpUTA1TzRxU3hYaW5pTjNmZ2U4S3FqZWlDQUdFT0o?oc=5\" target=\"_blank\" rel=\"nofollow noopener\">Ve\u013ek\u00e9 prekvapenie na US Open. Tret\u00ed nasaden\u00fd hr\u00e1\u010d vypadol u\u017e v druhom kole<\/a>&nbsp;&nbsp;SPORTNET<a href=\"https:\/\/news.google.com\/rss\/articles\/CBMi_gFBVV95cUxQR2FFeHJ0Zzhsd1AtdUZnYXBBd0pqVGZJd3Mxc3pfOEJsTGh6ejBUWDFmeEcxX1F2eUZzemFrNzZwdnBSLV9pdWEwTjc0S3dDb3ZnRENHN2lhMGQycWJsa3NNRjJHQnpPMGM4RDRTczQ3U3NOZWNFMFQ5amp4OG5xa2xfOGxUQWdERm1xcjRYbUxFZGhnYXRjVUduVTgwSVBqTW5NSFphbnBRTzZJNHJsLUNMNnJta09Yd2lHTkpvVTNmNnFCMXJ4cVlCVGpQY2FUei1QcHpOcXdPWFE4QkZlN00wMXVxMmdGc3prakNkNGZTVmozNmR4N2JSbXpkdw?oc=5\" target=\"_blank\" rel=\"nofollow noopener\">2. kolo US Open: Taylor Fritz &#8211; Mattia Bellucci<\/a>&nbsp;&nbsp;TERAZ.sk<a href=\"https:\/\/news.google.com\/rss\/articles\/CBMitwFBVV95cUxNemZNTnZOMkxfeEZyLWFqcktaQ3dOQjZmc0lFLUp2OVBBWEVfS1ctT2hFQ3lxaWkzdHRWS0tNejlYRGJ4Mi1BdVFfZ2JmNjZ0elhpc3Y0LWFmdmYyanNFMEoycUVWa0pDWEhYNWtNdkNNRURIeEQwUjBhZ1h3YUxkdjFfWGltQ2UwbUlWd2Y4QWpqUm1WVUIwNUxielJJREpRekIzbEdyMmJhNXJ1d1BVdWk0WEJURVU?oc=5\" target=\"_blank\" rel=\"nofollow noopener\">Prekvapiv\u00fd koniec Augera-Aliassima. Swiatekovej postup, Siniakov\u00e1 padla na rakete Osakovej<\/a>&nbsp;&nbsp;Flashscore.sk<a href=\"https:\/\/news.google.com\/rss\/articles\/CBMijgFBVV95cUxNbFRWNnFkUDdhM0VsaVM2VElFNU1fVU5FYWJ4cG1FczlBU1B4b0NPZzdZUFRCZTFIUTM5LTBWa1VRZTJVMmJwV2JOeV9PMldxMTE5ZGtSZlBuVmlfMXFyejJocVVNa0JrMGh1UWxjdmV5cWQyRVM3V3FkM0JwOExfek9PaWllMUY3UzR3ZFJn?oc=5\" target=\"_blank\" rel=\"nofollow noopener\">Auger-Aliassime dohral, Talian Bellucci na naklada\u010dku od Fritza asi len tak nezabudne<\/a>&nbsp;&nbsp;DennikSport.sk<\/p>\n","protected":false},"excerpt":{"rendered":"VIDEO Rusk\u00fd s\u00faper sa na US Open postaral o prekvapenie: Turnajov\u00e1 trojka dohrala u\u017e v druhom kole&nbsp;&nbsp;\u0160portky.skVe\u013ek\u00e9 prekvapenie&hellip;\n","protected":false},"author":2,"featured_media":170082,"comment_status":"","ping_status":"","sticky":false,"template":"","format":"standard","meta":{"footnotes":"","_share_on_mastodon":"0"},"categories":[32],"tags":[31640,34,37,48180,33,43,40,39,42,41,36,38,35,46298],"class_list":["post-170081","post","type-post","status-publish","format-standard","has-post-thumbnail","category-spravy","tag-felix-auger-aliassime","tag-headlines","tag-hlavne-spravy","tag-karen-chacanov","tag-news","tag-sk","tag-slovak","tag-slovakia","tag-slovencina","tag-slovensko","tag-spravy","tag-titulky","tag-top-stories","tag-us-open-2026"],"share_on_mastodon":{"url":"https:\/\/pubeurope.com\/@sk\/117211229356671858","error":""},"_links":{"self":[{"href":"https:\/\/www.europesays.com\/sk\/wp-json\/wp\/v2\/posts\/170081","targetHints":{"allow":["GET"]}}],"collection":[{"href":"https:\/\/www.europesays.com\/sk\/wp-json\/wp\/v2\/posts"}],"about":[{"href":"https:\/\/www.europesays.com\/sk\/wp-json\/wp\/v2\/types\/post"}],"author":[{"embeddable":true,"href":"https:\/\/www.europesays.com\/sk\/wp-json\/wp\/v2\/users\/2"}],"replies":[{"embeddable":true,"href":"https:\/\/www.europesays.com\/sk\/wp-json\/wp\/v2\/comments?post=170081"}],"version-history":[{"count":0,"href":"https:\/\/www.europesays.com\/sk\/wp-json\/wp\/v2\/posts\/170081\/revisions"}],"wp:featuredmedia":[{"embeddable":true,"href":"https:\/\/www.europesays.com\/sk\/wp-json\/wp\/v2\/media\/170082"}],"wp:attachment":[{"href":"https:\/\/www.europesays.com\/sk\/wp-json\/wp\/v2\/media?parent=170081"}],"wp:term":[{"taxonomy":"category","embeddable":true,"href":"https:\/\/www.europesays.com\/sk\/wp-json\/wp\/v2\/categories?post=170081"},{"taxonomy":"post_tag","embeddable":true,"href":"https:\/\/www.europesays.com\/sk\/wp-json\/wp\/v2\/tags?post=170081"}],"curies":[{"name":"wp","href":"https:\/\/api.w.org\/{rel}","templated":true}]}}