{"id":170083,"date":"2026-09-04T06:04:09","date_gmt":"2026-09-04T06:04:09","guid":{"rendered":"https:\/\/www.europesays.com\/sk\/170083\/"},"modified":"2026-09-04T06:04:09","modified_gmt":"2026-09-04T06:04:09","slug":"odchadza-na-vrchole-marcos-llorente-prekvapuje-a-luci-sa-s-reprezentaciou-spanielska","status":"publish","type":"post","link":"https:\/\/www.europesays.com\/sk\/170083\/","title":{"rendered":"Odch\u00e1dza na vrchole. Marcos Llorente prekvapuje a l\u00fa\u010di sa s reprezent\u00e1ciou \u0160panielska"},"content":{"rendered":"<p>Marcos Llorente vo \u0161tvrtok ozn\u00e1mil koniec svojej kari\u00e9ry v \u0161panielskej reprezent\u00e1cii. Kr\u00e1tko po tom, \u010do sa stal \u0161ampi\u00f3nom na majstrovstv\u00e1ch sveta v roku 2026, sa 31-ro\u010dn\u00fd hr\u00e1\u010d Atl\u00e9tica Madrid rozhodol ukon\u010di\u0165 svoje p\u00f4sobenie v reprezent\u00e1cii.<\/p>\n<p>Madridsk\u00fd stredopoliar sa l\u00fa\u010di s celkov\u00fdm po\u010dtom 27 reprezenta\u010dn\u00fdch \u0161tartov, po\u010das ktor\u00fdch sa z\u00fa\u010dastnil na jedn\u00fdch majstrovstv\u00e1ch Eur\u00f3py a dvoch majstrovstv\u00e1ch sveta. Jeho debut v seniorskom t\u00edme sa uskuto\u010dnil v roku 2020 v priate\u013eskom z\u00e1pase proti Holandsku (1:1) v Amsterdam Arene pod veden\u00edm Luisa Enriqueho.<\/p>\n<p>Odvtedy sa Llorente stal pravidelnou s\u00fa\u010das\u0165ou nomin\u00e1ci\u00ed, \u010dasto nastupoval ako prav\u00fd obranca. Pr\u00e1ve na tejto poz\u00edcii za\u010dal posledn\u00e9 majstrovstv\u00e1 sveta ako \u010dlen z\u00e1kladnej zostavy, hoci v priebehu turnaja stratil miesto v prospech Pedra Porra.<\/p>\n<p>Llorenteho cesta v \u0161panielskych ml\u00e1de\u017en\u00edckych reprezent\u00e1ci\u00e1ch sa za\u010dala ove\u013ea sk\u00f4r, ke\u010f reprezentoval kateg\u00f3rie do 19 a do 21 rokov. Jeho prv\u00fd reprezenta\u010dn\u00fd \u0161tart sa uskuto\u010dnil v Katwijku aan Zee v priate\u013eskom z\u00e1pase proti holandskej reprezent\u00e1cii do 19 rokov, pri\u010dom De la Fuente bol tr\u00e9nerom. \u0160panielsko vtedy zv\u00ed\u0165azilo 2:1.<\/p>\n<p>Napriek tomu, \u017ee sa nez\u00fa\u010dastnil na posledn\u00fdch majstrovstv\u00e1ch Eur\u00f3py, kde De la Fuente uprednostnil Carvajala a Jes\u00fasa Navasa na poz\u00edciu prav\u00e9ho obrancu, hr\u00e1\u010d Atl\u00e9tica Madrid si svoje miesto v reprezent\u00e1cii vybojoval v\u010das na majstrovstv\u00e1 sveta, kde z\u00edskal titul a korunoval tak svoju kr\u00e1tku, no \u00faspe\u0161n\u00fa medzin\u00e1rodn\u00fa kari\u00e9ru.<\/p>\n<p><a class=\"news-item-image\" target=\"_self\" href=\"https:\/\/sport.aktuality.sk\/futbal\/clanok\/marcos-llorente-zatmenie-slnka-chlieb-a-hry-2026081316384496548\" rel=\"nofollow noopener\"><img alt=\"Majster sveta rozp\u00fatal b\u00farku slovami o zatmen\u00ed: Chlieb a hry. M\u00f4\u017eete si vystavi\u0165 aj vajcia\" src=\"data:image\/gif;base64,R0lGODlhAQABAIAAAAAAAP\/\/\/yH5BAEAAAAALAAAAAABAAEAAAIBRAA7\" decoding=\"async\" data-nimg=\"responsive\" class=\"side-article\" style=\"position:absolute;top:0;left:0;bottom:0;right:0;box-sizing:border-box;padding:0;border:none;margin:auto;display:block;width:0;height:0;min-width:100%;max-width:100%;min-height:100%;max-height:100%\"\/><img alt=\"Majster sveta rozp\u00fatal b\u00farku slovami o zatmen\u00ed: Chlieb a hry. M\u00f4\u017eete si vystavi\u0165 aj vajcia\" src=\"https:\/\/www.europesays.com\/sk\/wp-content\/uploads\/2026\/09\/cfff8b0c-ef08-44e9-ba22-4c15d9e35c5f.jpg\" decoding=\"async\" data-nimg=\"responsive\" style=\"position:absolute;top:0;left:0;bottom:0;right:0;box-sizing:border-box;padding:0;border:none;margin:auto;display:block;width:0;height:0;min-width:100%;max-width:100%;min-height:100%;max-height:100%\" class=\"side-article\" loading=\"lazy\"\/><\/a><\/p>\n<p class=\"news-item-description\">Marcos Llorente op\u00e4\u0165 rozv\u00edril diskusiu v \u0160panielsku. Futbalista Atl\u00e9tica Madrid a \u010derstv\u00fd majster sveta sa tentoraz vyjadril k \u00fapln\u00e9mu zatmeniu slnka, ktor\u00e9 bolo v stredu vidite\u013en\u00e9 aj zo \u0160panielska. Pozornos\u0165, ak\u00fa tomuto astronomick\u00e9mu \u00fakazu venovali m\u00e9di\u00e1 a verejn\u00e9 in\u0161tit\u00facie, ozna\u010dil slovami \u201echlieb a hry\u201c.<\/p>\n<p>V rozl\u00fa\u010dkovom liste Llorente vysvetlil svoje rozhodnutie, pri\u010dom uviedol, \u017ee je \u201eosobn\u00e9, ve\u013emi premyslen\u00e9 a predov\u0161etk\u00fdm ve\u013emi \u00faprimn\u00e9\u201c.<\/p>\n<p>\u201ePo dlhom prem\u00fd\u0161\u013ean\u00ed som sa rozhodol ukon\u010di\u0165 svoju etapu v reprezent\u00e1cii. Som si vedom\u00fd toho, \u017ee som st\u00e1le mlad\u00fd a \u017ee, ak by som na\u010falej robil veci dobre, mo\u017eno by som mal e\u0161te roky na to, aby som hral v tomto drese. Viem, \u017ee mnoh\u00ed to nepochopia a ur\u010dite by som to nepochopil ani ja, keby som sa na to pozeral zvonku,\u201c nap\u00edsal hr\u00e1\u010d a zd\u00f4raznil, \u017ee rozhodnutie u\u017e bolo prijat\u00e9 \u201ebez oh\u013eadu na to, \u010di som i\u0161iel na majstrovstv\u00e1 sveta alebo nie, alebo \u010di sme ich vyhrali alebo nie\u201c.<\/p>\n<p>\u201eM\u00f4\u017eem by\u0165 len nekone\u010dne v\u010fa\u010dn\u00fd v\u0161etk\u00fdm \u013eu\u010fom, s ktor\u00fdmi som sa stretol po\u010das t\u00fdchto rokov a ktor\u00ed umo\u017enili mojej rodine a mne pre\u017ei\u0165 jedine\u010dn\u00e9 a nezabudnute\u013en\u00e9 chv\u00edle. Zost\u00e1vam so v\u0161etk\u00fdm, \u010do som pre\u017eil, ale predov\u0161etk\u00fdm s t\u00fdmito posledn\u00fdmi 52 d\u0148ami. <\/p>\n<p>S \u00fa\u017easnou skupinou, ktor\u00e1 bojovala a\u017e do konca, aby \u0160panielsko dostala na vrchol. A tak sa aj stalo. Bola to \u010des\u0165 reprezentova\u0165 moju krajinu a by\u0165 s\u00fa\u010das\u0165ou tejto hist\u00f3rie. \u010eakujem za v\u0161etko. Obj\u00edmam v\u00e1s v\u0161etk\u00fdch,\u201c uzavrel.<\/p>\n","protected":false},"excerpt":{"rendered":"Marcos Llorente vo \u0161tvrtok ozn\u00e1mil koniec svojej kari\u00e9ry v \u0161panielskej reprezent\u00e1cii. Kr\u00e1tko po tom, \u010do sa stal \u0161ampi\u00f3nom&hellip;\n","protected":false},"author":2,"featured_media":170084,"comment_status":"","ping_status":"","sticky":false,"template":"","format":"standard","meta":{"footnotes":"","_share_on_mastodon":"0"},"categories":[13],"tags":[2316,905,5470,11050,43,40,39,42,41,1698,69,68],"class_list":["post-170083","post","type-post","status-publish","format-standard","has-post-thumbnail","category-sport","tag-atletico-madrid","tag-bistro","tag-laliga","tag-majstrovstva-sveta","tag-sk","tag-slovak","tag-slovakia","tag-slovencina","tag-slovensko","tag-spanielsko","tag-sport","tag-sports"],"share_on_mastodon":{"url":"https:\/\/pubeurope.com\/@sk\/117211265318018444","error":""},"_links":{"self":[{"href":"https:\/\/www.europesays.com\/sk\/wp-json\/wp\/v2\/posts\/170083","targetHints":{"allow":["GET"]}}],"collection":[{"href":"https:\/\/www.europesays.com\/sk\/wp-json\/wp\/v2\/posts"}],"about":[{"href":"https:\/\/www.europesays.com\/sk\/wp-json\/wp\/v2\/types\/post"}],"author":[{"embeddable":true,"href":"https:\/\/www.europesays.com\/sk\/wp-json\/wp\/v2\/users\/2"}],"replies":[{"embeddable":true,"href":"https:\/\/www.europesays.com\/sk\/wp-json\/wp\/v2\/comments?post=170083"}],"version-history":[{"count":0,"href":"https:\/\/www.europesays.com\/sk\/wp-json\/wp\/v2\/posts\/170083\/revisions"}],"wp:featuredmedia":[{"embeddable":true,"href":"https:\/\/www.europesays.com\/sk\/wp-json\/wp\/v2\/media\/170084"}],"wp:attachment":[{"href":"https:\/\/www.europesays.com\/sk\/wp-json\/wp\/v2\/media?parent=170083"}],"wp:term":[{"taxonomy":"category","embeddable":true,"href":"https:\/\/www.europesays.com\/sk\/wp-json\/wp\/v2\/categories?post=170083"},{"taxonomy":"post_tag","embeddable":true,"href":"https:\/\/www.europesays.com\/sk\/wp-json\/wp\/v2\/tags?post=170083"}],"curies":[{"name":"wp","href":"https:\/\/api.w.org\/{rel}","templated":true}]}}