{"id":170087,"date":"2026-09-04T06:09:10","date_gmt":"2026-09-04T06:09:10","guid":{"rendered":"https:\/\/www.europesays.com\/sk\/170087\/"},"modified":"2026-09-04T06:09:10","modified_gmt":"2026-09-04T06:09:10","slug":"simkovicova-odporuca-zrusit-aktualnu-vyzvu-o-prihlasovani-na-riaditela-fpu","status":"publish","type":"post","link":"https:\/\/www.europesays.com\/sk\/170087\/","title":{"rendered":"\u0160imkovi\u010dov\u00e1 odpor\u00fa\u010da zru\u0161i\u0165 aktu\u00e1lnu v\u00fdzvu o prihlasovan\u00ed na riadite\u013ea FPU"},"content":{"rendered":"<p>BRATISLAVA &#8211; Ministerka kult\u00fary Martina \u0160imkovi\u010dov\u00e1 (nominantka SNS) odpor\u00fa\u010da Rade Fondu na podporu umenia (FPU), aby zru\u0161ila aktu\u00e1lne vyhl\u00e1sen\u00fa v\u00fdzvu na predkladanie prihl\u00e1\u0161ok na funkciu riadite\u013ea\/riadite\u013eky FPU a vyhl\u00e1sila nov\u00fa v\u00fdzvu. Pri posudzovan\u00ed v\u00fdzvy sa pod\u013ea nej objavili viacer\u00e9 ot\u00e1zky t\u00fdkaj\u00face sa s\u00faladu obsahu v\u00fdzvy s pr\u00edslu\u0161n\u00fdmi ustanoveniami z\u00e1kona o FPU. Ministerka preto pova\u017euje za d\u00f4le\u017eit\u00e9, aby boli tieto ot\u00e1zky riadne pos\u00faden\u00e9 a aby bol \u010fal\u0161\u00ed postup nastaven\u00fd tak, aby nevyvol\u00e1val pochybnosti o z\u00e1konnosti a transparentnosti vo\u013eby. TASR o tom informovala riadite\u013eka odboru komunik\u00e1cie rezortu kult\u00fary Petra Demkov\u00e1.<\/p>\n<p>\u201ePri vo\u013ebe riadite\u013ea verejnopr\u00e1vnej in\u0161tit\u00facie je nevyhnutn\u00e9 vytvori\u0165 jasn\u00e9 a rovnak\u00e9 podmienky pre v\u0161etk\u00fdch kandid\u00e1tov a zabezpe\u010di\u0165 transparentn\u00fd postup, ktor\u00fd bude posil\u0148ova\u0165 d\u00f4veru kandid\u00e1tov aj verejnosti vo v\u00fdsledok vo\u013eby. Pr\u00e1ve d\u00f4vera v riadny priebeh procesu je d\u00f4le\u017eitou s\u00fa\u010das\u0165ou fungovania FPU,\u201c uviedla Demkov\u00e1. Vzh\u013eadom na vzniknut\u00e9 pochybnosti ministerka kult\u00fary nepova\u017euje za vhodn\u00e9 pokra\u010dova\u0165 v aktu\u00e1lnom procese bez ich odstr\u00e1nenia. \u201eZru\u0161enie s\u00fa\u010dasnej v\u00fdzvy a vyhl\u00e1senie novej preto vn\u00edma ako mo\u017enos\u0165 nastavi\u0165 cel\u00fd proces nanovo, jednozna\u010dne a v s\u00falade so z\u00e1konom a z\u00e1rove\u0148 pred\u00eds\u0165 \u010fal\u0161\u00edm pochybnostiam o jeho priebehu \u010di v\u00fdsledku,\u201c doplnila Demkov\u00e1.<\/p>\n<p>Pokia\u013e ide o medializovan\u00e9 podozrenia z \u00fadajn\u00e9ho odpo\u010d\u00favania zamestnancov FPU, tie je pod\u013ea nej potrebn\u00e9 riadne a nez\u00e1visle vy\u0161etri\u0165. Z nepreveren\u00fdch podozren\u00ed v\u0161ak pod\u013ea Demkovej nemo\u017eno robi\u0165 hotov\u00e9 z\u00e1very, ani ich sp\u00e1ja\u0165 s rozhodovan\u00edm o vo\u013ebe riadite\u013ea FPU. Zd\u00f4raznila, \u017ee o novom veden\u00ed FPU m\u00e1 rozhodn\u00fa\u0165 transparentn\u00fd a z\u00e1konn\u00fd proces, v ktorom bud\u00fa ma\u0165 v\u0161etci kandid\u00e1ti rovnak\u00e9 podmienky.<\/p>\n<p>Nez\u00e1vislos\u0165 rozhodovania Rady FPU<\/p>\n<p>Ministerka kult\u00fary z\u00e1rove\u0148 odmieta tvrdenie, \u017ee tohtot\u00fd\u017ed\u0148ov\u00e9 odvolanie dvoch \u010dlenov Rady FPU s\u00faviselo s ich postojom ku konkr\u00e9tnemu kandid\u00e1tovi na funkciu riadite\u013ea. Person\u00e1lne rozhodnutia ministerky pod\u013ea Demkovej nemo\u017eno interpretova\u0165 ako podporu alebo odmietnutie ktor\u00e9hoko\u013evek z kandid\u00e1tov, ani ako z\u00e1sah do rozhodovania \u010dlenov Rady o bud\u00facom veden\u00ed fondu.\u00a0\u201eOdpor\u00fa\u010danie zru\u0161i\u0165 aktu\u00e1lnu v\u00fdzvu preto ministerka kult\u00fary nevn\u00edma ako z\u00e1sah do rozhodovania Rady FPU o konkr\u00e9tnom kandid\u00e1tovi. Ide o snahu zabezpe\u010di\u0165, aby \u010fal\u0161\u00ed postup prebehol za jasn\u00fdch, z\u00e1konn\u00fdch a transparentn\u00fdch podmienok, a aby v\u00fdsledok novej vo\u013eby mal \u010do naj\u0161ir\u0161iu d\u00f4veru kandid\u00e1tov, odbornej aj \u0161irokej verejnosti,\u201c dodala Demkov\u00e1.<\/p>\n<p>\u0160imkovi\u010dov\u00e1 v s\u00favislosti s person\u00e1lnou zmenou uviedla, \u017ee odvolanie Petra Grutku a Adriany Tomi\u010dovej z Rady FPU bolo jedn\u00fdm z krokov k upokojeniu situ\u00e1cie v kult\u00fare a stabiliz\u00e1cii verejnopr\u00e1vneho fondu. Tomi\u010dov\u00e1 a Grutka vyhl\u00e1sili, \u017ee rozhodnutie ministerky re\u0161pektuj\u00fa, z\u00e1rove\u0148 ho v\u0161ak nepova\u017euj\u00fa za n\u00e1hodu. \u201eBoli sme odvolan\u00ed vo chv\u00edli, ke\u010f sme odmietli prepo\u017ei\u010da\u0165 svoje hlasy k zvoleniu Franti\u0161ka Kornaja na post riadite\u013ea FPU,\u201c uviedli.<\/p>\n<p>Odmietav\u00fd postoj ku Kornajovmu zvoleniu vysvet\u013euj\u00fa v\u00e1\u017enymi podozreniami s jeho spojen\u00edm s mo\u017en\u00fdm odpo\u010d\u00favan\u00edm zamestnancov a \u010dlenov Rady. Obaja z\u00e1rove\u0148 nazna\u010duj\u00fa, \u017ee existuje snaha presadi\u0165 Kornajovo zvolenie. Rozhodnutie o person\u00e1lnej zmene pri\u0161lo pred utorkovou (8. 9.) vo\u013ebou riadite\u013ea FPU, ktor\u00e1 sa m\u00e1 kona\u0165 na zasadnut\u00ed Rady fondu. Z\u00e1ujem o post riadite\u013ea prejavili piati kandid\u00e1ti. Krit\u00e9ri\u00e1 splnili Jaroslav D\u00f3czy, Klaudia Gregu\u0161ov\u00e1, Franti\u0161ek Kornaj, Jana Orlick\u00e1 a Alena Rezkov\u00e1. Do\u010dasne poveren\u00fdm \u0161\u00e9fom fondu je Franti\u0161ek Kornaj.<\/p>\n","protected":false},"excerpt":{"rendered":"BRATISLAVA &#8211; Ministerka kult\u00fary Martina \u0160imkovi\u010dov\u00e1 (nominantka SNS) odpor\u00fa\u010da Rade Fondu na podporu umenia (FPU), aby zru\u0161ila aktu\u00e1lne&hellip;\n","protected":false},"author":2,"featured_media":170088,"comment_status":"","ping_status":"","sticky":false,"template":"","format":"standard","meta":{"footnotes":"","_share_on_mastodon":"0"},"categories":[32],"tags":[14614,34,37,8387,33,3394,43,40,39,42,41,1550,36,38,35],"class_list":["post-170087","post","type-post","status-publish","format-standard","has-post-thumbnail","category-spravy","tag-fond-na-podporu-umenia","tag-headlines","tag-hlavne-spravy","tag-martina-simkovicova","tag-news","tag-riaditel","tag-sk","tag-slovak","tag-slovakia","tag-slovencina","tag-slovensko","tag-sns","tag-spravy","tag-titulky","tag-top-stories"],"share_on_mastodon":{"url":"https:\/\/pubeurope.com\/@sk\/117211284545101950","error":""},"_links":{"self":[{"href":"https:\/\/www.europesays.com\/sk\/wp-json\/wp\/v2\/posts\/170087","targetHints":{"allow":["GET"]}}],"collection":[{"href":"https:\/\/www.europesays.com\/sk\/wp-json\/wp\/v2\/posts"}],"about":[{"href":"https:\/\/www.europesays.com\/sk\/wp-json\/wp\/v2\/types\/post"}],"author":[{"embeddable":true,"href":"https:\/\/www.europesays.com\/sk\/wp-json\/wp\/v2\/users\/2"}],"replies":[{"embeddable":true,"href":"https:\/\/www.europesays.com\/sk\/wp-json\/wp\/v2\/comments?post=170087"}],"version-history":[{"count":0,"href":"https:\/\/www.europesays.com\/sk\/wp-json\/wp\/v2\/posts\/170087\/revisions"}],"wp:featuredmedia":[{"embeddable":true,"href":"https:\/\/www.europesays.com\/sk\/wp-json\/wp\/v2\/media\/170088"}],"wp:attachment":[{"href":"https:\/\/www.europesays.com\/sk\/wp-json\/wp\/v2\/media?parent=170087"}],"wp:term":[{"taxonomy":"category","embeddable":true,"href":"https:\/\/www.europesays.com\/sk\/wp-json\/wp\/v2\/categories?post=170087"},{"taxonomy":"post_tag","embeddable":true,"href":"https:\/\/www.europesays.com\/sk\/wp-json\/wp\/v2\/tags?post=170087"}],"curies":[{"name":"wp","href":"https:\/\/api.w.org\/{rel}","templated":true}]}}