{"id":170105,"date":"2026-09-04T06:36:11","date_gmt":"2026-09-04T06:36:11","guid":{"rendered":"https:\/\/www.europesays.com\/sk\/170105\/"},"modified":"2026-09-04T06:36:11","modified_gmt":"2026-09-04T06:36:11","slug":"rizman-to-3-mesiace-po-rozchode-s-caputovou-uz-nevydrzal-a-musel-to-vykricat-do-sveta-ste-obycajni","status":"publish","type":"post","link":"https:\/\/www.europesays.com\/sk\/170105\/","title":{"rendered":"Rizman to 3 mesiace po rozchode s \u010caputovou u\u017e nevydr\u017eal a musel to vykri\u010da\u0165 do sveta: Ste oby\u010dajn\u00ed&#8230;"},"content":{"rendered":"\n<p article=\"[object Object]\" class=\"md:text-article-content leading-relaxed md:leading-normal mt-5 lg:mt-10 false\">Port\u00e1l <a href=\"https:\/\/www.aktuality.sk\/clanok\/kH7hRXg\/lubos-blaha-si-kupil-milionovu-vilu-v-lukrativnej-casti-bratislavy-na-inych-utocil-ako-na-zbohatlikov-a-snobov\/\" id=\"1a25e78b-8f12-46a8-8d38-7b33b22223ed\" target=\"_blank\" rel=\"nofollow noopener\">Aktuality.sk<\/a> upozornil pred p\u00e1r d\u0148ami na to, \u017ee politik \u013dubo\u0161 Blaha (Smer-SD) si k\u00fapil byt v lukrat\u00edvnej \u010dasti Bratislavy na Kram\u00e1roch. Web v\u0161ak zverejnil aj presn\u00fa lokalitu jeho nehnute\u013enosti, na \u010do europoslanec ostro zareagoval e\u0161te sk\u00f4r, ako si redakcia priznala chybu. Po zverejnen\u00ed inform\u00e1ci\u00ed o jeho domove tvrdil, \u017ee novin\u00e1ri ohrozili jeho rodinu a cel\u00fa situ\u00e1ciu u\u017e rie\u0161i s pol\u00edciou.<\/p>\n<p article=\"[object Object]\" class=\"md:text-article-content leading-relaxed md:leading-normal mt-5 lg:mt-10 false\">Na vzniknut\u00fa kauzu okolo poslancovho s\u00fakromia okam\u017eite zareagoval na soci\u00e1lnej sieti expartner b\u00fdvalej prezidentky Zuzany \u010caputovej Juraj Rizman. Pripomenul toti\u017e minulos\u0165 a spr\u00e1vanie \u013eud\u00ed okolo Blahu. &#8222;\u013dudia, ktor\u00ed opakovane hecovali dav proti prezidentke, ktor\u00ed jej pri dome osadili bilboard s klamstvami o jej \u00fadajnej vlastizrade,&#8220; za\u010dal svoj nekompromisn\u00fd pr\u00edspevok na soci\u00e1lnej sieti.<\/p>\n<p article=\"[object Object]\" class=\"md:text-article-content leading-relaxed md:leading-normal mt-5 lg:mt-10 false\">Nezabudol ani na mnoh\u00e9 \u00fatoky, ktor\u00fdm musela hlava \u0161t\u00e1tu v s\u00fakrom\u00ed \u010deli\u0165. \u201eKtor\u00ed sa zab\u00e1vali, ke\u010f jej pred domom robili demon\u0161tr\u00e1cie z\u00fafalci z Ob\u010dianskeho tribun\u00e1lu, ktor\u00ed z\u013eah\u010dovali, ke\u010f jej ist\u00fd d\u00f4chodca na s\u00fakromn\u00fa adresu poslal vyhr\u00e1\u017eky smr\u0165ou a ostr\u00e9 n\u00e1boje pre cel\u00fa jej rodinu,&#8220; pokra\u010doval v r\u00e1znej v\u00fd\u010ditke Juraj Rizman.<\/p>\n<p article=\"[object Object]\" class=\"md:text-article-content leading-relaxed md:leading-normal mt-5 lg:mt-10 false\">Pripomenul aj nebezpe\u010dn\u00e9 no\u010dn\u00e9 incidenty priamo na pozemku rodinn\u00e9ho domu v Pezinku. \u201eKtor\u00ed sa neozvali ani vtedy, ke\u010f jej v noci cez plot presko\u010dila osoba a n\u00e1sil\u00edm sa pok\u00fa\u0161ala vnikn\u00fa\u0165 do jej domu \u2013 teraz nie\u010do vyplak\u00e1vaj\u00fa o ochrane s\u00fakromia a bezpe\u010dnosti rodiny&#8230;&#8220; poznamenal rozhor\u010dene expartner b\u00fdvalej prezidentky.<\/p>\n<p article=\"[object Object]\" class=\"md:text-article-content leading-relaxed md:leading-normal mt-5 lg:mt-10 false\">Svoj ostr\u00fd pr\u00edspevok adresovan\u00fd politick\u00e9mu t\u00e1boru zakon\u010dil ve\u013emi tvrd\u00fdmi slovami. &#8222;M\u00e1m pre nich len jeden odkaz \u2013 ste oby\u010dajn\u00ed, odporn\u00ed pokrytci,&#8220; uviedol nekompromisne Rizman. Napriek v\u0161etk\u00e9mu im v\u0161ak ne\u0161\u0165astie nepraje. &#8222;Ale aj tak v\u00e1m \u00faprimne prajem, aby ste si ani vy a ani va\u0161e rodiny nemuseli prejs\u0165 peklom, ktor\u00fdm sme si v\u010faka v\u00e1\u0161mu hejtu museli p\u00e4\u0165 rokov prech\u00e1dza\u0165 my!&#8220; dodal \u00faprimne.<\/p>\n<p article=\"[object Object]\" class=\"md:text-article-content leading-relaxed md:leading-normal mt-5 lg:mt-10 false\">V \u010fal\u0161ej \u010dasti statusu sa zamyslel nad hodnotov\u00fdm rozdielom medzi oboma t\u00e1bormi. &#8222;Viete \u2013 rozdiel medzi nami a nimi je aj v tom, \u017ee ke\u010f pred rokmi pochodovali Bratislavou n\u00e1ckovia a kri\u010dali vulgarizmy na pani Be\u0148ov\u00fa, tak som sa jej ako \u017eeny zastal a hejt vo\u010di nej som ods\u00fadil&#8230;&#8220; zaspom\u00ednal si na reakciu z minulosti Juraj Rizman.<\/p>\n<p article=\"[object Object]\" class=\"md:text-article-content leading-relaxed md:leading-normal mt-5 lg:mt-10 false\">Zd\u00f4raznil tie\u017e, \u017ee reakcia z druhej strany v podobnej situ\u00e1cii nesk\u00f4r v\u00f4bec nepri\u0161la. &#8222;To, \u017ee pani Be\u0148ov\u00e1 potom nedok\u00e1zala rovnako hnisav\u00fd hejt ods\u00fadi\u0165, ke\u010f odznel na adresu pani prezidentky \u2013 je presne to, \u010do n\u00e1s vymedzuje, \u010do rob\u00ed ten priepastn\u00fd rozdiel medzi nami,&#8220; vysvetlil v pr\u00edspevku. Pod\u013ea neho je d\u00f4le\u017eit\u00e9 neust\u00e1le si zachov\u00e1va\u0165 vlastn\u00fa tv\u00e1r. &#8222;Rie\u0161en\u00edm ale nie je zn\u00ed\u017ei\u0165 sa na ich \u00farove\u0148, ale udr\u017ea\u0165 si a zvy\u0161ova\u0165 tu na\u0161u,&#8220; uzavrel Rizman.<\/p>\n<p article=\"[object Object]\" class=\"md:text-article-content leading-relaxed md:leading-normal mt-5 lg:mt-10 false\">Blaha v minulosti pravidelne ozna\u010doval \u010caputov\u00fa za americk\u00fa agentku a vlastizradky\u0148u. Na smer\u00e1ckom proteste v Nitre v roku 2022 dokonca podnecoval dav. \u201ePovedzte to za m\u0148a: \u010caputov\u00e1 je americk\u00e1&#8230;\u201c kri\u010dal poslanec Blaha a dav mu vulg\u00e1rne odpovedal &#8222;k**va&#8220;.<\/p>\n<p article=\"[object Object]\" class=\"md:text-article-content leading-relaxed md:leading-normal mt-5 lg:mt-10 false\">Na proteste sa nach\u00e1dzala aj europoslanky\u0148a Be\u0148ov\u00e1, ktor\u00e1 sa v tom \u010dase k slov\u00e1m svojho koleguje vyjadrila. &#8222;Ak je tomu tak, ja som to naozaj nepo\u010dula, ale chcem sa ur\u010dite pani prezidentke ospravedlni\u0165, ako \u017eene. Nepatr\u00ed sa, aby vulgarizmy zaznievali na m\u00edtingoch. Aj ke\u010f nes\u00fahlas\u00edme s jej politikou, neznamen\u00e1 to, \u017ee niekto m\u00e1 pr\u00e1vo vulg\u00e1rne ju ur\u00e1\u017ea\u0165, tak\u017ee pr\u00edjmite pros\u00edm, pani \u010caputov\u00e1, moje ospravedlnenie,&#8220; povedala vo videu na soci\u00e1lnej sieti. &#8222;N\u00e1m sa s\u00edce nikomu nikdy za sprost\u00e9 ur\u00e1\u017eky nikto neospravedlnil, ale ok,&#8220; dodala v popise.<\/p>\n","protected":false},"excerpt":{"rendered":"Port\u00e1l Aktuality.sk upozornil pred p\u00e1r d\u0148ami na to, \u017ee politik \u013dubo\u0161 Blaha (Smer-SD) si k\u00fapil byt v lukrat\u00edvnej&hellip;\n","protected":false},"author":2,"featured_media":170106,"comment_status":"","ping_status":"","sticky":false,"template":"","format":"standard","meta":{"footnotes":"","_share_on_mastodon":"0"},"categories":[6],"tags":[43,40,44,39,42,45,41],"class_list":["post-170105","post","type-post","status-publish","format-standard","has-post-thumbnail","category-slovensko","tag-sk","tag-slovak","tag-slovak-republic","tag-slovakia","tag-slovencina","tag-slovenska-republika","tag-slovensko"],"share_on_mastodon":{"url":"https:\/\/pubeurope.com\/@sk\/117211390578941578","error":""},"_links":{"self":[{"href":"https:\/\/www.europesays.com\/sk\/wp-json\/wp\/v2\/posts\/170105","targetHints":{"allow":["GET"]}}],"collection":[{"href":"https:\/\/www.europesays.com\/sk\/wp-json\/wp\/v2\/posts"}],"about":[{"href":"https:\/\/www.europesays.com\/sk\/wp-json\/wp\/v2\/types\/post"}],"author":[{"embeddable":true,"href":"https:\/\/www.europesays.com\/sk\/wp-json\/wp\/v2\/users\/2"}],"replies":[{"embeddable":true,"href":"https:\/\/www.europesays.com\/sk\/wp-json\/wp\/v2\/comments?post=170105"}],"version-history":[{"count":0,"href":"https:\/\/www.europesays.com\/sk\/wp-json\/wp\/v2\/posts\/170105\/revisions"}],"wp:featuredmedia":[{"embeddable":true,"href":"https:\/\/www.europesays.com\/sk\/wp-json\/wp\/v2\/media\/170106"}],"wp:attachment":[{"href":"https:\/\/www.europesays.com\/sk\/wp-json\/wp\/v2\/media?parent=170105"}],"wp:term":[{"taxonomy":"category","embeddable":true,"href":"https:\/\/www.europesays.com\/sk\/wp-json\/wp\/v2\/categories?post=170105"},{"taxonomy":"post_tag","embeddable":true,"href":"https:\/\/www.europesays.com\/sk\/wp-json\/wp\/v2\/tags?post=170105"}],"curies":[{"name":"wp","href":"https:\/\/api.w.org\/{rel}","templated":true}]}}