{"id":170113,"date":"2026-09-04T06:46:12","date_gmt":"2026-09-04T06:46:12","guid":{"rendered":"https:\/\/www.europesays.com\/sk\/170113\/"},"modified":"2026-09-04T06:46:12","modified_gmt":"2026-09-04T06:46:12","slug":"sexualny-skandal-dopadol-prenho-dobre-asencio-oslobodeny","status":"publish","type":"post","link":"https:\/\/www.europesays.com\/sk\/170113\/","title":{"rendered":"Sexu\u00e1lny \u0161kand\u00e1l dopadol pre\u0148ho dobre. Asencio osloboden\u00fd"},"content":{"rendered":"<p>Ra\u00fala Asencia z Realu Madrid oslobodili spod obvinenia z vyzradenia tajomstva po tom, \u010do mu dve obete v pr\u00edpade zverejnenia vide\u00ed so sexu\u00e1lnym obsahom form\u00e1lne odpustili na s\u00fade.<\/p>\n<p>K tomuto rozuzleniu do\u0161lo vo \u0161tvrtok v Las Palmas, po\u010das prv\u00e9ho z troch pojedn\u00e1van\u00ed, ktor\u00e9 sa t\u00fdka aj troch b\u00fdval\u00fdch spoluhr\u00e1\u010dov hr\u00e1\u010da Realu Madrid \u2013 Ferr\u00e1na Ruiza, Juana Rodr\u00edgueza a Andr\u00e9sa Garc\u00edu.<\/p>\n<p>Dve mlad\u00e9 \u017eeny, z ktor\u00fdch jedna bola v \u010dase udalost\u00ed v roku 2023 neplnolet\u00e1, potvrdili pred sudky\u0148ou, \u017ee odp\u00fa\u0161\u0165aj\u00fa v\u0161etk\u00fdm \u0161tyrom obvinen\u00fdm. Svedectvo bolo podan\u00e9 prostredn\u00edctvom videokonferencie, rovnako ako svedectv\u00e1 hr\u00e1\u010dov. Na ot\u00e1zky prokur\u00e1torky obe obete individu\u00e1lne potvrdili odpustenie a uistili, \u017ee rozhodnutie prijali \u201ez vlastnej v\u00f4le\u201c a bez ak\u00e9hoko\u013evek n\u00e1tlaku \u010di podmienok.<\/p>\n<p><a class=\"news-item-image\" target=\"_self\" href=\"https:\/\/sport.aktuality.sk\/futbal\/clanok\/raul-asencio-real-madrid-soferovanie-pod-vplyvom-2026090217234660821\" rel=\"nofollow noopener\"><img alt=\"Hr\u00e1\u010d Realu Madrid \u0161of\u00e9roval opit\u00fd v de\u0148 z\u00e1pasu. Ve\u013ekoklub aj pol\u00edcia za\u010dali kona\u0165\" src=\"data:image\/gif;base64,R0lGODlhAQABAIAAAAAAAP\/\/\/yH5BAEAAAAALAAAAAABAAEAAAIBRAA7\" decoding=\"async\" data-nimg=\"responsive\" class=\"side-article\" style=\"position:absolute;top:0;left:0;bottom:0;right:0;box-sizing:border-box;padding:0;border:none;margin:auto;display:block;width:0;height:0;min-width:100%;max-width:100%;min-height:100%;max-height:100%\"\/><img alt=\"Hr\u00e1\u010d Realu Madrid \u0161of\u00e9roval opit\u00fd v de\u0148 z\u00e1pasu. Ve\u013ekoklub aj pol\u00edcia za\u010dali kona\u0165\" src=\"https:\/\/www.europesays.com\/sk\/wp-content\/uploads\/2026\/09\/1788504372_865_15198bbd-809e-4876-aa0e-91b6751e30c7.jpg\" decoding=\"async\" data-nimg=\"responsive\" style=\"position:absolute;top:0;left:0;bottom:0;right:0;box-sizing:border-box;padding:0;border:none;margin:auto;display:block;width:0;height:0;min-width:100%;max-width:100%;min-height:100%;max-height:100%\" class=\"side-article\" loading=\"lazy\"\/><\/a><\/p>\n<p class=\"news-item-description\">Real Madrid za\u010dal disciplin\u00e1rne konanie proti Ra\u00falovi Asenciovi, ktor\u00e9 m\u00f4\u017ee vy\u00fasti\u0165 do zna\u010dnej finan\u010dnej sankcie. Hr\u00e1\u010da toti\u017e prichytili pri \u0161of\u00e9rovan\u00ed so \u0161tyrikr\u00e1t vy\u0161\u0161ou hladinou alkoholu v krvi, ne\u017e je v \u0160panielsku povolen\u00e9.<\/p>\n<p>Toto form\u00e1lne odpustenie pred sudky\u0148ou trestn\u00e9ho s\u00fadu viedlo k tomu, \u017ee prokurat\u00fara stiahla obvinenie z trestn\u00e9ho \u010dinu vyzradenia tajomstva, \u010d\u00edm zanikla trestn\u00e1 zodpovednos\u0165 Ra\u00fala Asencia a viedlo to k jeho oslobodeniu.<\/p>\n<p>To ist\u00e9 sa v\u0161ak net\u00fdkalo jeho b\u00fdval\u00fdch spoluhr\u00e1\u010dov, ktor\u00ed \u010delili dodato\u010dn\u00fdm obvineniam za zdie\u013eanie a \u0161\u00edrenie sexu\u00e1lnych vide\u00ed. V\u0161etci traja boli ods\u00faden\u00ed na jeden rok v\u00e4zenia za trestn\u00fd \u010din distrib\u00facie detskej pornografie po dohode s prokurat\u00farou. Odpustenie obete v tomto type trestn\u00e9ho \u010dinu nezbavuje trestnej zodpovednosti.<\/p>\n<p>V j\u00fani \u0161panielska prokurat\u00fara pripustila stiahnutie \u017eiadosti o trest od\u0148atia slobody pre Asencia, ak sa hr\u00e1\u010d ospravedln\u00ed dvom \u017een\u00e1m, ktor\u00e9 sa objavili na sexu\u00e1lnom videu nahranom bez povolenia. Stiahnutie obvinenia proti Asenciovi z\u00e1viselo od form\u00e1lneho odpustenia obet\u00ed, \u010do sa teraz stalo.<\/p>\n<p>V\u00fdkon trestov od\u0148atia slobody bol podmiene\u010dne odlo\u017een\u00fd na dva roky s podmienkou, \u017ee traja ods\u00faden\u00ed po\u010das tohto obdobia nesp\u00e1chaj\u00fa \u017eiadne \u010fal\u0161ie trestn\u00e9 \u010diny. Bud\u00fa tie\u017e musie\u0165 absolvova\u0165 kurz sexu\u00e1lnej v\u00fdchovy a osvety.<\/p>\n<p>Pred touto dohodou prokurat\u00fara po\u017eadovala pr\u00edsnej\u0161ie tresty od\u0148atia slobody: dva a pol roka pre Ra\u00fala Asencia a \u0161tyri roky a sedem mesiacov pre ostatn\u00fdch troch.<\/p>\n<p>Asencio v\u0161ak medzit\u00fdm sp\u00e1chal \u010fal\u0161\u00ed priestupok, v auguste ho pol\u00edcia prichytila, ako \u0161of\u00e9roval opit\u00fd na Kan\u00e1rskych ostrovoch. Dostal pokutu 14 400 eur a klub za\u010dal vo\u010di nemu discipl\u00ednarne st\u00edhanie. <\/p>\n","protected":false},"excerpt":{"rendered":"Ra\u00fala Asencia z Realu Madrid oslobodili spod obvinenia z vyzradenia tajomstva po tom, \u010do mu dve obete v&hellip;\n","protected":false},"author":2,"featured_media":170114,"comment_status":"","ping_status":"","sticky":false,"template":"","format":"standard","meta":{"footnotes":"","_share_on_mastodon":"0"},"categories":[13],"tags":[5470,2317,43,40,39,42,41,69,68],"class_list":["post-170113","post","type-post","status-publish","format-standard","has-post-thumbnail","category-sport","tag-laliga","tag-real-madrid-cf","tag-sk","tag-slovak","tag-slovakia","tag-slovencina","tag-slovensko","tag-sport","tag-sports"],"share_on_mastodon":{"url":"https:\/\/pubeurope.com\/@sk\/117211430077980780","error":""},"_links":{"self":[{"href":"https:\/\/www.europesays.com\/sk\/wp-json\/wp\/v2\/posts\/170113","targetHints":{"allow":["GET"]}}],"collection":[{"href":"https:\/\/www.europesays.com\/sk\/wp-json\/wp\/v2\/posts"}],"about":[{"href":"https:\/\/www.europesays.com\/sk\/wp-json\/wp\/v2\/types\/post"}],"author":[{"embeddable":true,"href":"https:\/\/www.europesays.com\/sk\/wp-json\/wp\/v2\/users\/2"}],"replies":[{"embeddable":true,"href":"https:\/\/www.europesays.com\/sk\/wp-json\/wp\/v2\/comments?post=170113"}],"version-history":[{"count":0,"href":"https:\/\/www.europesays.com\/sk\/wp-json\/wp\/v2\/posts\/170113\/revisions"}],"wp:featuredmedia":[{"embeddable":true,"href":"https:\/\/www.europesays.com\/sk\/wp-json\/wp\/v2\/media\/170114"}],"wp:attachment":[{"href":"https:\/\/www.europesays.com\/sk\/wp-json\/wp\/v2\/media?parent=170113"}],"wp:term":[{"taxonomy":"category","embeddable":true,"href":"https:\/\/www.europesays.com\/sk\/wp-json\/wp\/v2\/categories?post=170113"},{"taxonomy":"post_tag","embeddable":true,"href":"https:\/\/www.europesays.com\/sk\/wp-json\/wp\/v2\/tags?post=170113"}],"curies":[{"name":"wp","href":"https:\/\/api.w.org\/{rel}","templated":true}]}}