{"id":170119,"date":"2026-09-04T06:53:06","date_gmt":"2026-09-04T06:53:06","guid":{"rendered":"https:\/\/www.europesays.com\/sk\/170119\/"},"modified":"2026-09-04T06:53:06","modified_gmt":"2026-09-04T06:53:06","slug":"tunel-sitina-po-hromadnej-nehode-uzavreli-bratislava-hlasi-kolony","status":"publish","type":"post","link":"https:\/\/www.europesays.com\/sk\/170119\/","title":{"rendered":"Tunel Sitina po hromadnej nehode uzavreli, Bratislava hl\u00e1si kol\u00f3ny"},"content":{"rendered":"<p class=\"article-perex\" itemprop=\"description\" style=\"font-weight: bold; font-style: italic;\">&#13;<br \/>\n                                                            Po zr\u00e1\u017eke viacer\u00fdch vozidiel je tunel Sitina uzavret\u00fd. Zdr\u017eanie sa t\u00fdka aj pr\u00edjazdov\u00fdch tr\u00e1s a centra Bratislavy, vodi\u010di maj\u00fa \u00fasek ob\u00eds\u0165 cez Lama\u010d.                                                        <\/p>\n<p>Bratislavu a okolie v piatok r\u00e1no potr\u00e1pila v\u00e1\u017ena dopravn\u00e1 situ\u00e1cia. V tuneli <a href=\"https:\/\/www.bratislavak.sk\/temy\/sitina\" class=\"link-tag\" style=\"\" rel=\"nofollow noopener\" target=\"_blank\">Sitina<\/a> na dia\u013enici D2 smerom na Most Lanfranconi sa zrazilo viacero vozidiel.<\/p>\n<p>Tunel Sitina je pod\u013ea <a href=\"https:\/\/www.stellacentrum.sk\/dopravne-informacie\/aktualne-dopravne-informacie\/\" target=\"_blank\" rel=\"noopener nofollow\">Stella Centra<\/a> v smere do Mlynskej doliny uzatvoren\u00fd. \u0160of\u00e9ri by mali \u00fasek ob\u00eds\u0165 cez Lama\u010d.<\/p>\n<p><a href=\"https:\/\/www.bratislavak.sk\/temy\/meskanie-vlakov\" class=\"link-tag\" style=\"\" rel=\"nofollow noopener\" target=\"_blank\">Zdr\u017eanie<\/a> sa pod\u013ea aktu\u00e1lnych dopravn\u00fdch inform\u00e1ci\u00ed t\u00fdka aj viacer\u00fdch pr\u00edjazdov\u00fdch tr\u00e1s do Bratislavy. Cesta z D2 od Lozorna cez Stupavu do Lama\u010da trv\u00e1 pribli\u017ene 10 min\u00fat, rovnako ako trasy z D4 cez Stupavu a z Dunajskej Lu\u017enej cez Rovinku.<\/p>\n<p>Rovnako pribli\u017ene 10 min\u00fat treba po\u010d\u00edta\u0165 na trase <a href=\"https:\/\/www.bratislavak.sk\/temy\/dialnica-d1\" class=\"link-tag\" style=\"\" rel=\"nofollow noopener\" target=\"_blank\">D1<\/a> od Zlat\u00fdch pieskov po Pr\u00edstavn\u00fd most, na R7 smerom na Bajkalsk\u00fa \u010di zo Senca na D1. Trasa z Bernol\u00e1kova do Ivanky pri Dunaji m\u00f4\u017ee trva\u0165 do 15 min\u00fat a pribli\u017ene 15 min\u00fat hl\u00e1sia aj na Ra\u010dianskej smerom do centra.<\/p>\n","protected":false},"excerpt":{"rendered":"&#13; Po zr\u00e1\u017eke viacer\u00fdch vozidiel je tunel Sitina uzavret\u00fd. Zdr\u017eanie sa t\u00fdka aj pr\u00edjazdov\u00fdch tr\u00e1s a centra Bratislavy,&hellip;\n","protected":false},"author":2,"featured_media":170120,"comment_status":"","ping_status":"","sticky":false,"template":"","format":"standard","meta":{"footnotes":"","_share_on_mastodon":"0"},"categories":[21],"tags":[136,373,376,374,386,375,385,382,384,381,380,378,379,43,40,39,42,41,377,383],"class_list":["post-170119","post","type-post","status-publish","format-standard","has-post-thumbnail","category-bratislava","tag-bratislava","tag-doprava","tag-doprava-v-ziline","tag-doprava-zilina","tag-dopravny-servis-zilina","tag-hliadky-zilina","tag-kolona-strecno","tag-kolona-zilina","tag-nehoda-strecno","tag-nehoda-v-ziline","tag-nehoda-zilina","tag-obmedzenie-zilina","tag-policajne-hliadky-a-radary-zilina","tag-sk","tag-slovak","tag-slovakia","tag-slovencina","tag-slovensko","tag-uzavierka-zilina","tag-uzavreta-cesta-zilina"],"share_on_mastodon":{"url":"https:\/\/pubeurope.com\/@sk\/117211457589936135","error":""},"_links":{"self":[{"href":"https:\/\/www.europesays.com\/sk\/wp-json\/wp\/v2\/posts\/170119","targetHints":{"allow":["GET"]}}],"collection":[{"href":"https:\/\/www.europesays.com\/sk\/wp-json\/wp\/v2\/posts"}],"about":[{"href":"https:\/\/www.europesays.com\/sk\/wp-json\/wp\/v2\/types\/post"}],"author":[{"embeddable":true,"href":"https:\/\/www.europesays.com\/sk\/wp-json\/wp\/v2\/users\/2"}],"replies":[{"embeddable":true,"href":"https:\/\/www.europesays.com\/sk\/wp-json\/wp\/v2\/comments?post=170119"}],"version-history":[{"count":0,"href":"https:\/\/www.europesays.com\/sk\/wp-json\/wp\/v2\/posts\/170119\/revisions"}],"wp:featuredmedia":[{"embeddable":true,"href":"https:\/\/www.europesays.com\/sk\/wp-json\/wp\/v2\/media\/170120"}],"wp:attachment":[{"href":"https:\/\/www.europesays.com\/sk\/wp-json\/wp\/v2\/media?parent=170119"}],"wp:term":[{"taxonomy":"category","embeddable":true,"href":"https:\/\/www.europesays.com\/sk\/wp-json\/wp\/v2\/categories?post=170119"},{"taxonomy":"post_tag","embeddable":true,"href":"https:\/\/www.europesays.com\/sk\/wp-json\/wp\/v2\/tags?post=170119"}],"curies":[{"name":"wp","href":"https:\/\/api.w.org\/{rel}","templated":true}]}}