{"id":170123,"date":"2026-09-04T07:00:15","date_gmt":"2026-09-04T07:00:15","guid":{"rendered":"https:\/\/www.europesays.com\/sk\/170123\/"},"modified":"2026-09-04T07:00:15","modified_gmt":"2026-09-04T07:00:15","slug":"atletika-emma-zapletalova-v-tv-kedy-sa-postavi-na-start-2","status":"publish","type":"post","link":"https:\/\/www.europesays.com\/sk\/170123\/","title":{"rendered":"Atletika \/ Emma Zapletalov\u00e1 v TV. Kedy sa postav\u00ed na \u0161tart?"},"content":{"rendered":"<p>Emma Zapletalov\u00e1 m\u00e1 pred sebou \u010fal\u0161\u00ed ve\u013ek\u00fd cie\u013e. Po eur\u00f3pskom titule a piatich v\u00ed\u0165azstv\u00e1ch v Diamantovej lige zabojuje v Bruseli o trofej na 400 m prek\u00e1\u017eok. Hoci v Z\u00fcrichu pri\u0161la o v\u00ed\u0165azn\u00fa s\u00e9riu po zav\u00e1han\u00ed na predposlednej prek\u00e1\u017eke, do fin\u00e1le vstupuje ako svetov\u00e1 jednotka a s jasnou amb\u00edciou potvrdi\u0165 svoju v\u00fdnimo\u010dn\u00fa formu.<\/p>\n<p>Dokonal\u00fa s\u00e9riu slovenskej atl\u00e9tky prekazila a\u017e deviata prek\u00e1\u017eka vo fin\u00e1le v Z\u00fcrichu. Napriek strate v\u00ed\u0165azstva v\u0161ak dosahovala v\u00fdborn\u00e9 medzi\u010dasy a pod\u013ea v\u0161etk\u00e9ho mala na\u0161liapnut\u00e9 k prekonianiu osobn\u00e9ho a z\u00e1rove\u0148 n\u00e1rodn\u00e9ho rekordu.<\/p>\n<p>\u201ePo pretekoch ma to mrzelo, ale \u010do sa stalo, to sa stalo, ideme \u010falej. Zobrala som si z toho ponau\u010denie a ver\u00edm, \u017ee v \u010fal\u0161\u00edch pretekoch to zvl\u00e1dnem lep\u0161ie,\u201d komentovala Emma Zapletalov\u00e1 svoje zakopnutie v z\u00e1vere pretekov pre port\u00e1l <a target=\"_self\" class=\"editor-link\" href=\"https:\/\/www.atletika.sk\/emma-zapletalova-pred-bruselskym-finale-so-sancou-nahradit-femke-broedersovu-bolovu-aj-na-diamantovom-trone\/\" rel=\"nofollow noopener\">atletika.sk<\/a>.<\/p>\n<p><a class=\"news-item-image\" target=\"_self\" href=\"https:\/\/sport.aktuality.sk\/ostatne-sporty\/clanok\/emma-zapletalova-dnes-smolne-zakopnutie-zurichu-video-2026082718505188196\" rel=\"nofollow noopener\"><img alt=\"Diamantov\u00e1 liga: Zapletalov\u00e1 prv\u00fdkr\u00e1t v sez\u00f3ne nevyhrala. Pozrite si jej smoln\u00fd moment v Z\u00fcrichu\" src=\"data:image\/gif;base64,R0lGODlhAQABAIAAAAAAAP\/\/\/yH5BAEAAAAALAAAAAABAAEAAAIBRAA7\" decoding=\"async\" data-nimg=\"responsive\" class=\"side-article\" style=\"position:absolute;top:0;left:0;bottom:0;right:0;box-sizing:border-box;padding:0;border:none;margin:auto;display:block;width:0;height:0;min-width:100%;max-width:100%;min-height:100%;max-height:100%\"\/><img alt=\"Diamantov\u00e1 liga: Zapletalov\u00e1 prv\u00fdkr\u00e1t v sez\u00f3ne nevyhrala. Pozrite si jej smoln\u00fd moment v Z\u00fcrichu\" src=\"https:\/\/www.europesays.com\/sk\/wp-content\/uploads\/2026\/09\/b8f0ff40-c1ac-4a7f-91e2-f6f396f2e8f1.jpeg\" decoding=\"async\" data-nimg=\"responsive\" style=\"position:absolute;top:0;left:0;bottom:0;right:0;box-sizing:border-box;padding:0;border:none;margin:auto;display:block;width:0;height:0;min-width:100%;max-width:100%;min-height:100%;max-height:100%\" class=\"side-article\" loading=\"lazy\"\/><\/a><\/p>\n<p class=\"news-item-description\">Slovensk\u00e1 atl\u00e9tka Emma Zapletalov\u00e1 prv\u00fdkr\u00e1t v sez\u00f3ne nedok\u00e1zala zv\u00ed\u0165azi\u0165 na m\u00edtingu Diamantovej ligy v behu na 400 m prek. Na \u0161tvrtkovom podujat\u00ed v Z\u00fcrichu zakopla na predposlednej prek\u00e1\u017eke a dobehla \u0161iesta v \u010dase 54,07 s.<\/p>\n<p>Boj o diamantov\u00fa trofej<\/p>\n<p>Z\u00fcrich z\u00e1rove\u0148 priniesol zmenu na \u010dele tohtoro\u010dn\u00fdch tabuliek. Ameri\u010danka Anna Cockrellov\u00e1 sa v\u010faka \u010dasu 52,13 dostala pred Zapletalov\u00fa, ktor\u00e1 v\u0161ak zostala svetovou jednotkou v renkingu. Vedie o 40 bodov a na\u010falej m\u00e1 \u0161ancu z\u00edska\u0165 aj diamantov\u00fa trofej.<\/p>\n<p>V Bruseli ju \u010dak\u00e1 s\u00faboj s elitnou osmi\u010dkou finalistiek vr\u00e1tane Rushell Claytonovej, Anny Cockrellovej, Gianny Woodruffovej \u010di b\u00fdvalej olympijskej v\u00ed\u0165azky Dalilah Muhammadovej.<\/p>\n<p>\u0160pecifikom fin\u00e1le je, \u017ee body zo z\u00e1kladnej \u010dasti sa ma\u017e\u00fa a v\u0161etky finalistky \u0161tartuj\u00fa prakticky od nuly. V\u00ed\u0165azka z\u00edska trofej aj pr\u00e9miu 30-tis\u00edc dol\u00e1rov. Ak sa Emme Zapletalovej padar\u00ed zv\u00ed\u0165azi\u0165, stane sa len siedmou premiantkou 400 m prek\u00e1\u017eok v hist\u00f3rii Diamantovej ligy.<\/p>\n<p><a class=\"news-item-image\" target=\"_self\" href=\"https:\/\/sport.aktuality.sk\/ostatne-sporty\/clanok\/emma-zapletalova-diamantova-liga-brusel-400m-prekazky-2026090310181330755\" rel=\"nofollow noopener\"><img alt=\"Po nehode v Z\u00fcrichu t\u00fa\u017ei po odvete. Emma Zapletalov\u00e1 ide v Bruseli zabojova\u0165 o svetov\u00fd tr\u00f3n\" src=\"data:image\/gif;base64,R0lGODlhAQABAIAAAAAAAP\/\/\/yH5BAEAAAAALAAAAAABAAEAAAIBRAA7\" decoding=\"async\" data-nimg=\"responsive\" class=\"side-article\" style=\"position:absolute;top:0;left:0;bottom:0;right:0;box-sizing:border-box;padding:0;border:none;margin:auto;display:block;width:0;height:0;min-width:100%;max-width:100%;min-height:100%;max-height:100%\"\/><img alt=\"Po nehode v Z\u00fcrichu t\u00fa\u017ei po odvete. Emma Zapletalov\u00e1 ide v Bruseli zabojova\u0165 o svetov\u00fd tr\u00f3n\" src=\"https:\/\/www.europesays.com\/sk\/wp-content\/uploads\/2026\/09\/1788505215_390_5c8286ec-8bb6-4c9a-a0a6-cfa51a1f4dc0.jpg\" decoding=\"async\" data-nimg=\"responsive\" style=\"position:absolute;top:0;left:0;bottom:0;right:0;box-sizing:border-box;padding:0;border:none;margin:auto;display:block;width:0;height:0;min-width:100%;max-width:100%;min-height:100%;max-height:100%\" class=\"side-article\" loading=\"lazy\"\/><\/a><\/p>\n<p class=\"news-item-description\">Slovensk\u00e1 atl\u00e9tka Emma Zapletalov\u00e1 m\u00e1 po zisku titulu majsterky Eur\u00f3py v behu na 400 m prek. pred sebou \u010fal\u0161\u00ed v\u00fdznamn\u00fd cie\u013e. Pok\u00fasi sa sta\u0165 historicky prvou slovenskou v\u00ed\u0165azkou Diamantovej ligy (DL).<\/p>\n<p>Pred fin\u00e1le je v skvelej forme<\/p>\n<p>Hoci Slovenka patr\u00ed medzi najvy\u0165a\u017eenej\u0161ie finalistky, napriek n\u00e1ro\u010dn\u00e9mu programu sa pod\u013ea vlastn\u00fdch slov c\u00edti dobre. Pred fin\u00e1le absolvovala tr\u00e9ningov\u00fd blok v Belgicku a rie\u0161i aj taktick\u00fa ot\u00e1zku, \u010di zvol\u00ed rytmus medzi prek\u00e1\u017ekami na 14 alebo 15 krokov.<\/p>\n<p>\u201eTr\u00e9ner ma v\u00fdborne pripravil na cel\u00fa sez\u00f3nu. C\u00edtim sa v\u00fdborne. V\u00f4bec nem\u00e1m dojem, \u017ee by som toho u\u017e mala dos\u0165. Vo fin\u00e1le bude d\u00f4le\u017eit\u00e9 spojenie viacer\u00fdch faktorov. Ka\u017ed\u00fd \u00faspech si vy\u017eaduje stopercentn\u00fa fyzick\u00fa aj psychick\u00fa pr\u00edpravu,\u201d uviedla 26-ro\u010dn\u00e1 \u0161portovky\u0148a pod\u013ea port\u00e1lu <a target=\"_self\" class=\"editor-link\" href=\"https:\/\/www.atletika.sk\/emma-zapletalova-pred-bruselskym-finale-so-sancou-nahradit-femke-broedersovu-bolovu-aj-na-diamantovom-trone\/\" rel=\"nofollow noopener\">atletika.sk<\/a>.<\/p>\n<p>Priamy prenos z Bruselu vysiela dnes od 20.00 h JOJ \u0160port 2. \u0160tart 400 m prek\u00e1\u017eok \u017eien je napl\u00e1novan\u00fd na 20.04 h.<\/p>\n<p>Bruselsk\u00fdm fin\u00e1le sa v\u0161ak Zapletalovej sez\u00f3na nekon\u010d\u00ed. \u010cak\u00e1 ju e\u0161te \u0161tart na podujat\u00ed WA Ultimate Championship v Budape\u0161ti (11. \u2013 13. septembra), kde bude pri absencii Sydney McLaughlinovej-Levroneovej a Femke Bolovej nasadenou jednotkou v konkurencii 17 z\u00fa\u010dastnen\u00fdch atl\u00e9tok.<\/p>\n","protected":false},"excerpt":{"rendered":"Emma Zapletalov\u00e1 m\u00e1 pred sebou \u010fal\u0161\u00ed ve\u013ek\u00fd cie\u013e. Po eur\u00f3pskom titule a piatich v\u00ed\u0165azstv\u00e1ch v Diamantovej lige zabojuje&hellip;\n","protected":false},"author":2,"featured_media":170124,"comment_status":"","ping_status":"","sticky":false,"template":"","format":"standard","meta":{"footnotes":"","_share_on_mastodon":"0"},"categories":[13],"tags":[550,30895,552,43,40,39,42,41,69,68],"class_list":["post-170123","post","type-post","status-publish","format-standard","has-post-thumbnail","category-sport","tag-atletika","tag-diamantova-liga","tag-emma-zapletalova","tag-sk","tag-slovak","tag-slovakia","tag-slovencina","tag-slovensko","tag-sport","tag-sports"],"share_on_mastodon":{"url":"https:\/\/pubeurope.com\/@sk\/117211485078972169","error":""},"_links":{"self":[{"href":"https:\/\/www.europesays.com\/sk\/wp-json\/wp\/v2\/posts\/170123","targetHints":{"allow":["GET"]}}],"collection":[{"href":"https:\/\/www.europesays.com\/sk\/wp-json\/wp\/v2\/posts"}],"about":[{"href":"https:\/\/www.europesays.com\/sk\/wp-json\/wp\/v2\/types\/post"}],"author":[{"embeddable":true,"href":"https:\/\/www.europesays.com\/sk\/wp-json\/wp\/v2\/users\/2"}],"replies":[{"embeddable":true,"href":"https:\/\/www.europesays.com\/sk\/wp-json\/wp\/v2\/comments?post=170123"}],"version-history":[{"count":0,"href":"https:\/\/www.europesays.com\/sk\/wp-json\/wp\/v2\/posts\/170123\/revisions"}],"wp:featuredmedia":[{"embeddable":true,"href":"https:\/\/www.europesays.com\/sk\/wp-json\/wp\/v2\/media\/170124"}],"wp:attachment":[{"href":"https:\/\/www.europesays.com\/sk\/wp-json\/wp\/v2\/media?parent=170123"}],"wp:term":[{"taxonomy":"category","embeddable":true,"href":"https:\/\/www.europesays.com\/sk\/wp-json\/wp\/v2\/categories?post=170123"},{"taxonomy":"post_tag","embeddable":true,"href":"https:\/\/www.europesays.com\/sk\/wp-json\/wp\/v2\/tags?post=170123"}],"curies":[{"name":"wp","href":"https:\/\/api.w.org\/{rel}","templated":true}]}}