{"id":170137,"date":"2026-09-04T07:18:12","date_gmt":"2026-09-04T07:18:12","guid":{"rendered":"https:\/\/www.europesays.com\/sk\/170137\/"},"modified":"2026-09-04T07:18:12","modified_gmt":"2026-09-04T07:18:12","slug":"farmar-straca-trpezlivost-selmy-mu-plasia-stado-hovori-o-nezvestnych-kravach-a-zozratych-telatach-regiony-spravy","status":"publish","type":"post","link":"https:\/\/www.europesays.com\/sk\/170137\/","title":{"rendered":"Farm\u00e1r str\u00e1ca trpezlivos\u0165, \u0161elmy mu pla\u0161ia st\u00e1do. Hovor\u00ed o nezvestn\u00fdch krav\u00e1ch a zo\u017erat\u00fdch te\u013eat\u00e1ch &#8211; Regi\u00f3ny &#8211; Spr\u00e1vy"},"content":{"rendered":"<p>Video<br \/>\nMedve\u010f, ktor\u00e9ho zachytil farm\u00e1r<\/p>\n<p>\nZdroj:<br \/>\nPeter Badiar<br \/>\nFarma Turov\u00e1\n<\/p>\n<p>Farma Turov\u00e1 v Bud\u010di pri Zvolene, kde sa venuj\u00fa chovu hov\u00e4dzieho dobytka, existuje u\u017e dve dek\u00e1dy. Jej majite\u013e Peter Badiar sa v ostatn\u00fdch \u0161iestich rokoch mus\u00ed pasova\u0165 s probl\u00e9mom, ktor\u00fd je ve\u013ekou sk\u00fa\u0161kou jeho trpezlivosti. Pat\u00e1lie mu sp\u00f4sobuj\u00fa medvede, ktor\u00e9 ho pravidelne nav\u0161tevuj\u00fa.<\/p>\n<p>Najnov\u0161ie zverejnil z\u00e1bery nato\u010den\u00e9 sedemsto metrov od intravil\u00e1nu po\u010das pr\u00edprav opl\u00f4tkov pre jeho dobytok. Spresnil, \u017ee nasn\u00edman\u00e9 to bolo kr\u00e1tko pred \u0161estn\u00e1stou hodinou a n\u00e1sledne o \u010fal\u0161\u00edch dvadsa\u0165 min\u00fat nesk\u00f4r. \u201eAni nemus\u00edte \u010daka\u0165 do ve\u010dera, ako v\u00e1m tvrdia. S\u00e1m sa v\u00e1m pr\u00edde uk\u00e1za\u0165 na l\u00faku,\u201c hovor\u00ed o ne\u010faleko pobehuj\u00facom medve\u010fovi.<\/p>\n<p><img decoding=\"async\" loading=\"lazy\" src=\"https:\/\/www.europesays.com\/sk\/wp-content\/uploads\/2026\/09\/1788506290_410_w.jpeg\" alt=\"Medve\u010f pri Farme Turov\u00e1.\"\/><\/p>\n<p>Foto:<br \/>\nKatka Kiss<\/p>\n<p>Medve\u010f pri Farme Turov\u00e1.<\/p>\n<p>Frustruj\u00faca situ\u00e1cia<\/p>\n<p>Majite\u013e pokra\u010doval, \u017ee ke\u010f do jeho st\u00e1da vtrhne medve\u010f, v panike sa v\u0161etk\u00fdmi smermi rozp\u0155chne tak, \u017ee svoje zvierat\u00e1 nevie n\u00e1js\u0165. H\u013ead\u00e1 ich cel\u00e9 hodiny, no nie v\u017edy ich d\u00e1 op\u00e4\u0165 kompletne dokopy. \u201eJedno st\u00e1do tvor\u00ed v priemere p\u00e4\u0165desiat kusov \u2013 vr\u00e1tane kr\u00e1v a teliat. Potom maj\u00fa strach vr\u00e1ti\u0165 sa na miesto, kde za\u017eili stret so \u0161elmou. Je naozaj ve\u013emi \u0165a\u017ek\u00e9 da\u0165 ich znova dokopy, trv\u00e1 mi to dva alebo tri dni,\u201c pribl\u00ed\u017eil. Je to pod\u013ea neho ve\u013emi individu\u00e1lne. \u201eZ\u00e1le\u017e\u00ed od toho, ako a kde presne sa to stane. Samozrejme, pr\u00edroda tu nie je \u017eiadna rovina \u2013 s\u00fa tu rokliny aj prudk\u00e9 svahy,\u201c zd\u00f4raznil.<\/p>\n<p>P\u00e1rkr\u00e1t sa u\u017e stalo, \u017ee nejak\u00e1 krava sa nikdy nevr\u00e1tila. \u201eNapr\u00edklad po pol roku n\u00e1jdem m\u0155tve zviera. Zatia\u013e to \u010d\u00edslo nie je a\u017e tak\u00e9 vysok\u00e9, no jedna krava m\u00e1 v s\u00fa\u010dasnosti hodnotu zhruba 2-tis\u00edc eur. To znamen\u00e1, \u017ee u\u017e strata jednej je pre m\u0148a obrovskou \u0161kodou,\u201c pokra\u010doval Badiar. \u201eTak\u00fdmto \u0161t\u00fdlom som pri\u0161iel mo\u017eno o dva dospel\u00e9 kusy, no ke\u010f\u017ee \u0161elma si prirodzene vyber\u00e1 najzranite\u013enej\u0161ieho jedinca, obe\u0165ami s\u00fa neraz \u010derstvo naroden\u00e9 alebo pomaly rast\u00face te\u013eat\u00e1,\u201c tvrd\u00ed. O tak\u00e9to kusy pri\u0161iel viackr\u00e1t.<\/p>\n<p>\u201eRodia sa celoro\u010dne, aj priamo na pa\u0161i. Ja u\u017e len n\u00e1jdem kravu, ktor\u00e1 vykazuje stopy p\u00f4rodu &#8211; krvav\u00e9 miesto, naliate vemeno a l\u00f4\u017eko. Vtedy je ist\u00e9, \u017ee mala mlad\u00e9, no my to te\u013ea jednoducho nen\u00e1jdeme,\u201c kon\u0161tatoval. Ned\u00e1vno ho v\u0161ak k roztrhan\u00fdm pozostatkom jedn\u00e9ho z nich priviedla pr\u00e1ve matka takejto obete. Bol to nepekn\u00fd poh\u013ead, ktor\u00fd m\u00e1 tie\u017e zaznamenan\u00fd na videu.<\/p>\n<p>Z celej situ\u00e1cie je u\u017e dos\u0165 z\u00fafal\u00fd, lebo nielen\u017ee mu medvede sp\u00f4sobuj\u00fa spom\u00ednan\u00e9 \u0161kody, ale k\u00fdm d\u00e1 st\u00e1do dokopy, stoj\u00ed ho to ve\u013ea \u010dasu, s\u00edl a energie. \u201eT\u00e1 situ\u00e1cia je najm\u00e4 frustruj\u00faca. Nejde len o ekonomick\u00fa stratu, no kladiem si tie\u017e ot\u00e1zku, \u010di by som sa nemal venova\u0165 nie\u010domu in\u00e9mu,\u201c poznamenal.<\/p>\n<p>Rie\u0161en\u00edm by pod\u013ea neho bolo, keby protistrana, ktor\u00e1 bojuje za to, aby nedoch\u00e1dzalo k elimin\u00e1cii \u0161eliem, zodpovedala dve ot\u00e1zky. \u201eKonkr\u00e9tne na\u010do s\u00fa n\u00e1m medvede a ak maj\u00fa nejak\u00fa funkciu, nech povedia, ko\u013eko ich potrebujeme na jej splnenie. Viem si predstavi\u0165, \u017ee maj\u00fa mo\u017eno nejak\u00fa zoosanit\u00e1rnu funkciu, strh\u00e1vaj\u00fa slab\u0161ie jedince, po\u017eieraj\u00fa mrciny a podobne. Moment\u00e1lne ale ur\u010dite nejde o ohrozen\u00fd druh,\u201c mieni.<\/p>\n<p>V tomto momente by pod\u013ea neho mala tieto ot\u00e1zky polo\u017ei\u0165 u\u017e aj Gener\u00e1lna prokurat\u00fara. \u201eA op\u00fdta\u0165 sa, \u010di po\u010det medve\u010fov je adekv\u00e1tny k tomu, ak\u00e9 sp\u00f4sobuj\u00fa \u0161kody, nepr\u00edjemn\u00e9 situ\u00e1cie a ohrozenie \u013eud\u00ed. U\u017e to nie je sranda,\u201c podotkol. Je presved\u010den\u00fd, \u017ee v nejakom momente to bude treba regulova\u0165.<\/p>\n<p><img decoding=\"async\" loading=\"lazy\" src=\"https:\/\/www.europesays.com\/sk\/wp-content\/uploads\/2026\/09\/1788506291_254_w.jpeg\" alt=\"V bl\u00edzkosti dobytka sa vraj \u0161elma (v pozad\u00ed) objavuje \u010dasto. \"\/><\/p>\n<p>Foto:<br \/>\nKatka Kiss<\/p>\n<p>V bl\u00edzkosti dobytka sa vraj \u0161elma (v pozad\u00ed) objavuje \u010dasto. <\/p>\n<p>Desiatky v okol\u00ed<\/p>\n<p>Farm\u00e1r pokra\u010doval, \u017ee napr\u00edklad vlani sa v okol\u00ed vyskytovalo pribli\u017ene dvadsa\u0165 chlp\u00e1\u010dov. Pri\u0161iel na to jednoduch\u00fdm vzorcom. \u201ePod\u013ea neofici\u00e1lnych inform\u00e1ci\u00ed malo minul\u00fd rok miestne po\u013eovn\u00edcke zdru\u017eenie povolenie zastreli\u0165 p\u00e4\u0165 medve\u010fov. Pohybovalo sa tu ale e\u0161te minim\u00e1lne osem \u010fal\u0161\u00edch. No a plus r\u00e1tam tie, ktor\u00e9 boli zrazen\u00e9 autami,\u201c objasnil.<\/p>\n<p>Pod\u010diarkol, \u017ee pla\u0161i\u0165 \u010di vytla\u010di\u0165 medve\u010fa nem\u00e1 zmysel. \u201eTo m\u00f4\u017eem len do priestorov, kde e\u0161te \u017eiadne nie s\u00fa. Potom prirodzene prich\u00e1dzame k tomu, \u017ee e\u0161te sa nenach\u00e1dzaj\u00fa v Bratislave. Takto potom vznik\u00e1 nap\u00e4tie medzi mestom a vidiekom. In\u00e9 rie\u0161enie ako re\u00e1lny mana\u017ement ich stavu ale neexistuje. Bude musie\u0165 nasta\u0165 to, \u017ee tie zvierat\u00e1 sa bud\u00fa usmrcova\u0165,\u201c povedal.<\/p>\n<p>Pravidelne vraj kontaktuje Z\u00e1sahov\u00fd t\u00edm pre medve\u010fa hned\u00e9ho. \u201eS\u00fa to rozumn\u00ed chlapi, ktor\u00ed vedia, \u017ee je toho ve\u013ea. Nikdy nevyslovia nezmysel, \u017ee ide o bylino\u017eravca. Na \u00faradn\u00edkov s\u00fa v\u0161ak tlaky, ktor\u00e9 im znemo\u017e\u0148uj\u00fa robi\u0165 norm\u00e1lnu robotu. Chodia to teda len monitorova\u0165. No a umiestnili tu fotopascu,\u201c dodal.<\/p>\n<p>O vyjadrenie sme \u017eiadali aj medi\u00e1lne oddelenie \u0160t\u00e1tnej ochrany pr\u00edrody, do na\u0161ej uz\u00e1vierky sme ale odpove\u010f nedostali.<\/p>\n<p>\u00a9 Autorsk\u00e9 pr\u00e1va vyhraden\u00e9<\/p>\n<p><a href=\"https:\/\/debata.pravda.sk\/debata\/2035339-farmar-straca-trpezlivost-selmy-mu-plasia-stado-hovori-o-nezvestnych-kravach-a-zozratych-telatach\/\" class=\"detail_text_socials_item debata debata-count-decorator\" data-count=\"5\" rel=\"nofollow noopener\" target=\"_blank\"><\/p>\n<p>debata<\/p>\n<p><\/a><\/p>\n<p><a href=\"https:\/\/www.pravda.sk\/mreporter\" class=\"detail_text_socials_item hide\" id=\"mreporter-button\" rel=\"nofollow noopener\" target=\"_blank\"><\/p>\n<p>mReport\u00e9r<\/p>\n<p><\/a><\/p>\n<p><img decoding=\"async\" src=\"https:\/\/ipravda.sk\/res\/www\/sorry.svg\" alt=\"\u013dutujeme\" height=\"75\"\/><\/p>\n<p>V\u00e1\u017een\u00ed \u010ditatelia, pod t\u00fdmto \u010dl\u00e1nkom sme diskusiu zastavili<\/p>\n<p>\nPrevl\u00e1dali v nej pr\u00edspevky, ktor\u00e9 boli v rozpore s pravidlami debaty aj dobr\u00fdmi mravmi. Cel\u00fa debatu sme<br \/>\nvymazali, autorom v\u0161etk\u00fdch slu\u0161n\u00fdch pr\u00edspevkov sa ospravedl\u0148ujeme.\n<\/p>\n<p>\n\u010eakujeme za pochopenie a te\u0161\u00edme sa na slu\u0161n\u00e9 debaty pod in\u00fdmi \u010dl\u00e1nkami.\n<\/p>\n<p>Rozumiem<\/p>\n","protected":false},"excerpt":{"rendered":"Video Medve\u010f, ktor\u00e9ho zachytil farm\u00e1r Zdroj: Peter Badiar Farma Turov\u00e1 Farma Turov\u00e1 v Bud\u010di pri Zvolene, kde sa&hellip;\n","protected":false},"author":2,"featured_media":170138,"comment_status":"","ping_status":"","sticky":false,"template":"","format":"standard","meta":{"footnotes":"","_share_on_mastodon":"0"},"categories":[6],"tags":[43,40,44,39,42,45,41],"class_list":["post-170137","post","type-post","status-publish","format-standard","has-post-thumbnail","category-slovensko","tag-sk","tag-slovak","tag-slovak-republic","tag-slovakia","tag-slovencina","tag-slovenska-republika","tag-slovensko"],"share_on_mastodon":{"url":"https:\/\/pubeurope.com\/@sk\/117211555689303751","error":""},"_links":{"self":[{"href":"https:\/\/www.europesays.com\/sk\/wp-json\/wp\/v2\/posts\/170137","targetHints":{"allow":["GET"]}}],"collection":[{"href":"https:\/\/www.europesays.com\/sk\/wp-json\/wp\/v2\/posts"}],"about":[{"href":"https:\/\/www.europesays.com\/sk\/wp-json\/wp\/v2\/types\/post"}],"author":[{"embeddable":true,"href":"https:\/\/www.europesays.com\/sk\/wp-json\/wp\/v2\/users\/2"}],"replies":[{"embeddable":true,"href":"https:\/\/www.europesays.com\/sk\/wp-json\/wp\/v2\/comments?post=170137"}],"version-history":[{"count":0,"href":"https:\/\/www.europesays.com\/sk\/wp-json\/wp\/v2\/posts\/170137\/revisions"}],"wp:featuredmedia":[{"embeddable":true,"href":"https:\/\/www.europesays.com\/sk\/wp-json\/wp\/v2\/media\/170138"}],"wp:attachment":[{"href":"https:\/\/www.europesays.com\/sk\/wp-json\/wp\/v2\/media?parent=170137"}],"wp:term":[{"taxonomy":"category","embeddable":true,"href":"https:\/\/www.europesays.com\/sk\/wp-json\/wp\/v2\/categories?post=170137"},{"taxonomy":"post_tag","embeddable":true,"href":"https:\/\/www.europesays.com\/sk\/wp-json\/wp\/v2\/tags?post=170137"}],"curies":[{"name":"wp","href":"https:\/\/api.w.org\/{rel}","templated":true}]}}