{"id":170141,"date":"2026-09-04T07:21:11","date_gmt":"2026-09-04T07:21:11","guid":{"rendered":"https:\/\/www.europesays.com\/sk\/170141\/"},"modified":"2026-09-04T07:21:11","modified_gmt":"2026-09-04T07:21:11","slug":"aktualne-nehoda-viacerych-aut-na-d2-pred-tunelom-sitina-premavka-v-smere-do-mesta-je-obmedzena","status":"publish","type":"post","link":"https:\/\/www.europesays.com\/sk\/170141\/","title":{"rendered":"Aktu\u00e1lne: Nehoda viacer\u00fdch \u00e1ut na D2 pred tunelom Sitina, prem\u00e1vka v smere do mesta je obmedzen\u00e1"},"content":{"rendered":"<p>\t\t\t\t\t\t\t<img decoding=\"async\" src=\"https:\/\/www.europesays.com\/sk\/wp-content\/uploads\/2026\/09\/regiony-aktualne.jpg\" alt=\"Zdroj: Regiony.sk\" style=\"aspect-ratio: 1.33;object-fit: cover; display:inline; width: 100%;\" fetchpriority=\"high\"\/><\/p>\n<p>\n\t\t\t\t\t\t\t\t\t\t\taktualizovan\u00e9\n\t\t\t\t\t\t\t\t\t<\/p>\n<p>\t\t\t\t\tZdroj: Regiony.sk<\/p>\n<p>\t\t<img decoding=\"async\" src=\"https:\/\/www.europesays.com\/sk\/wp-content\/uploads\/2026\/09\/1788506471_579_author-default.jpg\" aria-label=\"Autor\"\/><\/p>\n<p>Na bratislavskom \u00faseku dia\u013enice D2 pred tunelom Sitina v smere na most Lanfranconi sa stala nehoda viacer\u00fdch \u00e1ut. Na soci\u00e1lnej sieti o tom informovala Zelen\u00e1 vlna STVR.<\/p>\n<p>Tunel Sitina je v smere k mostu Lanfranconi pre dve \u0161kodov\u00e9 udalosti uzavret\u00fd. Pol\u00edcia na mieste aktu\u00e1lne vykon\u00e1va potrebn\u00e9 \u00fakony. Informovala o tom na soci\u00e1lnej sieti. \u201eVodi\u010dov vyz\u00fdvame, aby na prejazd vyu\u017eili alternat\u00edvnu trasu, zv\u00fd\u0161ili svoju opatrnos\u0165 a pozornos\u0165 a riadili sa pokynmi pol\u00edcie,\u201c nap\u00edsali policajti.<\/p>\n<p class=\"tags\">Viac o t\u00e9me: <a href=\"https:\/\/regiony.zoznam.sk\/tag\/bratislava\/\" rel=\"nofollow noopener\" target=\"_blank\">Bratislava<\/a>, <a href=\"https:\/\/regiony.zoznam.sk\/tag\/d2\/\" rel=\"nofollow noopener\" target=\"_blank\">D2<\/a>, <a href=\"https:\/\/regiony.zoznam.sk\/tag\/dopravne-obmedzenie\/\" rel=\"nofollow noopener\" target=\"_blank\">dopravn\u00e9 obmedzenie<\/a>, <a href=\"https:\/\/regiony.zoznam.sk\/tag\/nehoda\/\" rel=\"nofollow noopener\" target=\"_blank\">nehoda<\/a>, <a href=\"https:\/\/regiony.zoznam.sk\/tag\/tunel-sitina\/\" rel=\"nofollow noopener\" target=\"_blank\">tunel Sitina<\/a><\/p>\n<p>\t\tKoment\u00e1re k \u010dl\u00e1nku<\/p>\n<p>Moment\u00e1lne nie je pridan\u00fd \u017eiadny koment\u00e1r<\/p>\n","protected":false},"excerpt":{"rendered":"aktualizovan\u00e9 Zdroj: Regiony.sk Na bratislavskom \u00faseku dia\u013enice D2 pred tunelom Sitina v smere na most Lanfranconi sa stala&hellip;\n","protected":false},"author":2,"featured_media":170142,"comment_status":"","ping_status":"","sticky":false,"template":"","format":"standard","meta":{"footnotes":"","_share_on_mastodon":"0"},"categories":[21],"tags":[136,1683,2634,535,43,40,39,42,41,2028],"class_list":["post-170141","post","type-post","status-publish","format-standard","has-post-thumbnail","category-bratislava","tag-bratislava","tag-d2","tag-dopravne-obmedzenie","tag-nehoda","tag-sk","tag-slovak","tag-slovakia","tag-slovencina","tag-slovensko","tag-tunel-sitina"],"share_on_mastodon":{"url":"https:\/\/pubeurope.com\/@sk\/117211567677731102","error":""},"_links":{"self":[{"href":"https:\/\/www.europesays.com\/sk\/wp-json\/wp\/v2\/posts\/170141","targetHints":{"allow":["GET"]}}],"collection":[{"href":"https:\/\/www.europesays.com\/sk\/wp-json\/wp\/v2\/posts"}],"about":[{"href":"https:\/\/www.europesays.com\/sk\/wp-json\/wp\/v2\/types\/post"}],"author":[{"embeddable":true,"href":"https:\/\/www.europesays.com\/sk\/wp-json\/wp\/v2\/users\/2"}],"replies":[{"embeddable":true,"href":"https:\/\/www.europesays.com\/sk\/wp-json\/wp\/v2\/comments?post=170141"}],"version-history":[{"count":0,"href":"https:\/\/www.europesays.com\/sk\/wp-json\/wp\/v2\/posts\/170141\/revisions"}],"wp:featuredmedia":[{"embeddable":true,"href":"https:\/\/www.europesays.com\/sk\/wp-json\/wp\/v2\/media\/170142"}],"wp:attachment":[{"href":"https:\/\/www.europesays.com\/sk\/wp-json\/wp\/v2\/media?parent=170141"}],"wp:term":[{"taxonomy":"category","embeddable":true,"href":"https:\/\/www.europesays.com\/sk\/wp-json\/wp\/v2\/categories?post=170141"},{"taxonomy":"post_tag","embeddable":true,"href":"https:\/\/www.europesays.com\/sk\/wp-json\/wp\/v2\/tags?post=170141"}],"curies":[{"name":"wp","href":"https:\/\/api.w.org\/{rel}","templated":true}]}}