{"id":170149,"date":"2026-09-04T07:32:09","date_gmt":"2026-09-04T07:32:09","guid":{"rendered":"https:\/\/www.europesays.com\/sk\/170149\/"},"modified":"2026-09-04T07:32:09","modified_gmt":"2026-09-04T07:32:09","slug":"aktualne-tunel-sitina-je-uzavrety-zrazilo-sa-viacero-aut-v-bratislave-sa-tvoria-rozsiahle-kolony","status":"publish","type":"post","link":"https:\/\/www.europesays.com\/sk\/170149\/","title":{"rendered":"AKTU\u00c1LNE Tunel Sitina je uzavret\u00fd: Zrazilo sa viacero \u00e1ut, v Bratislave sa tvoria rozsiahle kol\u00f3ny"},"content":{"rendered":"<p>BRATISLAVA &#8211; Na bratislavskom \u00faseku dia\u013enice D2 pred tunelom Sitina v smere na most Lanfranconi sa stala nehoda viacer\u00fdch \u00e1ut. Na soci\u00e1lnej sieti o tom informovala Zelen\u00e1 vlna STVR.<\/p>\n<p>Aktualizovan\u00e9 9:22\u00a0Pre uzavret\u00fd dia\u013eni\u010dn\u00fd tunel Sitina v smere k mostu Lanfranconi sa v Bratislave tvoria rozsiahle kol\u00f3ny. Na obch\u00e1dzkovej trase cez Lama\u010d stratia vodi\u010di 40 min\u00fat. Na 20-min\u00fatov\u00e9 me\u0161kanie by sa mali pripravi\u0165 na obch\u00e1dzke cez D\u00fabravku a Karlovu Ves. Vo vysielan\u00ed Slovensk\u00e9ho rozhlasu o tom informovala Zelen\u00e1 vlna STVR.\u00a0Tunel na dia\u013enici D2 je v smere z \u010ceska do Bratislavy uzavret\u00fd pre viacer\u00e9 dopravn\u00e9 nehody. Situ\u00e1ciu na mieste rie\u0161i pol\u00edcia. Na soci\u00e1lnej sieti informovala, \u017ee dopravu v tomto smere odkl\u00e1\u0148a na zjazd Patr\u00f3nka. Vodi\u010dov \u017eiada, aby sa riadili jej pokynmi.<\/p>\n<p>Ako dopravn\u00fd servis dodal, prejazdn\u00fd je len jeden jazdn\u00fd pruh.<\/p>\n<p>Bratislavsk\u00fd tunel Sitina v Bratislave je v smere k mostu Lanfranconi pre dve \u0161kodov\u00e9 udalosti uzavret\u00fd. Pol\u00edcia na mieste aktu\u00e1lne vykon\u00e1va potrebn\u00e9 \u00fakony. Informovala o tom na soci\u00e1lnej sieti \u201eVodi\u010dov vyz\u00fdvame, aby na prejazd vyu\u017eili alternat\u00edvnu trasu, zv\u00fd\u0161ili svoju opatrnos\u0165 a pozornos\u0165 a riadili sa pokynmi pol\u00edcie,\u201c nap\u00edsali policajti.\u00a0<\/p>\n<p>\u00a0<\/p>\n","protected":false},"excerpt":{"rendered":"BRATISLAVA &#8211; Na bratislavskom \u00faseku dia\u013enice D2 pred tunelom Sitina v smere na most Lanfranconi sa stala nehoda&hellip;\n","protected":false},"author":2,"featured_media":170150,"comment_status":"","ping_status":"","sticky":false,"template":"","format":"standard","meta":{"footnotes":"","_share_on_mastodon":"0"},"categories":[6],"tags":[2150,535,10523,43,40,44,39,42,45,41,22757],"class_list":["post-170149","post","type-post","status-publish","format-standard","has-post-thumbnail","category-slovensko","tag-dialnica","tag-nehoda","tag-sitina","tag-sk","tag-slovak","tag-slovak-republic","tag-slovakia","tag-slovencina","tag-slovenska-republika","tag-slovensko","tag-tunel"],"share_on_mastodon":{"url":"https:\/\/pubeurope.com\/@sk\/117211610614489868","error":""},"_links":{"self":[{"href":"https:\/\/www.europesays.com\/sk\/wp-json\/wp\/v2\/posts\/170149","targetHints":{"allow":["GET"]}}],"collection":[{"href":"https:\/\/www.europesays.com\/sk\/wp-json\/wp\/v2\/posts"}],"about":[{"href":"https:\/\/www.europesays.com\/sk\/wp-json\/wp\/v2\/types\/post"}],"author":[{"embeddable":true,"href":"https:\/\/www.europesays.com\/sk\/wp-json\/wp\/v2\/users\/2"}],"replies":[{"embeddable":true,"href":"https:\/\/www.europesays.com\/sk\/wp-json\/wp\/v2\/comments?post=170149"}],"version-history":[{"count":0,"href":"https:\/\/www.europesays.com\/sk\/wp-json\/wp\/v2\/posts\/170149\/revisions"}],"wp:featuredmedia":[{"embeddable":true,"href":"https:\/\/www.europesays.com\/sk\/wp-json\/wp\/v2\/media\/170150"}],"wp:attachment":[{"href":"https:\/\/www.europesays.com\/sk\/wp-json\/wp\/v2\/media?parent=170149"}],"wp:term":[{"taxonomy":"category","embeddable":true,"href":"https:\/\/www.europesays.com\/sk\/wp-json\/wp\/v2\/categories?post=170149"},{"taxonomy":"post_tag","embeddable":true,"href":"https:\/\/www.europesays.com\/sk\/wp-json\/wp\/v2\/tags?post=170149"}],"curies":[{"name":"wp","href":"https:\/\/api.w.org\/{rel}","templated":true}]}}