{"id":170153,"date":"2026-09-04T07:35:08","date_gmt":"2026-09-04T07:35:08","guid":{"rendered":"https:\/\/www.europesays.com\/sk\/170153\/"},"modified":"2026-09-04T07:35:08","modified_gmt":"2026-09-04T07:35:08","slug":"tunel-sitina-v-bratislave-uzavreli-v-smere-do-mesta-sa-tvoria-kolony","status":"publish","type":"post","link":"https:\/\/www.europesays.com\/sk\/170153\/","title":{"rendered":"Tunel Sitina v Bratislave uzavreli. V smere do mesta sa tvoria kol\u00f3ny"},"content":{"rendered":"<p>Bratislavsk\u00ed dopravn\u00ed policajti upozor\u0148uj\u00fa vodi\u010dov na aktu\u00e1lnu situ\u00e1ciu v tuneli Sitina. Ten je v smere <a href=\"https:\/\/www.noviny.sk\/zahranicie\/1249964-podla-babisa-ma-cesko-problem-s-navykovymi-latkami-vysledky-kontrol-su-desive\" target=\"_blank\" rel=\"nofollow noopener\">z \u010ceskej republiky<\/a> do Bratislavy moment\u00e1lne uzavret\u00fd. Informovala o tom agent\u00fara TASR.<\/p>\n<p>D\u00f4vodom s\u00fa dve <a href=\"https:\/\/www.noviny.sk\/krimi\/802056-vrabelovky-aky-je-rozdiel-medzi-dopravnou-nehodou-a-skodovou-udalostou\" target=\"_blank\" rel=\"nofollow noopener\">\u0161kodov\u00e9 udalosti.<\/a> Na mieste zasahuje hliadka dopravnej pol\u00edcie, ktor\u00e1 vykon\u00e1va potrebn\u00e9 \u00fakony. Pol\u00edcia preto vyz\u00fdva vodi\u010dov, aby sa \u00faseku pod\u013ea mo\u017enost\u00ed vyhli a na prejazd vyu\u017eili alternat\u00edvnu trasu.<\/p>\n<p>Vodi\u010di by mali by\u0165 opatrn\u00ed<\/p>\n<p>Pol\u00edcia z\u00e1rove\u0148 apeluje na vodi\u010dov, aby zv\u00fd\u0161ili svoju pozornos\u0165 a opatrnos\u0165 a re\u0161pektovali pokyny policajtov na mieste. Pred tunelom do\u0161lo k nehode viacer\u00fdch vozidiel. V danom \u00faseku je preto prejazdn\u00fd iba jeden pruh dia\u013enice.<\/p>\n<p>Situ\u00e1cia m\u00f4\u017ee sp\u00f4sobova\u0165 v\u00fdrazn\u00e9 spomalenie prem\u00e1vky, <a href=\"https:\/\/www.noviny.sk\/krimi\/1254192-myslel-si-ze-mu-vodic-nedal-prednost-cyklista-mu-dal-facku-a-rozbil-sklo-auta\" target=\"_blank\" rel=\"nofollow noopener\">vodi\u010di<\/a> by preto mali po\u010d\u00edta\u0165 so zdr\u017ean\u00edm a pr\u00edpadne si zvoli\u0165 in\u00fa trasu.<\/p>\n","protected":false},"excerpt":{"rendered":"Bratislavsk\u00ed dopravn\u00ed policajti upozor\u0148uj\u00fa vodi\u010dov na aktu\u00e1lnu situ\u00e1ciu v tuneli Sitina. Ten je v smere z \u010ceskej republiky&hellip;\n","protected":false},"author":2,"featured_media":170154,"comment_status":"","ping_status":"","sticky":false,"template":"","format":"standard","meta":{"footnotes":"","_share_on_mastodon":"0"},"categories":[21],"tags":[136,373,525,43,40,39,42,41,22757],"class_list":["post-170153","post","type-post","status-publish","format-standard","has-post-thumbnail","category-bratislava","tag-bratislava","tag-doprava","tag-policia","tag-sk","tag-slovak","tag-slovakia","tag-slovencina","tag-slovensko","tag-tunel"],"share_on_mastodon":{"url":"https:\/\/pubeurope.com\/@sk\/117211622463848536","error":""},"_links":{"self":[{"href":"https:\/\/www.europesays.com\/sk\/wp-json\/wp\/v2\/posts\/170153","targetHints":{"allow":["GET"]}}],"collection":[{"href":"https:\/\/www.europesays.com\/sk\/wp-json\/wp\/v2\/posts"}],"about":[{"href":"https:\/\/www.europesays.com\/sk\/wp-json\/wp\/v2\/types\/post"}],"author":[{"embeddable":true,"href":"https:\/\/www.europesays.com\/sk\/wp-json\/wp\/v2\/users\/2"}],"replies":[{"embeddable":true,"href":"https:\/\/www.europesays.com\/sk\/wp-json\/wp\/v2\/comments?post=170153"}],"version-history":[{"count":0,"href":"https:\/\/www.europesays.com\/sk\/wp-json\/wp\/v2\/posts\/170153\/revisions"}],"wp:featuredmedia":[{"embeddable":true,"href":"https:\/\/www.europesays.com\/sk\/wp-json\/wp\/v2\/media\/170154"}],"wp:attachment":[{"href":"https:\/\/www.europesays.com\/sk\/wp-json\/wp\/v2\/media?parent=170153"}],"wp:term":[{"taxonomy":"category","embeddable":true,"href":"https:\/\/www.europesays.com\/sk\/wp-json\/wp\/v2\/categories?post=170153"},{"taxonomy":"post_tag","embeddable":true,"href":"https:\/\/www.europesays.com\/sk\/wp-json\/wp\/v2\/tags?post=170153"}],"curies":[{"name":"wp","href":"https:\/\/api.w.org\/{rel}","templated":true}]}}