{"id":170159,"date":"2026-09-04T07:46:08","date_gmt":"2026-09-04T07:46:08","guid":{"rendered":"https:\/\/www.europesays.com\/sk\/170159\/"},"modified":"2026-09-04T07:46:08","modified_gmt":"2026-09-04T07:46:08","slug":"znamy-obchod-stiahol-z-trhu-nebezpecny-produkt-hrozi-vazne-ohrozenie-zdravia","status":"publish","type":"post","link":"https:\/\/www.europesays.com\/sk\/170159\/","title":{"rendered":"Zn\u00e1my obchod stiahol z trhu NEBEZPE\u010cN\u00dd produkt! Hroz\u00ed v\u00e1\u017ene ohrozenie zdravia"},"content":{"rendered":"<p>BRATISLAVA &#8211; Ob\u013e\u00faben\u00fd diskontn\u00fd re\u0165azec PEPCO upozor\u0148uje z\u00e1kazn\u00edkov na hra\u010dku, ktor\u00fa pred\u00e1val po\u010das leta na svojich pobo\u010dk\u00e1ch. Z\u00e1kazn\u00edci m\u00f4\u017eu rizikov\u00fd produkt vr\u00e1ti\u0165 v ktorejko\u013evek predajni a dostan\u00fa sp\u00e4\u0165 peniaze bez potreby dokladu o k\u00fape.<\/p>\n<p>Spolo\u010dnos\u0165 PEPCO Slovakia, s.r.o. s\u0165ahuje z trhu produkt &#8222;Vt\u00e1\u010dia klietka PLU 63223&#8220;, ktor\u00fd sa na jej pobo\u010dk\u00e1ch pred\u00e1val od 30. m\u00e1ja 2026 do 16. j\u00fana 2026. Obchod na to upozornil na svojom webe.<\/p>\n<p>\t<a href=\"https:\/\/www.topky.sk\/gl\/9604263\/6585183\/Znamy-obchod-stiahol-z-trhu-NEBEZPECNY-produkt--Hrozi-vazne-ohrozenie-zdravia--mate-ho-doma-\" rel=\"nofollow noopener\" target=\"_blank\"><br \/>\n\t\t<img decoding=\"async\" alt=\"Zn\u00e1my obchod stiahol z\" aria-describedby=\"img-res-6585183\" class=\"\" height=\"1937\" id=\"6585183\" loading=\"lazy\" onerror=\"imgArticleLoadErr(this)\" src=\"https:\/\/www.europesays.com\/sk\/wp-content\/uploads\/2026\/09\/Znamy-obchod-stiahol-z.jpg\" style=\"aspect-ratio:0.826\" title=\"Zn\u00e1my obchod stiahol z\" width=\"1600\"\/>\t\t\t<\/p>\n<p>\n\t\t\t\tZobrazi\u0165 gal\u00e9riu (2)\t\t\t<\/p>\n<p>\t<\/a><\/p>\n<p>\t\u00a0(Zdroj: Pepco)<\/p>\n<p>Pri pou\u017e\u00edvan\u00ed tejto hra\u010dky hroz\u00ed v\u00e1\u017ene zdravotn\u00e9 riziko. &#8222;U niektor\u00fdch v\u00fdrobkov bol kryt umiestnen\u00fd na spodnej \u010dasti hra\u010dky nespr\u00e1vne nain\u0161talovan\u00fd a v pr\u00edpade p\u00e1du v\u00fdrobku sa m\u00f4\u017ee oddeli\u0165, \u010do predstavuje nebezpe\u010denstvo udusenia,&#8220; vysvet\u013euje obchod.<\/p>\n<p>Pepco vyz\u00fdva z\u00e1kazn\u00edkov, aby zak\u00fapen\u00fd produkt vr\u00e1tili do najbli\u017e\u0161ej predajne Pepco. Deklaruje, \u017ee peniaze im\u00a0bud\u00fa vr\u00e1ten\u00e9, pri\u010dom nie je potrebn\u00e9 predklada\u0165 doklad o k\u00fape v\u00fdrobku. Re\u0165azec\u00a0navy\u0161e vyz\u00fdva z\u00e1kazn\u00edkov, aby informovali o tomto stiahnut\u00ed z trhu aj svoje okolie \u2013 najm\u00e4 vtedy, ak bol uveden\u00fd produkt darovan\u00fd niekomu in\u00e9mu. &#8222;Spolo\u010dnos\u0165 Pepco sa ospravedl\u0148uje za vzniknut\u00e9 nepr\u00edjemnosti,&#8220; kon\u0161tatuje na z\u00e1ver.<\/p>\n","protected":false},"excerpt":{"rendered":"BRATISLAVA &#8211; Ob\u013e\u00faben\u00fd diskontn\u00fd re\u0165azec PEPCO upozor\u0148uje z\u00e1kazn\u00edkov na hra\u010dku, ktor\u00fa pred\u00e1val po\u010das leta na svojich pobo\u010dk\u00e1ch. Z\u00e1kazn\u00edci&hellip;\n","protected":false},"author":2,"featured_media":170160,"comment_status":"","ping_status":"","sticky":false,"template":"","format":"standard","meta":{"footnotes":"","_share_on_mastodon":"0"},"categories":[6],"tags":[22429,43,40,44,39,42,45,41,11338,48186],"class_list":["post-170159","post","type-post","status-publish","format-standard","has-post-thumbnail","category-slovensko","tag-pepco","tag-sk","tag-slovak","tag-slovak-republic","tag-slovakia","tag-slovencina","tag-slovenska-republika","tag-slovensko","tag-stiahnutie-z-trhu","tag-vtacia-klietka"],"share_on_mastodon":{"url":"https:\/\/pubeurope.com\/@sk\/117211666167847510","error":""},"_links":{"self":[{"href":"https:\/\/www.europesays.com\/sk\/wp-json\/wp\/v2\/posts\/170159","targetHints":{"allow":["GET"]}}],"collection":[{"href":"https:\/\/www.europesays.com\/sk\/wp-json\/wp\/v2\/posts"}],"about":[{"href":"https:\/\/www.europesays.com\/sk\/wp-json\/wp\/v2\/types\/post"}],"author":[{"embeddable":true,"href":"https:\/\/www.europesays.com\/sk\/wp-json\/wp\/v2\/users\/2"}],"replies":[{"embeddable":true,"href":"https:\/\/www.europesays.com\/sk\/wp-json\/wp\/v2\/comments?post=170159"}],"version-history":[{"count":0,"href":"https:\/\/www.europesays.com\/sk\/wp-json\/wp\/v2\/posts\/170159\/revisions"}],"wp:featuredmedia":[{"embeddable":true,"href":"https:\/\/www.europesays.com\/sk\/wp-json\/wp\/v2\/media\/170160"}],"wp:attachment":[{"href":"https:\/\/www.europesays.com\/sk\/wp-json\/wp\/v2\/media?parent=170159"}],"wp:term":[{"taxonomy":"category","embeddable":true,"href":"https:\/\/www.europesays.com\/sk\/wp-json\/wp\/v2\/categories?post=170159"},{"taxonomy":"post_tag","embeddable":true,"href":"https:\/\/www.europesays.com\/sk\/wp-json\/wp\/v2\/tags?post=170159"}],"curies":[{"name":"wp","href":"https:\/\/api.w.org\/{rel}","templated":true}]}}