{"id":170181,"date":"2026-09-04T08:10:15","date_gmt":"2026-09-04T08:10:15","guid":{"rendered":"https:\/\/www.europesays.com\/sk\/170181\/"},"modified":"2026-09-04T08:10:15","modified_gmt":"2026-09-04T08:10:15","slug":"vuelta-v-tazkej-etape-dosiahol-zivotny-uspech-z-uniku-omrzel-mas-mierne-navysil-naskok-v-gc","status":"publish","type":"post","link":"https:\/\/www.europesays.com\/sk\/170181\/","title":{"rendered":"Vuelta: v \u0165a\u017ekej etape dosiahol \u017eivotn\u00fd \u00faspech z \u00faniku Omrzel, Mas mierne nav\u00fd\u0161il n\u00e1skok v GC"},"content":{"rendered":"<p>12. etapa Vuelta a Espa\u00f1a 2026 pripravila brut\u00e1lnu horsk\u00fa sk\u00fa\u0161ku v andal\u00fazskom pohor\u00ed Sierra de Los Filabres, ktor\u00e1 mala z\u00e1sadne preveri\u0165 favoritov v boji o \u010derven\u00fd dres. Po odst\u00fapen\u00ed hviezdneho Tadeja Poga\u010dara kv\u00f4li zraneniu bol boj o celkov\u00e9 poradie \u00faplne otvoren\u00fd a o\u010dak\u00e1valo sa, \u017ee dom\u00e1ci l\u00edder Enric Mas bude na ikonickom vrchole Calar Alto \u010deli\u0165 mas\u00edvnym \u00fatokom svojich rivalov.<\/p>\n<p>Trasa merala 166,6 kilometra, obsahovala a\u017e p\u00e4\u0165 kategorizovan\u00fdch st\u00fapan\u00ed s extr\u00e9mnym prev\u00fd\u0161en\u00edm 4500 metrov a horsk\u00fdm fini\u0161om na ikonickom Calar Alto. Z\u00e1vere\u010dn\u00e9 st\u00fapanie je \u010dasto raden\u00e9 do rovnakej kateg\u00f3rie ako sl\u00e1vne Angliru. To plat\u00ed iba z poh\u013eadu potenci\u00e1lu rozhodova\u0165 etapy. Inak je toto st\u00fapanie absol\u00fatne odli\u0161n\u00e9 &#8211; neobsahuje tak\u00e9 strm\u00e9 rampy, je ale extr\u00e9mne dlh\u00e9 a kon\u010d\u00ed vo vysokej nadmorskej v\u00fd\u0161ke, skr\u00e1tka test p\u013e\u00fac a vytrvalosti.<\/p>\n<p>&#13;<\/p>\n<p dir=\"ltr\" lang=\"en\" xml:lang=\"en\">Stage 12 of the Vuelta heads for Calar Alto observatory today after climbing the nasty Alto de Velefique along the way. Roberto Heras won at Calar Alto in 2004 when Floyd Landis led the race; Igor Anton won there in 2006 when Alejandro Valverde was race-leader&#8230; <a href=\"https:\/\/t.co\/1btgGjJJWr\" rel=\"nofollow\">pic.twitter.com\/1btgGjJJWr<\/a><\/p>\n<p>&#13;<br \/>\n\u2014 Graham Watson (@grahamwatson10) <a href=\"https:\/\/x.com\/grahamwatson10\/status\/2095372293459562716?ref_src=twsrc%5Etfw\" rel=\"nofollow\">September 3, 2026<\/a><\/p>\n<p>O\u010dak\u00e1van\u00fd scen\u00e1r? Klasicky bu\u010f \u00fanik alebo jazdci na celkov\u00e9 poradie. V ka\u017edom pr\u00edpade boj v GC a bolo jedno \u010di na \u010dele o etapu alebo niekde hlb\u0161ie v poli. Zatia\u013e o mali\u010dk\u00fd k\u00fasok najlep\u0161iu formu ukazoval Enric Mas (Movistar), za n\u00edm potom Oscar Onley (Ineos), profesorsky jazdiaci Primo\u017e Rogli\u010d (RedBull-Bora) a Felix Gall (Decathlon), ktor\u00fd pl\u00e1noval s t\u00edmom \u00fato\u010di\u0165 aj v poslednej horskej sk\u00fa\u0161ke. Vuelta sa u\u017e preklopila do druh\u00e9ho t\u00fd\u017ed\u0148a a to z\u00e1rove\u0148 znamenalo, \u017ee je dos\u0165 pravdepodobn\u00fd rozbeh \u0161pecialistu na z\u00e1very GT Richarda Carapaza (EF), aj ke\u010f predsa len tentoraz mal v noh\u00e1ch n\u00e1ro\u010dn\u00fa Tour de France.<\/p>\n<p>\u00danik sa tvoril dlho, trvalo to \u0161tyridsa\u0165 kilometrov. Potom ale st\u00e1l za to. Odi\u0161la a\u017e tridsa\u0165\u010dlenn\u00e1 skupina, ktor\u00e1 si pomerne r\u00fdchlo z\u00edskala slu\u0161n\u00fd n\u00e1skok. Boli v nej: Tuckwell (RedBull-Bora), Almeida, Oliveira a Vermaerke (UAE), Castrillo a Garcia Pierna (Movistar), van Aert (Visma), Bisiaux (Decathlon), Dunbar (Pinarello), Haig, Laurence (Ineos), Bilbao, Buitrago a Omrzel (Bahrain-Victorious), Kamna (Lidl), Rochas (Groupama), Debruyne a Houle (Alpecin), Lutsenko (NSN), Vansevenant (Soudal-QuickStep), Johannessen, Kron a Leknessund (Uno-X), Pickering (Jayco), Albanese (EF), Brenner (Tudor), Mulubrhan (Astana), D\u00edaz (BurgosBH), Hamilton (Picnic-PostNL) a Berrade (Kern-Pharma). Vzh\u013eadom na ve\u013ekos\u0165 a zlo\u017eenie mala t\u00e1to skupina ve\u013emi slu\u0161n\u00fa \u0161ancu na \u00faspech. Najvy\u0161\u0161ie postaven\u00fdm v GC bol Jakob Omrzel, ktor\u00fd str\u00e1cal 8\u201905\u201c.<\/p>\n<p>&#13;<br \/>\n\t&#13;<br \/>\n\t\t&#13;<br \/>\n\t\t\t&#8211; na\u0161e najprest\u00ed\u017enej\u0161ie preteky -&#13;<br \/>\n\t\t&#13;<br \/>\n\t&#13;<\/p>\n<p><a href=\"https:\/\/okoloslovenska.com\/\" target=\"_blank\" rel=\"nofollow noopener\"><img decoding=\"async\" alt=\"\" src=\"https:\/\/www.europesays.com\/sk\/wp-content\/uploads\/2026\/09\/OS2026-banner-500x300.png\" title=\"Okolo Slovenska 2024\" \/><\/a><\/p>\n<p>&#13;<br \/>\n\t&#13;<br \/>\n\t\t&#13;<br \/>\n\t\t\t&#8211; na\u0161e najprest\u00ed\u017enej\u0161ie preteky -&#13;<br \/>\n\t\t&#13;<br \/>\n\t&#13;<\/p>\n<p>&#13;<br \/>\n\t&#13;<br \/>\n\t\t&#13;<br \/>\n\t\t\t&#8211; na\u0161e najprest\u00ed\u017enej\u0161ie preteky -&#13;<br \/>\n\t\t&#13;<br \/>\n\t&#13;<\/p>\n<p><a href=\"https:\/\/okoloslovenska.com\/\" target=\"_blank\" rel=\"nofollow noopener\"><img decoding=\"async\" alt=\"\" src=\"https:\/\/www.europesays.com\/sk\/wp-content\/uploads\/2026\/09\/OS2026-banner-620x300px.png\" title=\"Okolo Slovenska 2024\" \/><\/a><\/p>\n<p>&#13;<br \/>\n\t&#13;<br \/>\n\t\t&#13;<br \/>\n\t\t\t&#8211; na\u0161e najprest\u00ed\u017enej\u0161ie preteky -&#13;<br \/>\n\t\t&#13;<br \/>\n\t&#13;<\/p>\n<p>Van Aert vykr\u00e1dal Buitragovi body na r\u00fdchlostn\u00fdch pr\u00e9mi\u00e1ch a v bodkovanej klasifik\u00e1cii sa mu pomaly pribli\u017eoval. \u0164a\u017eko poveda\u0165, ak\u00fd mal z\u00e1mer, preto\u017ee zisk bodiek z jeho poh\u013eadu nevyzer\u00e1 v\u00f4bec re\u00e1lne. Ka\u017edop\u00e1dne na prv\u00fdch troch pr\u00e9mi\u00e1ch na neho z\u00edskal 4 body.<\/p>\n<p>N\u00e1skok \u00faniku vyst\u00fapal cez 7 min\u00fat, to posielalo Omrzela virtu\u00e1lne na druh\u00e9 miesto v GC. Pri jeho vrch\u00e1rskych schopnostiach mal ve\u013ek\u00fa \u0161ancu si dnes ve\u013emi polep\u0161i\u0165.<\/p>\n<p>Van Aert vyhral aj \u0161print\u00e9rsku pr\u00e9miu Velefique. Hne\u010f po nej si vyst\u00fapil. Ved\u00faca skupina sa za\u010dala rozpada\u0165. \u0164ahal to predov\u0161etk\u00fdm Almeida. St\u00fapanie\u00a0Alto de Velefique dalo v\u0161etk\u00fdm zabra\u0165. Na \u010dele osatala sedemn\u00e1s\u0165\u010dlenn\u00e1\u00a0skupina pod taktovkou Bilbaa. Z bal\u00edka nik z favoritov nevypadol, m\u00ed\u0148ali sa ale domestici. Ost\u00e1valo tam okolo tridsa\u0165 \u013eud\u00ed.<\/p>\n<p>Z bal\u00edka vyrazil Carapaz. R\u00fdchlos\u0165 bola extr\u00e9mna a nikto na neho nereagoval. Vpredu sa osamostatnila dvojica Omrzel, Bisieux, Franc\u00faz nestriedal. Za nimi potom i\u0161la osmi\u010dka, \u010falej to bolo rozsypan\u00e9 ako kor\u00e1lky. Carapaz si udr\u017eoval zhruba 20&#8243; na bal\u00edk, st\u00e1lo ho to ale neskuto\u010dn\u00e9 mno\u017estvo s\u00edl, tak\u017ee sa vr\u00e1til do hlavnej skupiny.<\/p>\n<p>&#13;<\/p>\n<p dir=\"ltr\" lang=\"en\" xml:lang=\"en\"><a href=\"https:\/\/x.com\/hashtag\/LaVuelta26?src=hash&amp;ref_src=twsrc%5Etfw\" rel=\"nofollow\">#LaVuelta26<\/a> <a href=\"https:\/\/x.com\/lavuelta?ref_src=twsrc%5Etfw\" rel=\"nofollow\">@LaVuelta<\/a><\/p>\n<p>Alte de Velefique ????<\/p>\n<p>Follow the stage on PCS LIVE STATS <a href=\"https:\/\/x.com\/hashtag\/WhereElse?src=hash&amp;ref_src=twsrc%5Etfw\" rel=\"nofollow\">#WhereElse<\/a> <a href=\"https:\/\/t.co\/eR2eauIIdo\" rel=\"nofollow\">https:\/\/t.co\/eR2eauIIdo<\/a> <a href=\"https:\/\/t.co\/VpZp6QW7WG\" rel=\"nofollow\">pic.twitter.com\/VpZp6QW7WG<\/a><\/p>\n<p>&#13;<br \/>\n\u2014 ????????\u2b1b\ufe0f ProCyclingStats.com (@ProCyclingStats) <a href=\"https:\/\/x.com\/ProCyclingStats\/status\/2095510636193108307?ref_src=twsrc%5Etfw\" rel=\"nofollow\">September 3, 2026<\/a><\/p>\n<p>Vr\u00e1til sa aj Omrzel do \u010delnej skupiny, pravdepodobne za\u00faradoval \u0161portov\u00fd riadite\u013e. N\u00e1skok sa nezvy\u0161oval a bola by \u0161koda obra\u0165 o vrch\u00e1rske body kolegu Buitraga. Ten teda zobral pln\u00fd po\u010det bodov na vrchole Velefique.<\/p>\n<p>V zjazde sa to trochu posch\u00e1dzalo a do prudk\u00fdch \u00favodn\u00fdch pas\u00e1\u017e\u00ed Alto Calar sa pustila na \u010dele deviatka z n\u00e1skokom zhruba pol min\u00faty na druh\u00fa deviatku a vy\u0161e p\u00e4\u0165 min\u00fat na bal\u00edk. To netrvalo dlho. Najsilnej\u0161\u00ed boli Buitrago, Omrzel, Berrade a Bisiaux. Naopak tempo Decathlonu v bal\u00edku\u00a0neudr\u017eal Skjelmose\u00a0(Lidl) a trpeli aj Kuss (Visma) a Tejada (Astana). Hlavn\u00e1 skupina u\u017e pozost\u00e1vala iba s l\u00eddrov a trojice domestikov Decathlonu. T\u00ed sa bohu\u017eia\u013e r\u00fdchlo minuli\u00a0a Gall musel \u00fato\u010di\u0165. Rogli\u010d s Masom reagovali bez probl\u00e9mov, zaostali Onley s Carapazom.<\/p>\n<p>Sledovali sme dvoje preteky &#8211; o etapu a boj v GC. Vpredu nast\u00fapil Omrzel, Berrade sa ho chytil. Druh\u00fd atak u\u017e nezachytil. Slovinec i\u0161iel v t\u00fdchto f\u00e1zach v\u00fdborne, ch\u00fdbalo mu e\u0161te 11 kilometrov, st\u00fapanie v tejto \u010dasti povolilo. V skupine l\u00eddrov za\u00fato\u010dil Mas a odi\u0161iel Gallovi s Rogli\u010dom. Po\u010dkal na neho Garcia Pierna a potiahol ho. Movistar to zre\u017e\u00edroval v\u00fdborne.\u00a0<\/p>\n<p>Jakob Omrzel (Bahrain-Victorious) dotiahol svoju snahu \u00faspe\u0161ne do konca dosiahol svoj najv\u00e4\u010d\u0161\u00ed \u00faspech. Druh\u00fd pri\u0161iel Urko Berrade (Kern-Pharma) a tret\u00ed Santiago Buitrago (Bahrain-Victorious).\u00a0Enric Mas z\u00edskal na skupinku s Gallom, Rogli\u010dom a Carapazom 27&#8243;.<\/p>\n<p>V celkovom porad\u00ed si Enric Mas upevnil svoj n\u00e1skok. Za n\u00edm ost\u00e1va druh\u00fd Primo\u017e Rogli\u010d s odtupom 1&#8217;45&#8220; a tret\u00ed Felix Gall str\u00e1ca 2&#8217;06&#8220; sp\u00e4\u0165. V prvej desiatke sa Richard Carapaz posunul na \u0161tvrt\u00e9 miesto a dne\u0161n\u00fd v\u00ed\u0165az na \u0161ieste.<\/p>\n<p>V bodova\u010dke nav\u00fd\u0161il n\u00e1skok Wout van Aert (Visma) a vo vrch\u00e1rskej s\u00fa\u0165a\u017ei Santiago Buitrago (Bahrain-Victorious). Dres najlep\u0161ieho mlad\u00edka ost\u00e1va Oscarovi Onleymu (Ineos), jeho n\u00e1skok je u\u017e ale iba 30&#8243; na Omrzela.<\/p>\n<p><script async src=\"https:\/\/platform.twitter.com\/widgets.js\" charset=\"utf-8\"><\/script><\/p>\n","protected":false},"excerpt":{"rendered":"12. etapa Vuelta a Espa\u00f1a 2026 pripravila brut\u00e1lnu horsk\u00fa sk\u00fa\u0161ku v andal\u00fazskom pohor\u00ed Sierra de Los Filabres, ktor\u00e1&hellip;\n","protected":false},"author":2,"featured_media":170182,"comment_status":"","ping_status":"","sticky":false,"template":"","format":"standard","meta":{"footnotes":"","_share_on_mastodon":"0"},"categories":[13],"tags":[48191,4120,1706,4122,4124,4126,4117,43,40,39,42,4118,41,69,68,4121,4123,4119,4125],"class_list":["post-170181","post","type-post","status-publish","format-standard","has-post-thumbnail","category-sport","tag-12-etapa-vuelta-a-espana-2026","tag-cestna-cyklistika","tag-cyklistika","tag-cyklistika-na-slovensku","tag-giro-d-italia","tag-peter-sagan","tag-portal-cyklistiky","tag-sk","tag-slovak","tag-slovakia","tag-slovencina","tag-slovenski-cyklisti","tag-slovensko","tag-sport","tag-sports","tag-svetova-cyklistika","tag-svetovi-cyklisti","tag-tour-de-france","tag-vuelta-a-espana"],"share_on_mastodon":{"url":"https:\/\/pubeurope.com\/@sk\/117211760418479168","error":""},"_links":{"self":[{"href":"https:\/\/www.europesays.com\/sk\/wp-json\/wp\/v2\/posts\/170181","targetHints":{"allow":["GET"]}}],"collection":[{"href":"https:\/\/www.europesays.com\/sk\/wp-json\/wp\/v2\/posts"}],"about":[{"href":"https:\/\/www.europesays.com\/sk\/wp-json\/wp\/v2\/types\/post"}],"author":[{"embeddable":true,"href":"https:\/\/www.europesays.com\/sk\/wp-json\/wp\/v2\/users\/2"}],"replies":[{"embeddable":true,"href":"https:\/\/www.europesays.com\/sk\/wp-json\/wp\/v2\/comments?post=170181"}],"version-history":[{"count":0,"href":"https:\/\/www.europesays.com\/sk\/wp-json\/wp\/v2\/posts\/170181\/revisions"}],"wp:featuredmedia":[{"embeddable":true,"href":"https:\/\/www.europesays.com\/sk\/wp-json\/wp\/v2\/media\/170182"}],"wp:attachment":[{"href":"https:\/\/www.europesays.com\/sk\/wp-json\/wp\/v2\/media?parent=170181"}],"wp:term":[{"taxonomy":"category","embeddable":true,"href":"https:\/\/www.europesays.com\/sk\/wp-json\/wp\/v2\/categories?post=170181"},{"taxonomy":"post_tag","embeddable":true,"href":"https:\/\/www.europesays.com\/sk\/wp-json\/wp\/v2\/tags?post=170181"}],"curies":[{"name":"wp","href":"https:\/\/api.w.org\/{rel}","templated":true}]}}