{"id":170211,"date":"2026-09-04T08:42:15","date_gmt":"2026-09-04T08:42:15","guid":{"rendered":"https:\/\/www.europesays.com\/sk\/170211\/"},"modified":"2026-09-04T08:42:15","modified_gmt":"2026-09-04T08:42:15","slug":"velke-zmeny-v-stvr-po-desiatich-rokoch-sa-konecne-dockali-moderatori-su-vo-vytrzeni","status":"publish","type":"post","link":"https:\/\/www.europesays.com\/sk\/170211\/","title":{"rendered":"Ve\u013ek\u00e9 zmeny v STVR! Po desiatich rokoch sa kone\u010dne do\u010dkali: Moder\u00e1tori s\u00fa vo vytr\u017een\u00ed"},"content":{"rendered":"<p>BRATISLAVA &#8211; Za telev\u00edznymi obrazovkami STVR nastala ve\u013ek\u00e1 zmena. Newsroom, v ktorom ka\u017ed\u00fd de\u0148 vznik\u00e1 telev\u00edzne spravodajstvo, pre\u0161iel po desiatich rokoch kompletnou obnovou. Star\u00fd n\u00e1bytok aj opotrebovan\u00e9 priestory s\u00fa minulos\u0165ou a moder\u00e1tori \u010di redaktori neskr\u00fdvaj\u00fa nad\u0161enie.<\/p>\n<p>Rekon\u0161trukcia spravodajskej redakcie trvala \u0161es\u0165 t\u00fd\u017ed\u0148ov. Nov\u00fd newsroom dostal modernej\u0161\u00ed n\u00e1bytok, technol\u00f3gie aj v\u00e4\u010d\u0161ie pracovn\u00e9 priestory pre moder\u00e1torov, editorov, produkciu a redaktorov. Moder\u00e1tor \u013dubom\u00edr Bajan\u00edk priznal, \u017ee zmena pri\u0161la v prav\u00fd \u010das. \u201eTo na\u0161e star\u0161ie u\u017e malo svoje roky a u\u017e to boli naozaj opotrebovan\u00e9 priestory. T\u00e1to rekon\u0161trukcia pri\u0161la v hodine dvan\u00e1stej,\u201c povedal. Pochva\u013euje si najm\u00e4 v\u00e4\u010d\u0161\u00ed pracovn\u00fd st\u00f4l a nov\u00e9 technick\u00e9 prvky.<\/p>\n<p>\t<a href=\"https:\/\/www.topky.sk\/gl\/9603913\/6584289\/Velke-zmeny-v-STVR--Po-desiatich-rokoch-sa-konecne-dockali--Moderatori-su-vo-vytrzeni\" rel=\"nofollow noopener\" target=\"_blank\"><br \/>\n\t\t<img decoding=\"async\" alt=\"Moder\u00e1tori STVR Janette \u0160tef\u00e1nkov\u00e1 a \u013dubom\u00edr Bajan\u00edk\" aria-describedby=\"img-res-6584289\" class=\"\" height=\"1067\" id=\"6584289\" loading=\"lazy\" onerror=\"imgArticleLoadErr(this)\" src=\"https:\/\/www.europesays.com\/sk\/wp-content\/uploads\/2026\/09\/Janette-Stefankova-Lubomir-Bajanik-STVR.jpg\" style=\"aspect-ratio:1.500\" title=\"Moder\u00e1tori STVR Janette \u0160tef\u00e1nkov\u00e1\" width=\"1600\"\/>\t\t\t<\/p>\n<p>\n\t\t\t\tZobrazi\u0165 gal\u00e9riu (21)\t\t\t<\/p>\n<p>\t<\/a><\/p>\n<p>Moder\u00e1tori STVR Janette \u0160tef\u00e1nkov\u00e1 a \u013dubom\u00edr Bajan\u00edk\t\u00a0(Zdroj: STVR)<\/p>\n<p>\nZ nov\u00fdch priestorov sa te\u0161\u00ed aj Simona Simanov\u00e1. Po\u010das leta toti\u017e spravodajsk\u00fd t\u00edm fungoval v troch r\u00f4znych miestnostiach a teraz sa op\u00e4\u0165 v\u0161etci stretn\u00fa v jednom open space. \u201eDobr\u00fd moder\u00e1tor mus\u00ed ma\u0165 u\u0161i v\u0161ade. Sna\u017e\u00edm sa po\u010d\u00fava\u0165, aby mi naozaj ni\u010d neu\u0161lo,\u201c vysvetlila Simanov\u00e1, pre\u010do je pre \u0148u kontakt s redaktormi d\u00f4le\u017eit\u00fd.\u00a0V\u00fdrazn\u00fa zmenu vn\u00edma aj moder\u00e1torka Barbora Kocian, ktor\u00e1 do Slovenskej telev\u00edzie nast\u00fapila pred desiatimi rokmi a p\u00f4vodn\u00e9 priestory si dobre pam\u00e4t\u00e1. \u201eT\u00e1 pr\u00e1ca bola u\u017e zlo\u017eitej\u0161ia. Technika n\u00e1s zr\u00e1dzala, n\u00e1bytok u\u017e nesl\u00fa\u017eil,\u201c priznala. Pod\u013ea nej si cel\u00fd spravodajsk\u00fd t\u00edm vhodnej\u0161ie pracovn\u00e9 podmienky zasl\u00fa\u017eil.<br \/>\n\t<a href=\"https:\/\/www.topky.sk\/gl\/9603913\/6584295\/Velke-zmeny-v-STVR--Po-desiatich-rokoch-sa-konecne-dockali--Moderatori-su-vo-vytrzeni\" rel=\"nofollow noopener\" target=\"_blank\"><br \/>\n\t\t<img decoding=\"async\" alt=\"Moder\u00e1torka STVR Simona Simanov\u00e1\" aria-describedby=\"img-res-6584295\" class=\"\" height=\"1067\" id=\"6584295\" loading=\"lazy\" onerror=\"imgArticleLoadErr(this)\" src=\"https:\/\/www.europesays.com\/sk\/wp-content\/uploads\/2026\/09\/Simona-Simanova-STVR.jpg\" style=\"aspect-ratio:1.500\" title=\"Moder\u00e1torka STVR Simona Simanov\u00e1\" width=\"1600\"\/>\t\t\t<\/p>\n<p>\n\t\t\t\tZobrazi\u0165 gal\u00e9riu (21)\t\t\t<\/p>\n<p>\t<\/a><\/p>\n<p>Moder\u00e1torka STVR Simona Simanov\u00e1\t\u00a0(Zdroj: STVR)<\/p>\n<p>\nRedaktorka Annam\u00e1ria \u010eurkov\u00e1 zase ocenila nov\u00fd vzh\u013ead newsroomu. \u201eJe to neporovnate\u013en\u00e9 s t\u00fdmi predch\u00e1dzaj\u00facimi priestormi. Je to kr\u00e1sne,\u201c povedala. Podobne nad\u0161en\u00fd je aj Timotej Pisch. \u201eJe to naozaj v\u00fdrazn\u00e1 zmena. V\u0161etko je vo\u0148av\u00e9, nov\u00e9,\u201c pochva\u013euje si.Gener\u00e1lna riadite\u013eka STVR Martina Fla\u0161\u00edkov\u00e1 zd\u00f4raznila, \u017ee kvalitn\u00e1 pr\u00e1ca si vy\u017eaduje aj kvalitn\u00e9 podmienky. \u201eAk od kolegov zo spravodajstva a publicistiky o\u010dak\u00e1vame \u0161pi\u010dkov\u00fa pr\u00e1cu, mali by sme im vytvori\u0165 podmienky, ktor\u00e9 tomu zodpovedaj\u00fa,\u201c uviedla.<br \/>\nPo desiatich rokoch tak spravodajsk\u00fd t\u00edm dostal \u00faplne nov\u00e9 z\u00e1zemie. A pod\u013ea prv\u00fdch reakci\u00ed pri\u0161la rekon\u0161trukcia skuto\u010dne v najvy\u0161\u0161\u00ed \u010das.<br \/>\n\t<a href=\"https:\/\/www.topky.sk\/gl\/9603913\/6584273\/Velke-zmeny-v-STVR--Po-desiatich-rokoch-sa-konecne-dockali--Moderatori-su-vo-vytrzeni\" rel=\"nofollow noopener\" target=\"_blank\"><br \/>\n\t\t<img decoding=\"async\" alt=\"Gener\u00e1lna riadite\u013eka STVR Martina Fla\u0161\u00edkov\u00e1\" aria-describedby=\"img-res-6584273\" class=\"\" height=\"2133\" id=\"6584273\" loading=\"lazy\" onerror=\"imgArticleLoadErr(this)\" src=\"https:\/\/www.europesays.com\/sk\/wp-content\/uploads\/2026\/09\/STVR-Martina-Flasikova.jpg\" style=\"aspect-ratio:0.750\" title=\"Gener\u00e1lna riadite\u013eka STVR Martina\" width=\"1600\"\/>\t\t\t<\/p>\n<p>\n\t\t\t\tZobrazi\u0165 gal\u00e9riu (21)\t\t\t<\/p>\n<p>\t<\/a><\/p>\n<p>Gener\u00e1lna riadite\u013eka STVR Martina Fla\u0161\u00edkov\u00e1\t\u00a0(Zdroj: STVR)<\/p>\n<p><\/p>\n<p>\t\tHlasovanie ukon\u010den\u00e9<\/p>\n<p>\t\t\t\t{{ poll.title }}<\/p>\n<p>\t\t\t\t\t<img :alt=\"pollImageDescription()\" :src=\"https:\/\/www.topky.sk\/cl\/100313\/9484849\/poll.img_url\" class=\"box-quiz-new-image-questionnaire\"\/><\/p>\n<p>{{ poll.image_description }} (Zdroj: {{ poll.image_resource }})<\/p>\n<p>\t\t\t\t\t\t\t\t\t\t\t<img :alt=\"questionImageDescription(question)\" :src=\"https:\/\/www.topky.sk\/cl\/100313\/9484849\/question.img_url\" class=\"box-quiz-new-image-top\"\/><\/p>\n<p>Zdroj: {{ question.image_resource }}<\/p>\n<p>\n\t\t\t\t\t\t\t\t\t\t\t{{ question.text }}\n\t\t\t\t\t\t\t\t\t\t<\/p>\n<p>{{ question.text }}<\/p>\n<p>\t\t\t\t\t\t\t\t\t\t\t\t\t\t<img :alt=\"questionImageDescription(question)\" :src=\"https:\/\/www.topky.sk\/cl\/100313\/9484849\/question.img_url\" class=\"box-quiz-new-image-top\"\/><\/p>\n<p>Zdroj: {{ question.image_resource }}<\/p>\n<p>{{ poll.title }}<\/p>\n<p>{{ question.text }}<\/p>\n<p>\t\t\t\t\t\t\t\t\t\t\t\t\t\t<img :alt=\"questionImageDescription(question)\" :src=\"https:\/\/www.topky.sk\/cl\/100313\/9484849\/question.img_url\" class=\"box-quiz-new-image-top\"\/><\/p>\n<p>Zdroj: {{ question.image_resource }}<\/p>\n<p>{{ poll.rating_worst}}<\/p>\n<p>{{ poll.rating_best}}<\/p>\n<p>{{ poll.rating_best}}<\/p>\n<p>{{ poll.rating_worst}}<\/p>\n<p>\t\t\t\t\t\t\t\t\t\t\t\t\t{{ answer.text }}<\/p>\n<p>\t\t\t\t\t\t\t\t\t\t\t\t\t{{ answer.text }}<\/p>\n<p>\t\t\t\t\t{{ poll.title }}<\/p>\n<p v-if=\"poll.contact_form\">{{ poll.thanks }}<\/p>\n<p>{{ question.text }}<\/p>\n<p>\t\t\t\t\t\t\t\t\t<img :alt=\"questionImageDescription(question)\" :src=\"https:\/\/www.topky.sk\/cl\/100313\/9484849\/question.img_url\" class=\"box-quiz-new-image-top\"\/><\/p>\n<p>Zdroj: {{ question.image_resource }}<\/p>\n<p>Priemern\u00e9 hodnotenie: {{ question.rating }}<\/p>\n<p> Va\u0161e hodnotenie: {{ question.user_rating }}<\/p>\n<p>{{ question.text }}<\/p>\n<p>\t\t\t\t\t\t\t\t\t<img :alt=\"questionImageDescription(question)\" :src=\"https:\/\/www.topky.sk\/cl\/100313\/9484849\/question.img_url\" class=\"box-quiz-new-image-top\"\/><\/p>\n<p>Zdroj: {{ question.image_resource }}<\/p>\n<p>{{ poll.rating_worst}}<\/p>\n<p>{{ poll.rating_best}}<\/p>\n<p>{{ poll.rating_best}}<\/p>\n<p>{{ poll.rating_worst}}<\/p>\n<p>Priemern\u00e9 hodnotenie: {{ question.rating }}<\/p>\n<p> Va\u0161e hodnotenie: {{ question.user_rating }}<\/p>\n<p>Hlasovalo: {{questions[0].votes}}<\/p>\n<p>\t\t\t\t\t\t{{ poll.title }}<\/p>\n<p>\t\t\t\t\t\t\t<img :alt=\"pollImageDescription()\" :src=\"https:\/\/www.topky.sk\/cl\/100313\/9484849\/poll.img_url\" class=\"box-quiz-new-image-questionnaire\"\/><\/p>\n<p>{{ poll.image_description }} (Zdroj: {{ poll.image_resource }})<\/p>\n<p>{{ qIndex+1 }}\/{{ questions.length }}<\/p>\n<p>\t\t\t\t\t\t\t\t\t<img :alt=\"questionImageDescription(question)\" :src=\"https:\/\/www.topky.sk\/cl\/100313\/9484849\/question.img_url\" class=\"box-quiz-new-image-top\"\/><br \/>\n\t\t\t\t\t\t\t\t\t<a class=\"box-quiz-new-magnifier\" href=\"#\" title=\"Zv\u00e4\u010d\u0161i\u0165 obr\u00e1zok\">\u00a0<\/a><\/p>\n<p>Zdroj: {{ question.image_resource }}<\/p>\n<p>{{ question.text }}<\/p>\n<p>M\u00f4\u017eete ozna\u010di\u0165 viacero odpoved\u00ed.<\/p>\n<p class=\"profile-name\">{{ profiles[profileEvalueated.index].name }}<\/p>\n<p v-if=\"poll.show_profiles_percentage\">Zhoda: {{ profileEvalueated.weightPercentage }}%<\/p>\n<p>\t\t\t\t\t\t\t\t\t<img :alt=\"profiles[profileEvalueated.index].image_description\" :src=\"https:\/\/www.topky.sk\/cl\/100313\/9484849\/profiles[profileEvalueated.index].img_url\" class=\"box-quiz-new-image-questionnaire\"\/><\/p>\n<p>{{ profiles[profileEvalueated.index].image_description }} (Zdroj: {{ profiles[profileEvalueated.index].image_resource }})<\/p>\n<p><\/p>\n<p>\t\t\t\t\t\t\t\u00d7<br \/>\n\t\t\t\t\t\t\t<img :alt=\"imageModal.imgDescription\" :src=\"https:\/\/www.topky.sk\/cl\/100313\/9484849\/imageModal.imgUrl\" :style=\"isEmbed ? computeModalImageStyle() : ''\"\/><\/p>\n","protected":false},"excerpt":{"rendered":"BRATISLAVA &#8211; Za telev\u00edznymi obrazovkami STVR nastala ve\u013ek\u00e1 zmena. Newsroom, v ktorom ka\u017ed\u00fd de\u0148 vznik\u00e1 telev\u00edzne spravodajstvo, pre\u0161iel&hellip;\n","protected":false},"author":2,"featured_media":170212,"comment_status":"","ping_status":"","sticky":false,"template":"","format":"standard","meta":{"footnotes":"","_share_on_mastodon":"0"},"categories":[6],"tags":[43,40,44,39,42,45,41,105],"class_list":["post-170211","post","type-post","status-publish","format-standard","has-post-thumbnail","category-slovensko","tag-sk","tag-slovak","tag-slovak-republic","tag-slovakia","tag-slovencina","tag-slovenska-republika","tag-slovensko","tag-stvr"],"share_on_mastodon":{"url":"https:\/\/pubeurope.com\/@sk\/117211886000110131","error":""},"_links":{"self":[{"href":"https:\/\/www.europesays.com\/sk\/wp-json\/wp\/v2\/posts\/170211","targetHints":{"allow":["GET"]}}],"collection":[{"href":"https:\/\/www.europesays.com\/sk\/wp-json\/wp\/v2\/posts"}],"about":[{"href":"https:\/\/www.europesays.com\/sk\/wp-json\/wp\/v2\/types\/post"}],"author":[{"embeddable":true,"href":"https:\/\/www.europesays.com\/sk\/wp-json\/wp\/v2\/users\/2"}],"replies":[{"embeddable":true,"href":"https:\/\/www.europesays.com\/sk\/wp-json\/wp\/v2\/comments?post=170211"}],"version-history":[{"count":0,"href":"https:\/\/www.europesays.com\/sk\/wp-json\/wp\/v2\/posts\/170211\/revisions"}],"wp:featuredmedia":[{"embeddable":true,"href":"https:\/\/www.europesays.com\/sk\/wp-json\/wp\/v2\/media\/170212"}],"wp:attachment":[{"href":"https:\/\/www.europesays.com\/sk\/wp-json\/wp\/v2\/media?parent=170211"}],"wp:term":[{"taxonomy":"category","embeddable":true,"href":"https:\/\/www.europesays.com\/sk\/wp-json\/wp\/v2\/categories?post=170211"},{"taxonomy":"post_tag","embeddable":true,"href":"https:\/\/www.europesays.com\/sk\/wp-json\/wp\/v2\/tags?post=170211"}],"curies":[{"name":"wp","href":"https:\/\/api.w.org\/{rel}","templated":true}]}}