{"id":170215,"date":"2026-09-04T08:44:10","date_gmt":"2026-09-04T08:44:10","guid":{"rendered":"https:\/\/www.europesays.com\/sk\/170215\/"},"modified":"2026-09-04T08:44:10","modified_gmt":"2026-09-04T08:44:10","slug":"kosice-zazili-necakanu-navstevu-kontroverzny-youtuber-a-boxer-jake-paul-pristal-na-slovensku-v-sukromnom-lietadle","status":"publish","type":"post","link":"https:\/\/www.europesays.com\/sk\/170215\/","title":{"rendered":"Ko\u0161ice za\u017eili ne\u010dakan\u00fa n\u00e1v\u0161tevu: Kontroverzn\u00fd youtuber a boxer Jake Paul prist\u00e1l na Slovensku v s\u00fakromnom lietadle"},"content":{"rendered":"<p class=\"joj-description-18 font-semibold\">Ko\u0161ick\u00e9 letisko za\u017eilo poriadne ne\u010dakan\u00fa n\u00e1v\u0161tevu. Na v\u00fdchod Slovenska toti\u017e zav\u00edtala jedna z najzn\u00e1mej\u0161\u00edch tv\u00e1r\u00ed internetu. Americk\u00fd youtuber a boxer Jake Paul prist\u00e1l v Ko\u0161iciach na palube svojho s\u00fakromn\u00e9ho lietadla.<\/p>\n<p class=\"isSelectedEnd\">Na ko\u0161ickom letisku by zrejme len m\u00e1lokto \u010dakal, \u017ee medzi cestuj\u00facimi uvid\u00ed svetov\u00fa internetov\u00fa hviezdu. Pr\u00e1ve tam toti\u017e prist\u00e1l Jake Paul, kontroverzn\u00fd americk\u00fd influencer, youtuber a profesion\u00e1lny boxer.\u00a0Paul dorazil na Slovensko vo ve\u013ekom \u0161t\u00fdle &#8211; s\u00fakromn\u00fdm lietadlom, ktor\u00e9 okam\u017eite up\u00fatalo pozornos\u0165 \u013eud\u00ed na letisku. Jeho pr\u00edchod zachytili aj cestuj\u00faci a fotografie sa n\u00e1sledne objavili na soci\u00e1lnych sie\u0165ach.<\/p>\n<p>\u010co robil Jake Paul v Ko\u0161iciach?<\/p>\n<p class=\"isSelectedEnd\">D\u00f4vod jeho n\u00e1v\u0161tevy v\u00fdchodn\u00e9ho Slovenska s\u00favis\u00ed s jeho partnerkou Juttou Leerdam. Holandsk\u00e1 r\u00fdchlokor\u010duliarka m\u00e1 v\u00e4zby na Slovensko a pr\u00e1ve v tomto obdob\u00ed sa mala z\u00fa\u010dastni\u0165 svadby svojho brata na v\u00fdchode krajiny, konkr\u00e9tne na Zempl\u00ednskej \u0160\u00edrave.\u00a0Paul tak zrejme vyu\u017eil svoj s\u00fakromn\u00fd jet, aby sa za svojou sn\u00fabenicou dopravil priamo do Ko\u0161\u00edc. Pre americk\u00fa hviezdu i\u0161lo o pomerne netradi\u010dn\u00fa zast\u00e1vku.\u00a0<\/p>\n<p>Z YouTube a\u017e do boxersk\u00e9ho ringu<\/p>\n<p class=\"isSelectedEnd\">Jake Paul sa do povedomia verejnosti dostal najm\u00e4 v\u010faka soci\u00e1lnym sie\u0165am. Z \u00faspe\u0161n\u00e9ho youtubera sa v\u0161ak postupne stal aj podnikate\u013e, promot\u00e9r a profesion\u00e1lny boxer.\u00a0Pr\u00e1ve jeho boxersk\u00e1 kari\u00e9ra mu priniesla \u010fal\u0161iu vlnu popularity. Do ringu sa postavil proti viacer\u00fdm zn\u00e1mym men\u00e1m vr\u00e1tane Mikea Tysona, s ktor\u00fdm absolvoval ostro sledovan\u00fd z\u00e1pas v roku 2024.\u00a0Paul pritom patr\u00ed medzi osobnosti, ktor\u00e9 verejnos\u0165 rozde\u013euj\u00fa. Jeho vystupovanie, podnikate\u013esk\u00e9 aktivity aj p\u00f4sobenie v boxe pravidelne vyvol\u00e1vaj\u00fa diskusie a kontroverzie.<\/p>\n<p>        <img decoding=\"async\" src=\"https:\/\/www.europesays.com\/sk\/wp-content\/uploads\/2026\/09\/9bb113d7-7b24-4a60-89ba-1705d5703ab0.jpeg\" alt=\"\" class=\"img-fluid lazyload rounded-[15px]\" draggable=\"false\" onerror=\"this.style.display='none';this.nextElementSibling.style.display='flex';\"\/><\/p>\n<p>\u200b<\/p>\n<p>Tentoraz v\u0161ak zaujal nie vyjadreniami \u010di z\u00e1pasom, ale svojou ne\u010dakanou n\u00e1v\u0161tevou Slovenska. Jake Paul prist\u00e1l v Ko\u0161iciach a rozhodne nie inkognito.<\/p>\n","protected":false},"excerpt":{"rendered":"Ko\u0161ick\u00e9 letisko za\u017eilo poriadne ne\u010dakan\u00fa n\u00e1v\u0161tevu. Na v\u00fdchod Slovenska toti\u017e zav\u00edtala jedna z najzn\u00e1mej\u0161\u00edch tv\u00e1r\u00ed internetu. Americk\u00fd youtuber&hellip;\n","protected":false},"author":2,"featured_media":170216,"comment_status":"","ping_status":"","sticky":false,"template":"","format":"standard","meta":{"footnotes":"","_share_on_mastodon":"0"},"categories":[22],"tags":[1420,1424,73,7850,1418,137,1421,174,1419,887,1423,994,1265,43,40,39,42,41,107,97,1012,1422,687],"class_list":["post-170215","post","type-post","status-publish","format-standard","has-post-thumbnail","category-kosice","tag-archiv","tag-epizody","tag-filmy","tag-jake-paul","tag-joj","tag-kosice","tag-live","tag-online","tag-plus","tag-program","tag-relacie","tag-rozhovory","tag-serialy","tag-sk","tag-slovak","tag-slovakia","tag-slovencina","tag-slovensko","tag-televizia","tag-tv","tag-video","tag-vysielanie","tag-zakulisie"],"share_on_mastodon":{"url":"https:\/\/pubeurope.com\/@sk\/117211894129125870","error":""},"_links":{"self":[{"href":"https:\/\/www.europesays.com\/sk\/wp-json\/wp\/v2\/posts\/170215","targetHints":{"allow":["GET"]}}],"collection":[{"href":"https:\/\/www.europesays.com\/sk\/wp-json\/wp\/v2\/posts"}],"about":[{"href":"https:\/\/www.europesays.com\/sk\/wp-json\/wp\/v2\/types\/post"}],"author":[{"embeddable":true,"href":"https:\/\/www.europesays.com\/sk\/wp-json\/wp\/v2\/users\/2"}],"replies":[{"embeddable":true,"href":"https:\/\/www.europesays.com\/sk\/wp-json\/wp\/v2\/comments?post=170215"}],"version-history":[{"count":0,"href":"https:\/\/www.europesays.com\/sk\/wp-json\/wp\/v2\/posts\/170215\/revisions"}],"wp:featuredmedia":[{"embeddable":true,"href":"https:\/\/www.europesays.com\/sk\/wp-json\/wp\/v2\/media\/170216"}],"wp:attachment":[{"href":"https:\/\/www.europesays.com\/sk\/wp-json\/wp\/v2\/media?parent=170215"}],"wp:term":[{"taxonomy":"category","embeddable":true,"href":"https:\/\/www.europesays.com\/sk\/wp-json\/wp\/v2\/categories?post=170215"},{"taxonomy":"post_tag","embeddable":true,"href":"https:\/\/www.europesays.com\/sk\/wp-json\/wp\/v2\/tags?post=170215"}],"curies":[{"name":"wp","href":"https:\/\/api.w.org\/{rel}","templated":true}]}}