{"id":170223,"date":"2026-09-04T08:56:20","date_gmt":"2026-09-04T08:56:20","guid":{"rendered":"https:\/\/www.europesays.com\/sk\/170223\/"},"modified":"2026-09-04T08:56:20","modified_gmt":"2026-09-04T08:56:20","slug":"rekordna-zima-v-kosiciach-ryanair-spusta-svoj-dosial-najvacsi-zimny-letovy-poriadok-z-metropoly-vychodu-slovensko-cestovanie","status":"publish","type":"post","link":"https:\/\/www.europesays.com\/sk\/170223\/","title":{"rendered":"Rekordn\u00e1 zima v Ko\u0161iciach: Ryanair sp\u00fa\u0161\u0165a svoj dosia\u013e najv\u00e4\u010d\u0161\u00ed zimn\u00fd letov\u00fd poriadok z metropoly v\u00fdchodu &#8211; Slovensko &#8211; Cestovanie"},"content":{"rendered":"<p>Video<br \/>\n11 zauj\u00edmav\u00fdch faktov o letectve a lietadl\u00e1ch<\/p>\n<p>\nZdroj:<br \/>\nPixabay\n<\/p>\n<p>Najv\u00fdznamnej\u0161ou novinkou je pred\u013a\u017eenie spojenia do \u0161panielskej Malagy, v\u010faka \u010domu sa v\u00fdchodn\u00e9 Slovensko do\u010dkalo priamej zimnej linky do vyh\u013ead\u00e1vanej destin\u00e1cie na Costa del Sol v\u00f4bec po prv\u00fdkr\u00e1t.<\/p>\n<p>Roz\u0161\u00edren\u00edm prev\u00e1dzky <a target=\"_blank\" href=\"https:\/\/www.instagram.com\/p\/Dc0cRRgjlnd\/?img_index=1\" rel=\"nofollow noopener\">zv\u00fd\u0161i<\/a> \u00edrsky dopravca svoj t\u00fd\u017edenn\u00fd po\u010det letov z metropoly v\u00fdchodu o 13 %.<\/p>\n<p>Reaguje t\u00fdm na siln\u00fd dopyt po celoro\u010dnom cestovan\u00ed a priamych letov\u00fdch spojeniach k moru aj mimo hlavnej letnej sez\u00f3ny.<\/p>\n<p>\nVideo<br \/>\nNajviac ple\u0161at\u00fdch \u017eije v \u0160panielsku, predt\u00fdm rebr\u00ed\u010dku kra\u013eoval n\u00e1\u0161 sused<\/p>\n<p>P\u00e4\u0165 k\u013e\u00fa\u010dov\u00fdch destin\u00e1ci\u00ed z Ko\u0161\u00edc<\/p>\n<p>Nov\u00fd zimn\u00fd letov\u00fd poriadok prinesie pravideln\u00e9 spoje do piatich eur\u00f3pskych miest:<\/p>\n<p>Malaga (\u0160panielsko) \u2013 po letnej premi\u00e9re sa men\u00ed na celoro\u010dn\u00fa linku.<\/p>\n<p>Praha (\u010cesk\u00e1 republika) \u2013 celoro\u010dn\u00e9 spojenie s navy\u0161ovan\u00edm kapacity.<\/p>\n<p>Lond\u00fdn-Stansted (Ve\u013ek\u00e1 Brit\u00e1nia) \u2013 tradi\u010dn\u00fd a vy\u0165a\u017een\u00fd uzol.<\/p>\n<p>Dublin (\u00cdrsko) \u2013 k\u013e\u00fa\u010dov\u00e1 linka pre cestuj\u00facich za pr\u00e1cou a rodinou.<\/p>\n<p>Liverpool (Ve\u013ek\u00e1 Brit\u00e1nia) \u2013 ob\u013e\u00faben\u00e1 destin\u00e1cia s nav\u00fd\u0161enou frekvenciou.<\/p>\n<p>\nVideo<br \/>\nVe\u013ek\u00e1 Brit\u00e1nia<\/p>\n<p>Pr\u00ednos pre cestovn\u00fd ruch aj miestnu ekonomiku<\/p>\n<p>Vedenie letiska aj z\u00e1stupcovia dopravcu zd\u00f4raz\u0148uj\u00fa, \u017ee \u00faspech leteck\u00e9ho spojenia s Andal\u00faziou potvrdzuje meniace sa spr\u00e1vanie cestuj\u00facich, ktor\u00ed \u010doraz viac vyh\u013ead\u00e1vaj\u00fa slne\u010dn\u00e9 eur\u00f3pske destin\u00e1cie celoro\u010dne.<\/p>\n<p>Pred\u013a\u017eenie liniek a zv\u00fd\u0161enie po\u010dtu t\u00fd\u017edenn\u00fdch letov predstavuje d\u00f4le\u017eit\u00fd stimul pre region\u00e1lny cestovn\u00fd ruch a hospod\u00e1rstvo.<\/p>\n<p>Cestuj\u00facim z cel\u00e9ho v\u00fdchodn\u00e9ho Slovenska to prin\u00e1\u0161a v\u00fdrazne lep\u0161iu flexibilitu, \u0161ir\u0161\u00ed v\u00fdber term\u00ednov a dostupnej\u0161ie ceny leteniek.<\/p>\n<p>Anketa<br \/>\nVyu\u017e\u00edvate n\u00edzkon\u00e1kladovky?<\/p>\n<p>Celkovo hlasov: 26<\/p>\n<p>\u00a9 Autorsk\u00e9 pr\u00e1va vyhraden\u00e9<\/p>\n<p><a href=\"https:\/\/debata.pravda.sk\/debata\/2035059-rekordna-zima-v-kosiciach-ryanair-spusta-svoj-dosial-najvacsi-zimny-letovy-poriadok-z-kosic\/\" class=\"detail_text_socials_item debata debata-count-decorator\" rel=\"nofollow noopener\" target=\"_blank\"><\/p>\n<p>debata<\/p>\n<p><\/a><\/p>\n<p><a href=\"https:\/\/www.pravda.sk\/mreporter\" class=\"detail_text_socials_item hide\" id=\"mreporter-button\" rel=\"nofollow noopener\" target=\"_blank\"><\/p>\n<p>mReport\u00e9r<\/p>\n<p><\/a><\/p>\n<p><img decoding=\"async\" src=\"https:\/\/ipravda.sk\/res\/www\/sorry.svg\" alt=\"\u013dutujeme\" height=\"75\"\/><\/p>\n<p>V\u00e1\u017een\u00ed \u010ditatelia, pod t\u00fdmto \u010dl\u00e1nkom sme neumo\u017enili diskusiu<\/p>\n<p>\nObsah \u010dl\u00e1nku a sk\u00fasenosti s administr\u00e1ciou deb\u00e1t n\u00e1m d\u00e1vaj\u00fa predpoklad, \u017ee aj na tomto mieste by prib\u00fadali<br \/>\npreva\u017ene pr\u00edspevky, ktor\u00e9 by boli v rozpore s pravidlami debaty aj dobr\u00fdmi mravmi.\n<\/p>\n<p>\n\u010eakujeme za pochopenie a te\u0161\u00edme sa na slu\u0161n\u00e9 debaty pod in\u00fdmi \u010dl\u00e1nkami.\n<\/p>\n<p>Rozumiem<\/p>\n<p><script async src=\"\/\/www.instagram.com\/embed.js\"><\/script><\/p>\n","protected":false},"excerpt":{"rendered":"Video 11 zauj\u00edmav\u00fdch faktov o letectve a lietadl\u00e1ch Zdroj: Pixabay Najv\u00fdznamnej\u0161ou novinkou je pred\u013a\u017eenie spojenia do \u0161panielskej Malagy,&hellip;\n","protected":false},"author":2,"featured_media":170224,"comment_status":"","ping_status":"","sticky":false,"template":"","format":"standard","meta":{"footnotes":"","_share_on_mastodon":"0"},"categories":[6],"tags":[43,40,44,39,42,45,41],"class_list":["post-170223","post","type-post","status-publish","format-standard","has-post-thumbnail","category-slovensko","tag-sk","tag-slovak","tag-slovak-republic","tag-slovakia","tag-slovencina","tag-slovenska-republika","tag-slovensko"],"share_on_mastodon":{"url":"https:\/\/pubeurope.com\/@sk\/117211941221023046","error":""},"_links":{"self":[{"href":"https:\/\/www.europesays.com\/sk\/wp-json\/wp\/v2\/posts\/170223","targetHints":{"allow":["GET"]}}],"collection":[{"href":"https:\/\/www.europesays.com\/sk\/wp-json\/wp\/v2\/posts"}],"about":[{"href":"https:\/\/www.europesays.com\/sk\/wp-json\/wp\/v2\/types\/post"}],"author":[{"embeddable":true,"href":"https:\/\/www.europesays.com\/sk\/wp-json\/wp\/v2\/users\/2"}],"replies":[{"embeddable":true,"href":"https:\/\/www.europesays.com\/sk\/wp-json\/wp\/v2\/comments?post=170223"}],"version-history":[{"count":0,"href":"https:\/\/www.europesays.com\/sk\/wp-json\/wp\/v2\/posts\/170223\/revisions"}],"wp:featuredmedia":[{"embeddable":true,"href":"https:\/\/www.europesays.com\/sk\/wp-json\/wp\/v2\/media\/170224"}],"wp:attachment":[{"href":"https:\/\/www.europesays.com\/sk\/wp-json\/wp\/v2\/media?parent=170223"}],"wp:term":[{"taxonomy":"category","embeddable":true,"href":"https:\/\/www.europesays.com\/sk\/wp-json\/wp\/v2\/categories?post=170223"},{"taxonomy":"post_tag","embeddable":true,"href":"https:\/\/www.europesays.com\/sk\/wp-json\/wp\/v2\/tags?post=170223"}],"curies":[{"name":"wp","href":"https:\/\/api.w.org\/{rel}","templated":true}]}}