{"id":170245,"date":"2026-09-04T09:22:15","date_gmt":"2026-09-04T09:22:15","guid":{"rendered":"https:\/\/www.europesays.com\/sk\/170245\/"},"modified":"2026-09-04T09:22:15","modified_gmt":"2026-09-04T09:22:15","slug":"kde-bude-zapad-viest-vojnu-s-ruskom","status":"publish","type":"post","link":"https:\/\/www.europesays.com\/sk\/170245\/","title":{"rendered":"KDE BUDE Z\u00c1PAD VIES\u0164 VOJNU S RUSKOM?"},"content":{"rendered":"<p>Lenka Mayerov\u00e1, \u0161\u00e9fredaktorka Extra plus: Pred p\u00e1r d\u0148ami ma zaujal koment\u00e1r Andreja Bezrukova na port\u00e1li Ria Novosti s\u00a0titulkom Katastrofa sa bl\u00ed\u017ei: stredn\u00e1 Eur\u00f3pa h\u013ead\u00e1 sp\u00f4sob, ako sa vyhn\u00fa\u0165 vojne s\u00a0Ruskom. Autor sa zam\u00fd\u0161\u013ea nad pr\u00edpravou z\u00e1padnej Eur\u00f3py na vojnu s\u00a0Ruskom. Ve\u010f nakoniec, nie je \u010faleko od pravdy, preto\u017ee koal\u00edcia ochotn\u00fdch za asistencie nemeck\u00e9ho kancel\u00e1ra Friedricha Merza sa netaj\u00ed t\u00fdm, \u017ee sa do roku 2030 chce pripravi\u0165 na vojnu s\u00a0Ruskom. Ot\u00e1zne v\u0161ak je, kde vtedy bude medzi Nemcami neob\u013e\u00faben\u00fd Merz, ktor\u00e9mu vo vlastnej krajine ned\u00f4veruje takmer 80 percent ob\u010danov.<\/p>\n<p>Pred p\u00e1r d\u0148ami ma zaujal koment\u00e1r Andreja Bezrukova na port\u00e1li Ria Novosti s\u00a0titulkom Katastrofa sa bl\u00ed\u017ei: stredn\u00e1 Eur\u00f3pa h\u013ead\u00e1 sp\u00f4sob, ako sa vyhn\u00fa\u0165 vojne s\u00a0Ruskom. Autor sa zam\u00fd\u0161\u013ea nad pr\u00edpravou z\u00e1padnej Eur\u00f3py na vojnu s\u00a0Ruskom. Ve\u010f nakoniec, nie je \u010faleko od pravdy, preto\u017ee koal\u00edcia ochotn\u00fdch za asistencie nemeck\u00e9ho kancel\u00e1ra Friedricha Merza sa netaj\u00ed t\u00fdm, \u017ee sa do roku 2030 chce pripravi\u0165 na vojnu s\u00a0Ruskom. Ot\u00e1zne v\u0161ak je, kde vtedy bude medzi Nemcami neob\u013e\u00faben\u00fd Merz, ktor\u00e9mu vo vlastnej krajine ned\u00f4veruje takmer 80 percent ob\u010danov.<\/p>\n<p>&#13;<\/p>\n<p><img decoding=\"async\" alt=\"\" src=\"https:\/\/www.europesays.com\/sk\/wp-content\/uploads\/2026\/09\/mayerova_6_84.jpg\"\/>Lenka Mayerov\u00e1, \u0161\u00e9fredaktorka Extra plus: \u00a0Nemecko sa nach\u00e1dza na kri\u017eovatke. Anglosasi tla\u010dia slab\u00fa a naivn\u00fa severn\u00fa Eur\u00f3pu a s \u0148ou aj Nemecko do konfront\u00e1cie s Ruskom, ale v Nemecku je st\u00e1le dostatok s\u00edl, ktor\u00e9 odol\u00e1vaj\u00fa vyhliadke na tretiu historick\u00fa samovra\u017edu. A\u00a0Po\u013esko sa tie\u017e bude musie\u0165 rozhodn\u00fa\u0165, \u010di chce \u017ei\u0165 v svojej vlastnej \u017eeleznej opone, alebo by\u0165 pri stole.<\/p>\n<p>&#13;<\/p>\n<p>Tento fakt ho zjavne nevyru\u0161uje a\u00a0doprial si nieko\u013ekot\u00fd\u017ed\u0148ov\u00fa dovolenku \u2013 29. j\u00fala na soci\u00e1lnej sieti nap\u00edsal: \u201ePekn\u00e9 pr\u00e1zdniny, majte sa!\u201c Nemcom pritom neraz odk\u00e1zal, aby viac pracovali a\u00a0menej oddychovali. Merza zrejme nevyru\u0161uje ani katastrof\u00e1lny stav ekonomiky \u010di hroziace mas\u00edvne prep\u00fa\u0161\u0165anie Volkswagenu. Dokonca\u00a0ani to, \u017ee p\u00f4vodn\u00ed obyvatelia z krajiny utekaj\u00fa a\u00a0naopak, migranti ju ber\u00fa \u00fatokom.\u00a0Spolkov\u00fd \u0161tatistick\u00fd \u00farad Destatis a\u00a0n\u00e1sledne denn\u00edk Welt\u00a0priniesli skuto\u010dne alarmuj\u00facu \u0161tatistiku. Z\u00a0Nemecka utekaj\u00fa vzdelan\u00ed,\u00a0kvalifikovan\u00ed odborn\u00edci\u00a0a v\u00fdborne zar\u00e1baj\u00faci Nemci.\u00a0Z krajiny u\u017e odi\u0161lo viac ako 288-tis\u00edc nemeck\u00fdch ob\u010danov, pri\u010dom \u010dist\u00fd odliv predstavoval takmer 97-tis\u00edc \u013eud\u00ed. Nemci odch\u00e1dzaj\u00fa a\u00a0do toho pov\u00fd\u0161eneck\u00e9ho Deutschlandu vo ve\u013ekom prich\u00e1dzaj\u00fa moslimovia, ktor\u00ed nadraden\u00fdch Nemcov nakoniec porazia bruchami. Pod\u013ea \u0161tatistick\u00e9ho \u00faradu Destatis prich\u00e1dza do Nemecka 200-tis\u00edc \u013eud\u00ed za rok. A to s\u00fa len leg\u00e1lne pris\u0165ahovan\u00ed imigranti. Ko\u013eko je t\u00fdch neleg\u00e1lnych? Kto ich spo\u010d\u00edta? Prieskum pod\u013ea port\u00e1lu Indeek uk\u00e1zal, \u017ee o pr\u00e1cu v zahrani\u010d\u00ed maj\u00fa z\u00e1ujem a\u017e dve tretiny Nemcov. Ide navy\u0161e najm\u00e4 o vysokokvalifikovan\u00fdch vzdelan\u00fdch odborn\u00edkov s mesa\u010dn\u00fdm pr\u00edjmom nad \u0161es\u0165tis\u00edc eur. Najv\u00e4\u010d\u0161\u00ed z\u00e1ujem je pritom o pres\u0165ahovanie sa do USA, Spojen\u00e9ho kr\u00e1\u013eovstva a \u0160vaj\u010diarska. Ale vr\u00e1\u0165me sa ku koment\u00e1ru Bezrukova na port\u00e1li RIA Novosti, ktor\u00fd dum\u00e1 nad t\u00fdm, kde bude kolekt\u00edvny Z\u00e1pad vies\u0165 vojnu.<\/p>\n<p>Kladie si ot\u00e1zku, \u010di to nebude v\u00a0strednej Eur\u00f3pe. A\u00a0z\u00e1rove\u0148 hovor\u00ed, \u017ee\u00a0v Rusku by sa mali zamyslie\u0165 nad t\u00fdm, ako vidia vojensko-politick\u00fa mapu Eur\u00f3py po skon\u010den\u00ed vojny na Ukrajine. \u010ealej sa p\u00fdta, ak\u00fa v\u00edziu m\u00f4\u017eu Rusi kontinentu pon\u00faknu\u0165. Stredn\u00e1 Eur\u00f3pa pod\u013ea neho z\u00fafalo h\u013ead\u00e1 cestu, ako ukon\u010di\u0165 vojnu diplomaticky. Kon\u0161tatuje, \u017ee ak nebudeme tvori\u0165 na\u0161u spolo\u010dn\u00fa bud\u00facnos\u0165, vytvoria ju pre n\u00e1s in\u00ed. Bezrukov navrhuje koncept\u00a0Strednej Eur\u00f3py (Mitteleuropa), ktor\u00fd m\u00e1 dlh\u00e9 korene ako priestor medzi V\u00fdchodom a\u00a0Z\u00e1padom. Slovensko, \u010cesko, Rak\u00fasko, \u0160vaj\u010diarsko, Srbsko, Chorv\u00e1tsko \u010di Taliansko\u00a0za\u010d\u00ednaj\u00fa h\u013eada\u0165 sp\u00f4soby dial\u00f3gu s Ruskom.\u00a0\u201e\u010co m\u00f4\u017ee Rusko pon\u00faknu\u0165 Mitteleurope? Ve\u013ea vec\u00ed. Podp\u00edsa\u0165 zmluvu o vz\u00e1jomnej bezpe\u010dnosti a ne\u00fato\u010den\u00ed. Rusko nevid\u00ed \u017eiadnu zo spom\u00ednan\u00fdch kraj\u00edn ako hrozbu. Moskva m\u00f4\u017ee pon\u00faknu\u0165 energetick\u00fa dohodu. M\u00f4\u017ee poskytn\u00fa\u0165 \u0161t\u00e1tom regi\u00f3nu zaru\u010den\u00fd tok zdrojov. Rusko m\u00f4\u017ee pon\u00faknu\u0165 obchodn\u00fa dohodu, ktor\u00e1 otvor\u00ed tok vz\u00e1jomn\u00e9ho obchodu, invest\u00edci\u00ed a cestovn\u00e9ho ruchu. Poviete si: a \u010do pravidl\u00e1 E\u00da, tie to nedovo\u013euj\u00fa! Tak cho\u010fte do vojny. Alebo zme\u0148te pravidl\u00e1 Bruselu. Budete si musie\u0165 vybra\u0165 jednu z t\u00fdchto dvoch mo\u017enost\u00ed. Krajiny strednej Eur\u00f3py by bojovali za svoje z\u00e1ujmy ove\u013ea v\u00e4\u010d\u0161ou silou, ak by videli jasn\u00fa a pozit\u00edvnu alternat\u00edvu k bud\u00facnosti pod diktat\u00farou eurobyrokracie,\u201c navrhuje Bezrukov.<\/p>\n<p>A\u00a0z\u00e1rove\u0148 upozor\u0148uje na osud Nemecka, ktor\u00e9 sa nach\u00e1dza na kri\u017eovatke. Anglosasi tla\u010dia slab\u00fa a naivn\u00fa severn\u00fa Eur\u00f3pu a s \u0148ou aj Nemecko do konfront\u00e1cie s Ruskom, ale v Nemecku je st\u00e1le dostatok s\u00edl, ktor\u00e9 odol\u00e1vaj\u00fa vyhliadke na tretiu historick\u00fa samovra\u017edu. A\u00a0Po\u013esko sa tie\u017e bude musie\u0165 rozhodn\u00fa\u0165, \u010di chce \u017ei\u0165 v svojej vlastnej \u017eeleznej opone, alebo by\u0165 pri stole.<\/p>\n","protected":false},"excerpt":{"rendered":"Lenka Mayerov\u00e1, \u0161\u00e9fredaktorka Extra plus: Pred p\u00e1r d\u0148ami ma zaujal koment\u00e1r Andreja Bezrukova na port\u00e1li Ria Novosti s\u00a0titulkom&hellip;\n","protected":false},"author":2,"featured_media":170246,"comment_status":"","ping_status":"","sticky":false,"template":"","format":"standard","meta":{"footnotes":"","_share_on_mastodon":"0"},"categories":[3],"tags":[1285,66,57,56,55,1284,1283,48196,142,43,40,42,36,1282],"class_list":["post-170245","post","type-post","status-publish","format-standard","has-post-thumbnail","category-europa","tag-casopis","tag-ekonomika","tag-eu","tag-europa","tag-europe","tag-extra-plus","tag-hospodarstvo","tag-kde-bude-zapad-viest-vojnu-s-ruskom","tag-politika","tag-sk","tag-slovak","tag-slovencina","tag-spravy","tag-zahranicie"],"share_on_mastodon":{"url":"https:\/\/pubeurope.com\/@sk\/117212043421057413","error":""},"_links":{"self":[{"href":"https:\/\/www.europesays.com\/sk\/wp-json\/wp\/v2\/posts\/170245","targetHints":{"allow":["GET"]}}],"collection":[{"href":"https:\/\/www.europesays.com\/sk\/wp-json\/wp\/v2\/posts"}],"about":[{"href":"https:\/\/www.europesays.com\/sk\/wp-json\/wp\/v2\/types\/post"}],"author":[{"embeddable":true,"href":"https:\/\/www.europesays.com\/sk\/wp-json\/wp\/v2\/users\/2"}],"replies":[{"embeddable":true,"href":"https:\/\/www.europesays.com\/sk\/wp-json\/wp\/v2\/comments?post=170245"}],"version-history":[{"count":0,"href":"https:\/\/www.europesays.com\/sk\/wp-json\/wp\/v2\/posts\/170245\/revisions"}],"wp:featuredmedia":[{"embeddable":true,"href":"https:\/\/www.europesays.com\/sk\/wp-json\/wp\/v2\/media\/170246"}],"wp:attachment":[{"href":"https:\/\/www.europesays.com\/sk\/wp-json\/wp\/v2\/media?parent=170245"}],"wp:term":[{"taxonomy":"category","embeddable":true,"href":"https:\/\/www.europesays.com\/sk\/wp-json\/wp\/v2\/categories?post=170245"},{"taxonomy":"post_tag","embeddable":true,"href":"https:\/\/www.europesays.com\/sk\/wp-json\/wp\/v2\/tags?post=170245"}],"curies":[{"name":"wp","href":"https:\/\/api.w.org\/{rel}","templated":true}]}}