{"id":170269,"date":"2026-09-04T09:48:21","date_gmt":"2026-09-04T09:48:21","guid":{"rendered":"https:\/\/www.europesays.com\/sk\/170269\/"},"modified":"2026-09-04T09:48:21","modified_gmt":"2026-09-04T09:48:21","slug":"spurs-v-znameni-riadnych-zmien-dubravkovi-traja-spoluhraci-mozu-byt-na-odchode","status":"publish","type":"post","link":"https:\/\/www.europesays.com\/sk\/170269\/","title":{"rendered":"Spurs v znamen\u00ed riadnych zmien: D\u00fabravkovi traja spoluhr\u00e1\u010di m\u00f4\u017eu by\u0165 na odchode"},"content":{"rendered":"<p>\t<a href=\"https:\/\/sportky.zoznam.sk\/g\/493493\/spurs-v-znameni-riadnych-zmien-dubravkovi-traja-spoluhraci-mozu-byt-na-odchode?image=1193205\" title=\"Richarlison\" rel=\"nofollow noopener\" target=\"_blank\">\t\t\t<img decoding=\"async\" loading=\"lazy\" src=\"https:\/\/www.europesays.com\/sk\/wp-content\/uploads\/2026\/09\/premier-league-tottenham-hotspur-1193205.jpg\"  alt=\"Richarlison\"\/><\/a>Richarlison\t\t\t Zdroj: SITA\/AP\/Ian Walton\t\t\t\t<\/p>\n<p>\t\t\t<a class=\"box-article-author-image\"><br \/>\n\t\t\t\t<img decoding=\"async\" src=\"https:\/\/sportky.zoznam.sk\/static\/2019_default\/img\/author.svg\"\/><br \/>\n\t\t\t<\/a><\/p>\n<p class=\"perex\">LOND\u00ddN &#8211; Tr\u00e9ner anglick\u00e9ho futbalov\u00e9ho klubu Tottenham Hotspur Roberto De Zerbi informoval, \u017ee trojica Richarlison, Kevin Danso a Pape Matar Sarr chce od\u00eds\u0165 z t\u00edmu.\t<\/p>\n<p>V\u0161etci traja spomenut\u00ed hr\u00e1\u010di neboli na z\u00e1pasovej s\u00fapiske v sobot\u0148aj\u0161om ligovom stretnut\u00ed s Newcastlom. Vedenie klubu zatia\u013e odmietlo ponuku na hos\u0165ovanie Dansa v Sunderlande. Pod\u013ea Sky Sports prejavil Juventus Tur\u00edn z\u00e1ujem o anga\u017eovanie Sarra.<\/p>\n<p>&#13;<br \/>\n&#13;<\/p>\n<p>\u201eRicharlison, ja neviem. U\u017e ve\u013eakr\u00e1t povedal, \u017ee chce od\u00eds\u0165. Danso pri\u0161iel za mnou pred dvoma d\u0148ami s t\u00fdm, \u017ee m\u00e1 z\u00e1ujem \u00eds\u0165 niekde inde. To ist\u00e9 plat\u00ed aj o Pape Sarrovi. S\u00fa to skvel\u00ed chalani, ale ak chc\u00fa od\u00eds\u0165, tak to mus\u00ed d\u00e1va\u0165 pre klub ekonomick\u00fd zmysel. My potom n\u00e1jdeme za nich n\u00e1hradu,\u201c povedal De Zerbi na poz\u00e1pasovej tla\u010dovej konferencii.<\/p>\n<p>&#13;<br \/>\n&#13;<\/p>\n<p>Jeho t\u00edm neza\u017e\u00edva ide\u00e1lny \u0161tart do nov\u00e9ho ro\u010dn\u00edka Premier League, v priebe\u017enej tabu\u013eke je po dvoch prehr\u00e1ch na poslednej poz\u00edcii. Po\u010das leta pritom klub investoval viac ako 350 mili\u00f3nov eur do pos\u00edl, medzi nov\u00e9 tv\u00e1re sa zaradil aj slovensk\u00fd brank\u00e1r Martin D\u00fabravka.<\/p>\n<p>&#13;<\/p>\n<p>\t\t\tAutor: \u00a9 Zoznam\/\t\t\tZdroj: TASR\t<\/p>\n","protected":false},"excerpt":{"rendered":"Richarlison Zdroj: SITA\/AP\/Ian Walton LOND\u00ddN &#8211; Tr\u00e9ner anglick\u00e9ho futbalov\u00e9ho klubu Tottenham Hotspur Roberto De Zerbi informoval, \u017ee trojica&hellip;\n","protected":false},"author":2,"featured_media":170270,"comment_status":"","ping_status":"","sticky":false,"template":"","format":"standard","meta":{"footnotes":"","_share_on_mastodon":"0"},"categories":[13],"tags":[48197,4214,48199,2646,48198,29471,43,40,39,42,41,69,68,7530],"class_list":["post-170269","post","type-post","status-publish","format-standard","has-post-thumbnail","category-sport","tag-kevin-danso","tag-martin-dubravka","tag-pape-matar-sarr","tag-premier-league","tag-richarlison","tag-roberto-de-zerbi","tag-sk","tag-slovak","tag-slovakia","tag-slovencina","tag-slovensko","tag-sport","tag-sports","tag-tottenham-hotspur"],"share_on_mastodon":{"url":"https:\/\/pubeurope.com\/@sk\/117212145996616007","error":""},"_links":{"self":[{"href":"https:\/\/www.europesays.com\/sk\/wp-json\/wp\/v2\/posts\/170269","targetHints":{"allow":["GET"]}}],"collection":[{"href":"https:\/\/www.europesays.com\/sk\/wp-json\/wp\/v2\/posts"}],"about":[{"href":"https:\/\/www.europesays.com\/sk\/wp-json\/wp\/v2\/types\/post"}],"author":[{"embeddable":true,"href":"https:\/\/www.europesays.com\/sk\/wp-json\/wp\/v2\/users\/2"}],"replies":[{"embeddable":true,"href":"https:\/\/www.europesays.com\/sk\/wp-json\/wp\/v2\/comments?post=170269"}],"version-history":[{"count":0,"href":"https:\/\/www.europesays.com\/sk\/wp-json\/wp\/v2\/posts\/170269\/revisions"}],"wp:featuredmedia":[{"embeddable":true,"href":"https:\/\/www.europesays.com\/sk\/wp-json\/wp\/v2\/media\/170270"}],"wp:attachment":[{"href":"https:\/\/www.europesays.com\/sk\/wp-json\/wp\/v2\/media?parent=170269"}],"wp:term":[{"taxonomy":"category","embeddable":true,"href":"https:\/\/www.europesays.com\/sk\/wp-json\/wp\/v2\/categories?post=170269"},{"taxonomy":"post_tag","embeddable":true,"href":"https:\/\/www.europesays.com\/sk\/wp-json\/wp\/v2\/tags?post=170269"}],"curies":[{"name":"wp","href":"https:\/\/api.w.org\/{rel}","templated":true}]}}